{"id":164,"date":"2024-10-07T10:17:03","date_gmt":"2024-10-07T10:17:03","guid":{"rendered":"https:\/\/daily24.pl.ua\/?p=164"},"modified":"2024-10-07T10:17:03","modified_gmt":"2024-10-07T10:17:03","slug":"marcin-romanowski-nie-stawi-sie-w-prokuraturze-jego-obronca-tlumaczy","status":"publish","type":"post","link":"https:\/\/daily24.pl.ua\/?p=164","title":{"rendered":"Marcin Romanowski nie stawi si\u0119 w prokuraturze. Jego obro\u0144ca t\u0142umaczy"},"content":{"rendered":"\n<p><a href=\"https:\/\/www.fakt.pl\/autorzy\/kamil-jaworski\"><\/a><\/p>\n\n\n\n<p>Na poniedzia\u0142ek 7 pa\u017adziernika Prokuratura Krajowa powt\u00f3rnie wezwa\u0142a by\u0142ego wiceministra sprawiedliwo\u015bci,<\/p>\n\n\n\n<p> polityka Suwerennej Polski i pos\u0142a klubu PiS Marcina Romanowskiego,<\/p>\n\n\n\n<p> aby przedstawi\u0107 mu zarzuty oraz przes\u0142ucha\u0107 go w charakterze podejrzanego. Polityk nie stawi si\u0119 na wezwanie \u015bledczych.<\/p>\n\n\n\n<p>O tym, \u017ce Romanowski nie stawi si\u0119 w prokuraturze, poinformowa\u0142 obro\u0144ca polityka mec. Bartosz Lewandowski. Portal tvn24.pl opublikowa\u0142 tre\u015b\u0107 o\u015bwiadczenia obro\u0144cy. Informacj\u0119 o tym, \u017ce Romanowski si\u0119 nie stawi, jako pierwsze poda\u0142o Radio Zet.<\/p>\n\n\n\n<p>Marcin Romanowski nie stawi si\u0119 na wezwanie prokuratury<br>Mec. Bartosz Lewandowski przekaza\u0142 TVN24, \u017ce polityk Suwerennej Polski i by\u0142y wiceminister sprawiedliwo\u015bci nie stawi si\u0119 7 pa\u017adziernika na wezwanie prokuratury.<\/p>\n\n\n\n<p>Lewandowski poda\u0142, \u017ce w poniedzia\u0142ek 7 pa\u017adziernika rano &#171;zosta\u0142o drog\u0105 elektroniczn\u0105 przes\u0142ane do Prokuratury obszerne pismo, w kt\u00f3rym wskazano na szereg przeszk\u00f3d formalnych zwi\u0105zanych z niemo\u017cno\u015bci\u0105 przeprowadzenia przez Prokuratur\u0119 czynno\u015bci&#187;.<\/p>\n\n\n\n<p>Wymieniono: &#171;brak skutecznego przed\u0142u\u017cenia \u015bledztwa, konieczno\u015b\u0107 umorzenia post\u0119powania, niemo\u017cliwo\u015b\u0107 ponownego dokonania czynno\u015bci przedstawienia zarzut\u00f3w, kt\u00f3ra ju\u017c nast\u0105pi\u0142a&#187;.<\/p>\n\n\n\n<p>&#171;Wskazano jednak r\u00f3wnie\u017c na usprawiedliwion\u0105 przeszkod\u0119, kt\u00f3ra uniemo\u017cliwia mojemu Klientowi wzi\u0119cia udzia\u0142u w przes\u0142uchaniu&#187; \u2014 przekaza\u0142 mecenas w TVN24.<\/p>\n\n\n\n<p>Sprawa Marcina Romanowskiego<br>Romanowski zosta\u0142 zatrzymany 15 lipca i us\u0142ysza\u0142 w prokuraturze 11 zarzut\u00f3w, kt\u00f3re dotycz\u0105 m.in. udzia\u0142u w zorganizowanej grupie przest\u0119pczej, a tak\u017ce ustawiania konkurs\u00f3w na pieni\u0105dze z Funduszu Sprawiedliwo\u015bci. Jak podawali \u015bledczy, najwa\u017cniejsze dowody to wyja\u015bnienia podejrzanych Tomasza M. i Piotra W., zeznania \u015bwiadk\u00f3w, dokumentacja dotycz\u0105ca post\u0119powa\u0144 o udzielenie dotacji z funduszu oraz analizy zabezpieczonych dokument\u00f3w i elektronicznych no\u015bnik\u00f3w danych.<\/p>\n\n\n\n<p>Polityk Suwerennej Polski nie przyzna\u0142 si\u0119 do pope\u0142nienia zarzucanych mu czyn\u00f3w i z\u0142o\u017cy\u0142 obszerne wyja\u015bnienia, w tym r\u00f3wnie\u017c co do tre\u015bci stawianych mu zarzut\u00f3w. Romanowski twierdzi, \u017ce dzia\u0142ania prokuratury maj\u0105 &#171;charakter oczywistych represji politycznych&#187;.<\/p>\n\n\n\n<p>Nast\u0119pnie 16 lipca Romanowski wyszed\u0142 na wolno\u015b\u0107 dzi\u0119ki decyzji S\u0105du Rejonowego dla Warszawy-Mokotowa, kt\u00f3ry oceni\u0142, \u017ce pos\u0142a chroni immunitet Zgromadzenia Parlamentarnego Rady Europy. Ze stanowiskiem tym nie zgodzi\u0142a si\u0119 prokuratura, wed\u0142ug kt\u00f3rej analiza prawna, m.in. trzech ekspert\u00f3w prawa mi\u0119dzynarodowego, wskazuje, i\u017c zakres ochrony immunitetowej dotycz\u0105cy Romanowskiego w ZP Rady Europy nie obejmuje zarzucanych mu czyn\u00f3w.<\/p>\n\n\n\n<p>W \u015brod\u0119 2 pa\u017adziernika Zgromadzenie Parlamentarne Rady Europy zdecydowa\u0142o o uchyleniu immunitetu Marcinowi Romanowskiemu na wniosek skierowany przez prokuratora generalnego Adama Bodnara.<\/p>\n\n\n\n<p><\/p>\n","protected":false},"excerpt":{"rendered":"Na poniedzia\u0142ek 7 pa\u017adziernika Prokuratura Krajowa powt\u00f3rnie wezwa\u0142a by\u0142ego wiceministra sprawiedliwo\u015bci, polityka Suwerennej Polski i pos\u0142a klubu PiS Marcina Romanowskiego, aby przedstawi\u0107 mu \n<a class=\"moretag\" href=\"https:\/\/daily24.pl.ua\/?p=164\"> [...]<\/a>","protected":false},"author":1,"featured_media":165,"comment_status":"open","ping_status":"open","sticky":false,"template":"","format":"standard","meta":{"footnotes":""},"categories":[1],"tags":[],"class_list":["post-164","post","type-post","status-publish","format-standard","has-post-thumbnail","hentry","category-blog"],"_links":{"self":[{"href":"https:\/\/daily24.pl.ua\/index.php?rest_route=\/wp\/v2\/posts\/164","targetHints":{"allow":["GET"]}}],"collection":[{"href":"https:\/\/daily24.pl.ua\/index.php?rest_route=\/wp\/v2\/posts"}],"about":[{"href":"https:\/\/daily24.pl.ua\/index.php?rest_route=\/wp\/v2\/types\/post"}],"author":[{"embeddable":true,"href":"https:\/\/daily24.pl.ua\/index.php?rest_route=\/wp\/v2\/users\/1"}],"replies":[{"embeddable":true,"href":"https:\/\/daily24.pl.ua\/index.php?rest_route=%2Fwp%2Fv2%2Fcomments&post=164"}],"version-history":[{"count":1,"href":"https:\/\/daily24.pl.ua\/index.php?rest_route=\/wp\/v2\/posts\/164\/revisions"}],"predecessor-version":[{"id":166,"href":"https:\/\/daily24.pl.ua\/index.php?rest_route=\/wp\/v2\/posts\/164\/revisions\/166"}],"wp:featuredmedia":[{"embeddable":true,"href":"https:\/\/daily24.pl.ua\/index.php?rest_route=\/wp\/v2\/media\/165"}],"wp:attachment":[{"href":"https:\/\/daily24.pl.ua\/index.php?rest_route=%2Fwp%2Fv2%2Fmedia&parent=164"}],"wp:term":[{"taxonomy":"category","embeddable":true,"href":"https:\/\/daily24.pl.ua\/index.php?rest_route=%2Fwp%2Fv2%2Fcategories&post=164"},{"taxonomy":"post_tag","embeddable":true,"href":"https:\/\/daily24.pl.ua\/index.php?rest_route=%2Fwp%2Fv2%2Ftags&post=164"}],"curies":[{"name":"wp","href":"https:\/\/api.w.org\/{rel}","templated":true}]}}