{"id":18,"date":"2024-10-04T10:43:54","date_gmt":"2024-10-04T10:43:54","guid":{"rendered":"https:\/\/daily24.pl.ua\/?p=18"},"modified":"2026-02-25T11:32:34","modified_gmt":"2026-02-25T11:32:34","slug":"potworna-tragedia-12-letni-marcelek-spocznie-w-grobie-ze-swoim-tata-pekla-nam-rodzina","status":"publish","type":"post","link":"https:\/\/daily24.pl.ua\/?p=18","title":{"rendered":"Potworna tragedia. 12-letni Marcelek spocznie w grobie ze swoim tat\u0105. &#171;P\u0119k\u0142a nam rodzina&#187;"},"content":{"rendered":"\n<p>Marcel kilkana\u015bcie dni temu obchodzi\u0142 swoje 12. urodziny.<\/p>\n\n\n\n<p> By\u0142 zdolnym m\u0142odym pi\u0142karzem.<\/p>\n\n\n\n<p> Razem z tat\u0105 zgin\u0105\u0142 w potwornym wypadku. Teraz spoczn\u0105 razem w jednym grobie. Rodzinie p\u0119k\u0142o serce.<\/p>\n\n\n\n<p>Straszna tragedia wydarzy\u0142a si\u0119 w sobotni wiecz\u00f3r, 28 wrze\u015bnia w G\u0119barzewie pod Gnieznem (woj. wielkopolskie). 12-letni Marcelek jecha\u0142 ze swoim tat\u0105 Marcinem motorem. Nagle drog\u0119 zajecha\u0142 im bus. Nie da\u0142o si\u0119 unikn\u0105\u0107 tragedii. Na miejsce natychmiast przyjecha\u0142o pogotowie. Ratownicy reanimowali 42-letniego Marcina, Marcelek by\u0142 uwi\u0119ziony pod busem. Stra\u017cacy musieli najpierw go stamt\u0105d wydosta\u0107. Na miejscu wyl\u0105dowa\u0142 helikopter gotowy w ka\u017cdej chwilo zabra\u0107 rannych do szpitala.<\/p>\n\n\n\n<p>Marcel i jego tata zgin\u0119li w potwornym wypadku w G\u0119barzewie<br>Pomimo nadludzkich wysi\u0142k\u00f3w ratownikom nie uda\u0142o si\u0119 uratowa\u0107 ani ch\u0142opca, ani jego taty. 12-letni Marcel by\u0142 m\u0142odym, obiecuj\u0105cym pi\u0142karzem klubu w \u017bydowie. Zaledwie kilka dni wcze\u015bniej \u015bwi\u0119towa\u0142 swoje urodziny. Mia\u0142 wielkie plany na przysz\u0142o\u015b\u0107. Marzy\u0142a mu si\u0119 kariera pi\u0142karza. Jego tata mia\u0142 w niedziel\u0119, 29 wrze\u015bnia obchodzi\u0107 swoje 43. urodziny. Tragedia przekre\u015bli\u0142a wszystkie ich plany.<\/p>\n\n\n\n<p>W dniu wczorajszym p\u0119k\u0142a nam rodzina&#187; \u2013 napisa\u0142a we wzruszaj\u0105cym wpisie siostra cioteczna Marcelka. &#171;Marcin by\u0142 chrze\u015bniakiem mojej mamy, a Marcelek by\u0142 chrze\u015bniakiem mojej siostry&#187; \u2013 doda\u0142a, dzi\u0119kuj\u0105c wszystkim za s\u0142owa wsparcia i informacje o potwornym wypadku. &#171;Wszystkie portale informacyjne pisz\u0105 o wypadku i s\u0105 z nami ca\u0142ym sercem&#187; \u2013 przyzna\u0142a pogr\u0105\u017cona w \u017ca\u0142obie kuzynka Marcelka.<\/p>\n\n\n\n<p>Tata i syn spoczn\u0105 w jednym grobie<br>Marcelka po\u017cegna\u0142 te\u017c jego klub Pelikan Fara \u017bydowo. Wszyscy rozpaczaj\u0105 nad tym, \u017ce tata i jego synek odeszli za wcze\u015bnie. &#171;3 tygodnie temu jeszcze gadali\u015bmy i \u015bmiali\u015bmy si\u0119 w galerii\u2026szkoda s\u0142\u00f3w na to, co si\u0119 sta\u0142o&#187; \u2013 napisa\u0142 jeden ze znajomych rodziny. Pod wpisem o tragedii pojawi\u0142y si\u0119 setki czarnych serc. &#171;Odeszli\u015bcie od nas za szybko&#187; \u2013 napisano na portalu So\u0142ectwa Jelitowo\u2013\u017b\u00f3\u0142cz.<\/p>\n\n\n\n<p>Zobacz tak\u017ce<\/p>\n\n\n\n<p>Marcelek i jego tata Marcin, zostan\u0105 pochowani w sobot\u0119, 5 pa\u017adziernika na cmentarzu w Czerniejewie. Spoczn\u0105 w jednym grobie. W po\u0142udnie w ko\u015bciele pw. \u015bw. Jana Chrzciciela w Czerniejewie odb\u0119dzie si\u0119 msza \u017ca\u0142obna, a p\u00f3\u017aniej zmarli zostan\u0105 odprowadzeni na miejsce wiecznego spoczynku.<\/p>\n\n\n\n<p>Krzycza\u0142, \u017ce musi j\u0105 zabi\u0107. 90-letnia pani Maria opowiedzia\u0142a o napadzie reporterowi \u201eFaktu\u201d<\/p>\n\n\n\n<p>Tragedia w Szaflarach. Zgin\u0119\u0142a kursantka. Egzaminator przerywa milczenie. Wstrz\u0105saj\u0105ce s\u0142owa<\/p>\n\n\n\n<figure class=\"wp-block-image\" id=\"slide-1\"><img decoding=\"async\" src=\"https:\/\/ocdn.eu\/pulscms-transforms\/1\/4Bqk9kuTURBXy85N2E4ZWVmYy0zMmQ3LTQ5MDktYmMyNC0wNTY5MTRjMTVhNjUuanBlZ5GTAs0DSM0B2N4AAqEwAaExAQ\" alt=\"\"\/><\/figure>\n\n\n\n<p>Marcel i jego tata spoczn\u0105 w jednym grobie.<\/p>\n\n\n\n<figure class=\"wp-block-image\" id=\"slide-2\"><img decoding=\"async\" src=\"https:\/\/ocdn.eu\/pulscms-transforms\/1\/BTQk9kuTURBXy83OGYzNmM3OC1lZDNiLTQwN2QtODcxMy01NTU0YTU0M2JhNWYuanBlZ5GTAs0DSM0EYN4AAqEwAaExAQ\" alt=\"\"\/><\/figure>\n\n\n\n<p>Marcel i jego tata zgin\u0119li w potwornym wypadku w G\u0119barzewie.<\/p>\n\n\n\n<figure class=\"wp-block-image\" id=\"slide-3\"><img decoding=\"async\" src=\"https:\/\/ocdn.eu\/pulscms-transforms\/1\/yzLk9kuTURBXy83NDc1ZmIzZC1jODAyLTQzODYtYTY0ZS1jNzc4NGUyMjQ1MGUuanBlZ5GTAs0DSM0CUt4AAqEwAaExAQ\" alt=\"\"\/><\/figure>\n\n\n\n<p>Marcel i Marcin zgin\u0119li po zderzeniu z busem.<\/p>\n\n\n\n<figure class=\"wp-block-image\" id=\"slide-4\"><img decoding=\"async\" src=\"https:\/\/ocdn.eu\/pulscms-transforms\/1\/kmMk9kuTURBXy8yNTU4MWNhZS0yN2IzLTQwZDEtYjhlYy1lN2FkMjM2ZTRjOTkuanBlZ5GTAs0DSM0B2N4AAqEwAaExAQ\" alt=\"\"\/><\/figure>\n\n\n\n<p>Tata i jego syn jechali motorem.<\/p>\n\n\n\n<figure class=\"wp-block-image\" id=\"slide-5\"><img decoding=\"async\" src=\"https:\/\/ocdn.eu\/pulscms-transforms\/1\/2WGk9kuTURBXy8zMjBlY2JiMi03OGUyLTRlMmItYmJkOC04NTM2MGNhYzgyZjguanBlZ5GTAs0DSM0B2N4AAqEwAaExAQ\" alt=\"\"\/><\/figure>\n\n\n\n<p>Zgin\u0119li w potwornym wypadku.<\/p>\n","protected":false},"excerpt":{"rendered":"Marcel kilkana\u015bcie dni temu obchodzi\u0142 swoje 12. urodziny. By\u0142 zdolnym m\u0142odym pi\u0142karzem. Razem z tat\u0105 zgin\u0105\u0142 w potwornym wypadku. Teraz spoczn\u0105 razem w \n<a class=\"moretag\" href=\"https:\/\/daily24.pl.ua\/?p=18\"> [...]<\/a>","protected":false},"author":1,"featured_media":20,"comment_status":"open","ping_status":"open","sticky":false,"template":"","format":"standard","meta":{"footnotes":""},"categories":[1],"tags":[],"class_list":["post-18","post","type-post","status-publish","format-standard","has-post-thumbnail","hentry","category-blog"],"_links":{"self":[{"href":"https:\/\/daily24.pl.ua\/index.php?rest_route=\/wp\/v2\/posts\/18","targetHints":{"allow":["GET"]}}],"collection":[{"href":"https:\/\/daily24.pl.ua\/index.php?rest_route=\/wp\/v2\/posts"}],"about":[{"href":"https:\/\/daily24.pl.ua\/index.php?rest_route=\/wp\/v2\/types\/post"}],"author":[{"embeddable":true,"href":"https:\/\/daily24.pl.ua\/index.php?rest_route=\/wp\/v2\/users\/1"}],"replies":[{"embeddable":true,"href":"https:\/\/daily24.pl.ua\/index.php?rest_route=%2Fwp%2Fv2%2Fcomments&post=18"}],"version-history":[{"count":1,"href":"https:\/\/daily24.pl.ua\/index.php?rest_route=\/wp\/v2\/posts\/18\/revisions"}],"predecessor-version":[{"id":21,"href":"https:\/\/daily24.pl.ua\/index.php?rest_route=\/wp\/v2\/posts\/18\/revisions\/21"}],"wp:featuredmedia":[{"embeddable":true,"href":"https:\/\/daily24.pl.ua\/index.php?rest_route=\/wp\/v2\/media\/20"}],"wp:attachment":[{"href":"https:\/\/daily24.pl.ua\/index.php?rest_route=%2Fwp%2Fv2%2Fmedia&parent=18"}],"wp:term":[{"taxonomy":"category","embeddable":true,"href":"https:\/\/daily24.pl.ua\/index.php?rest_route=%2Fwp%2Fv2%2Fcategories&post=18"},{"taxonomy":"post_tag","embeddable":true,"href":"https:\/\/daily24.pl.ua\/index.php?rest_route=%2Fwp%2Fv2%2Ftags&post=18"}],"curies":[{"name":"wp","href":"https:\/\/api.w.org\/{rel}","templated":true}]}}