{"id":30666,"date":"2026-02-07T12:40:00","date_gmt":"2026-02-07T12:40:00","guid":{"rendered":"https:\/\/daily24.pl.ua\/?p=30666"},"modified":"2026-02-07T12:40:00","modified_gmt":"2026-02-07T12:40:00","slug":"afera-po-ceremonii-otwarcia-io-haniebne-jak-potraktowali-nawrockiego-w-tvp","status":"publish","type":"post","link":"https:\/\/daily24.pl.ua\/?p=30666","title":{"rendered":"Afera po ceremonii otwarcia IO. Haniebne, jak potraktowali Nawrockiego w TVP"},"content":{"rendered":"\n<p>Relacja z ceremonii otwarcia zimowych igrzysk olimpijskich mia\u0142a by\u0107 sportowym \u015bwi\u0119tem i spokojnym pocz\u0105tkiem mi\u0119dzynarodowej rywalizacji. <\/p>\n\n\n\n<p>Zamiast tego nawet w czasie samej transmisji z W\u0142och pojawi\u0142y si\u0119 pytania, pretensje i polityczne komentarze.<\/p>\n\n\n\n<p> Uwag\u0119 widz\u00f3w przyku\u0142o to, o czym podczas relacji powiedziano, a tak\u017ce to, czego zabrak\u0142o. Niebywa\u0142e, jak TVP potraktowa\u0142a Karola Nawrockiego. Wielu Polak\u00f3w b\u0119dzie rozczarowanych.<\/p>\n\n\n\n<p>Co dok\u0142adnie pad\u0142o w transmisji TVP z Mediolanu<br>Reakcje polityk\u00f3w i ekspert\u00f3w na pomini\u0119cie prezydenta<br>Krytyka widz\u00f3w i pytania o standardy medi\u00f3w publicznych<br>Nies\u0142ychane, jak TVP potraktowa\u0142o Nawrockiego. W kraju poruszenie<br>Relacj\u0119 z ceremonii otwarcia zimowych igrzysk olimpijskich w Mediolanie i Cortinie d\u2019Ampezzo prowadzili na antenie Telewizji Polskiej komentatorzy Piotr Sobczy\u0144ski i Marek Rudzi\u0144ski. W trakcie transmisji zwr\u00f3cili oni uwag\u0119 na obecno\u015b\u0107 ministra sportu Jakuba Rutnickiego, kt\u00f3ry by\u0142 obecny na stadionie San Siro razem z zagranicznymi delegacjami.<\/p>\n\n\n\n<p>Widzowie us\u0142yszeli informacje o tym, \u017ce minister spotyka\u0142 si\u0119 z innymi ministrami sportu, prowadzi\u0142 rozmowy kuluarowe oraz bra\u0142 udzia\u0142 w dzia\u0142aniach promuj\u0105cych ewentualn\u0105 kandydatur\u0119 Polski do organizacji letnich igrzysk olimpijskich w przysz\u0142o\u015bci. Ten w\u0105tek by\u0142 omawiany przez kilka minut i przedstawiony jako istotny element obecno\u015bci polskiej delegacji na igrzyskach.<\/p>\n\n\n\n<p>Jednocze\u015bnie podczas ca\u0142ej relacji nie pojawi\u0142a si\u0119 \u017cadna wzmianka o obecno\u015bci prezydenta RP Karola Nawrockiego, kt\u00f3ry r\u00f3wnie\u017c znajdowa\u0142 si\u0119 na stadionie i bra\u0142 udzia\u0142 w ceremonii otwarcia. Brak tej informacji szybko zauwa\u017cy\u0142a cz\u0119\u015b\u0107 widz\u00f3w, zw\u0142aszcza \u017ce udzia\u0142 g\u0142owy pa\u0144stwa w wydarzeniu tej rangi jest zazwyczaj podkre\u015blany w transmisjach publicznego nadawcy.<\/p>\n\n\n\n<blockquote class=\"twitter-tweet\"><p lang=\"pl\" dir=\"ltr\">Marek Rudzi\u0144ski i Piotr Sobczy\u0144ski zapraszaj\u0105 na ceremoni\u0119 otwarcia Zimowych Igrzysk Olimpijskich <br><br>Na co dzi\u015b najbardziej czekaj\u0105?<br><br> TRANSMISJA  <a href=\"https:\/\/t.co\/KkyyNAGE71\">https:\/\/t.co\/KkyyNAGE71<\/a> <a href=\"https:\/\/t.co\/7AUxbugVp9\">pic.twitter.com\/7AUxbugVp9<\/a><\/p>&mdash; TVP SPORT (@sport_tvppl) <a href=\"https:\/\/twitter.com\/sport_tvppl\/status\/2019838548849914204?ref_src=twsrc%5Etfw\">February 6, 2026<\/a><\/blockquote> <script async src=\"https:\/\/platform.twitter.com\/widgets.js\" charset=\"utf-8\"><\/script>\n\n\n\n<p>W sieci zamieszanie, eksperci wskazuj\u0105 na jedno<br>Krytyczne komentarze pojawi\u0142y si\u0119 niemal natychmiast po zako\u0144czeniu transmisji. Sprawa zosta\u0142a poruszona w mediach spo\u0142eczno\u015bciowych, gdzie g\u0142os zabra\u0142 m.in. Maciej Krzy\u017canowski, by\u0142y przedstawiciel prezydenta RP w Krajowej Radzie S\u0105downictwa. Zwr\u00f3ci\u0142 on uwag\u0119, \u017ce komentatorzy szczeg\u00f3\u0142owo m\u00f3wili o ministrze sportu, a jednocze\u015bnie ca\u0142kowicie pomin\u0119li obecno\u015b\u0107 prezydenta.<\/p>\n\n\n\n<p>Do sprawy odni\u00f3s\u0142 si\u0119 tak\u017ce dr hab. Stefan Biela\u0144ski, by\u0142y cz\u0142onek spo\u0142ecznej rady sportu. Przypomnia\u0142, \u017ce prezydent Karol Nawrocki przebywa\u0142 w Mediolanie nie tylko w zwi\u0105zku z igrzyskami, ale r\u00f3wnie\u017c odby\u0142 tam oficjalne spotkanie z premier W\u0142och Giorgi\u0105 Meloni. Jego zdaniem trudno uzna\u0107 brak jakiejkolwiek wzmianki o prezydencie za zwyk\u0142e przeoczenie.<br><\/p>\n\n\n\n<blockquote class=\"twitter-tweet\"><p lang=\"pl\" dir=\"ltr\">Panowie dziennikarze nie byli pierwszy raz na takiej imprezie. I powinni wiedzie\u0107, ze w Mediolanie jest obecny prezydent RP &#8212; by\u0142y dost\u0119pne zdj\u0119cia ze spotkania z premier Meloni. A tak to tylko zwyk\u0142a \u017cenada i nic wi\u0119cej. Osobi\u015bcie im si\u0119 dziwi\u0119&#8230; <a href=\"https:\/\/t.co\/MFKKR5UDCO\">https:\/\/t.co\/MFKKR5UDCO<\/a><\/p>&mdash; Stefan Biela\u0144ski (@StefanBielanski) <a href=\"https:\/\/twitter.com\/StefanBielanski\/status\/2019923196460310817?ref_src=twsrc%5Etfw\">February 6, 2026<\/a><\/blockquote> <script async src=\"https:\/\/platform.twitter.com\/widgets.js\" charset=\"utf-8\"><\/script>\n\n\n\n<p>Wypowiedzi te nie zawiera\u0142y bezpo\u015brednich oskar\u017ce\u0144, ale jasno sugerowa\u0142y, \u017ce sytuacja powinna zosta\u0107 wyja\u015bniona przez Telewizj\u0119 Polsk\u0105. W wielu komentarzach pojawia\u0142o si\u0119 pytanie, czy by\u0142o to niedopatrzenie, czy \u015bwiadoma decyzja redakcyjna.<\/p>\n\n\n\n<p>G\u0142os widz\u00f3w i pytania o rzetelno\u015b\u0107 relacji TVP<br>Najwi\u0119cej emocji wywo\u0142a\u0142y jednak reakcje zwyk\u0142ych widz\u00f3w. W mediach spo\u0142eczno\u015bciowych szybko pojawi\u0142y si\u0119 dziesi\u0105tki komentarzy krytykuj\u0105cych prac\u0119 komentator\u00f3w TVP. Cz\u0119\u015b\u0107 internaut\u00f3w zarzuca\u0142a im brak rzetelno\u015bci, inni wskazywali na mo\u017cliwy kontekst polityczny i brak neutralnego podej\u015bcia.<\/p>\n\n\n\n<p>Wielu u\u017cytkownik\u00f3w podkre\u015bla\u0142o, \u017ce media publiczne \u2013 niezale\u017cnie od tego, kto aktualnie sprawuje w\u0142adz\u0119 \u2013 powinny informowa\u0107 o obecno\u015bci najwy\u017cszych przedstawicieli pa\u0144stwa na wydarzeniach mi\u0119dzynarodowych. Pojawia\u0142y si\u0119 r\u00f3wnie\u017c pytania, czy podobna sytuacja mia\u0142aby miejsce, gdyby na trybunach zasiada\u0142 inny prezydent lub premier.<\/p>\n\n\n\n<p>Ca\u0142a sprawa pokaza\u0142a, jak szybko relacja sportowa mo\u017ce sta\u0107 si\u0119 tematem politycznej dyskusji i jak du\u017ce znaczenie dla odbiorc\u00f3w maj\u0105 nawet pozornie drobne elementy komentarza. Na ten moment Telewizja Polska ani sami komentatorzy nie odnie\u015bli si\u0119 oficjalnie do zarzut\u00f3w, jednak temat wci\u0105\u017c jest obecny w sieci i najpewniej jeszcze przez jaki\u015b czas b\u0119dzie wraca\u0142 w publicznej debacie.<\/p>\n\n\n\n<figure class=\"wp-block-image size-large\"><img loading=\"lazy\" decoding=\"async\" width=\"1024\" height=\"576\" src=\"https:\/\/daily24.pl.ua\/wp-content\/uploads\/2026\/02\/image-9-1024x576.png\" alt=\"\" class=\"wp-image-30668\" srcset=\"https:\/\/daily24.pl.ua\/wp-content\/uploads\/2026\/02\/image-9-1024x576.png 1024w, https:\/\/daily24.pl.ua\/wp-content\/uploads\/2026\/02\/image-9-300x169.png 300w, https:\/\/daily24.pl.ua\/wp-content\/uploads\/2026\/02\/image-9-768x432.png 768w, https:\/\/daily24.pl.ua\/wp-content\/uploads\/2026\/02\/image-9-1536x864.png 1536w, https:\/\/daily24.pl.ua\/wp-content\/uploads\/2026\/02\/image-9.png 1920w\" sizes=\"auto, (max-width: 1024px) 100vw, 1024px\" \/><\/figure>\n","protected":false},"excerpt":{"rendered":"Relacja z ceremonii otwarcia zimowych igrzysk olimpijskich mia\u0142a by\u0107 sportowym \u015bwi\u0119tem i spokojnym pocz\u0105tkiem mi\u0119dzynarodowej rywalizacji. Zamiast tego nawet w czasie samej transmisji \n<a class=\"moretag\" href=\"https:\/\/daily24.pl.ua\/?p=30666\"> [...]<\/a>","protected":false},"author":1,"featured_media":30667,"comment_status":"open","ping_status":"open","sticky":false,"template":"","format":"standard","meta":{"footnotes":""},"categories":[1],"tags":[],"class_list":["post-30666","post","type-post","status-publish","format-standard","has-post-thumbnail","hentry","category-blog"],"_links":{"self":[{"href":"https:\/\/daily24.pl.ua\/index.php?rest_route=\/wp\/v2\/posts\/30666","targetHints":{"allow":["GET"]}}],"collection":[{"href":"https:\/\/daily24.pl.ua\/index.php?rest_route=\/wp\/v2\/posts"}],"about":[{"href":"https:\/\/daily24.pl.ua\/index.php?rest_route=\/wp\/v2\/types\/post"}],"author":[{"embeddable":true,"href":"https:\/\/daily24.pl.ua\/index.php?rest_route=\/wp\/v2\/users\/1"}],"replies":[{"embeddable":true,"href":"https:\/\/daily24.pl.ua\/index.php?rest_route=%2Fwp%2Fv2%2Fcomments&post=30666"}],"version-history":[{"count":1,"href":"https:\/\/daily24.pl.ua\/index.php?rest_route=\/wp\/v2\/posts\/30666\/revisions"}],"predecessor-version":[{"id":30669,"href":"https:\/\/daily24.pl.ua\/index.php?rest_route=\/wp\/v2\/posts\/30666\/revisions\/30669"}],"wp:featuredmedia":[{"embeddable":true,"href":"https:\/\/daily24.pl.ua\/index.php?rest_route=\/wp\/v2\/media\/30667"}],"wp:attachment":[{"href":"https:\/\/daily24.pl.ua\/index.php?rest_route=%2Fwp%2Fv2%2Fmedia&parent=30666"}],"wp:term":[{"taxonomy":"category","embeddable":true,"href":"https:\/\/daily24.pl.ua\/index.php?rest_route=%2Fwp%2Fv2%2Fcategories&post=30666"},{"taxonomy":"post_tag","embeddable":true,"href":"https:\/\/daily24.pl.ua\/index.php?rest_route=%2Fwp%2Fv2%2Ftags&post=30666"}],"curies":[{"name":"wp","href":"https:\/\/api.w.org\/{rel}","templated":true}]}}