{"id":30675,"date":"2026-02-07T15:06:11","date_gmt":"2026-02-07T15:06:11","guid":{"rendered":"https:\/\/daily24.pl.ua\/?p=30675"},"modified":"2026-02-07T15:06:11","modified_gmt":"2026-02-07T15:06:11","slug":"wpadka-na-igrzyskach-chodzi-o-stroje-polakow-nikt-tego-nie-zauwazyl","status":"publish","type":"post","link":"https:\/\/daily24.pl.ua\/?p=30675","title":{"rendered":"Wpadka na Igrzyskach. Chodzi o stroje Polak\u00f3w. Nikt tego nie zauwa\u017cy\u0142"},"content":{"rendered":"\n<p>Ceremonia otwarcia zimowych igrzysk olimpijskich zawsze jest momentem, na kt\u00f3ry patrzy ca\u0142y sportowy \u015bwiat. <\/p>\n\n\n\n<p>To pierwsza okazja, by zobaczy\u0107 reprezentacje nie tylko w rywalizacji, ale te\u017c w oficjalnej, symbolicznej oprawie.<\/p>\n\n\n\n<p> Tym razem uwag\u0119 widz\u00f3w przyci\u0105gn\u0105\u0142 nie wynik sportowy ani przem\u00f3wienia, lecz co\u015b, czego ma\u0142o kto si\u0119 spodziewa\u0142. <\/p>\n\n\n\n<p>Wyst\u0119p polskiej kadry uruchomi\u0142 lawin\u0119 komentarzy i pyta\u0144 o decyzje podj\u0119te jeszcze d\u0142ugo przed igrzyskami.<\/p>\n\n\n\n<p>Nowy dostawca, du\u017ce oczekiwania i decyzje sprzed miesi\u0119cy<br>Jeden fason, dwa kraje. Sk\u0105d wzi\u0119\u0142o si\u0119 zamieszanie<br>Reakcje kibic\u00f3w i pytania o wizerunek reprezentacji<br>Nowy dostawca, du\u017ce oczekiwania i decyzje sprzed miesi\u0119cy<br>Za oficjalne stroje reprezentacji Polski podczas ceremonii otwarcia zimowych igrzysk olimpijskich 2026 odpowiada firma Adidas. To ju\u017c drugi raz, gdy niemiecki producent przygotowa\u0142 olimpijsk\u0105 kolekcj\u0119 dla Bia\u0142o-Czerwonych \u2013 wcze\u015bniej ubiera\u0142 polsk\u0105 kadr\u0119 tak\u017ce podczas letnich igrzysk w Pary\u017cu.<\/p>\n\n\n\n<p>Zmiana dostawcy kilka lat temu by\u0142a szeroko komentowana. Adidas przej\u0105\u0142 rol\u0119, kt\u00f3r\u0105 przez d\u0142ugi czas pe\u0142ni\u0142a polska marka 4F. Decyzja ta wi\u0105za\u0142a si\u0119 z du\u017cymi oczekiwaniami \u2013 kibice liczyli na nowoczesny styl, wysok\u0105 jako\u015b\u0107 i wyra\u017ane nawi\u0105zania do narodowych barw. Tym bardziej \u017ce ceremonie otwarcia igrzysk to moment stricte wizerunkowy, ogl\u0105dany przez miliony widz\u00f3w na ca\u0142ym \u015bwiecie.<\/p>\n\n\n\n<p>Warto doda\u0107, \u017ce 4F nie znikn\u0119\u0142a z olimpijskich aren. Podczas igrzysk w Mediolanie i Cortinie d\u2019Ampezzo jej stroje nosz\u0105 m.in. reprezentacje Ukrainy, S\u0142owacji, Chorwacji, Grecji, Kosowa oraz \u0142otewscy paralimpijczycy. Tym samym por\u00f3wnania mi\u0119dzy r\u00f3\u017cnymi ekipami by\u0142y nieuniknione.<\/p>\n\n\n\n<p><\/p>\n\n\n\n<blockquote class=\"twitter-tweet\"><p lang=\"pl\" dir=\"ltr\"> &#x1f1f5;&#x1f1f1;<br><br> OGL\u0104DAJ  <a href=\"https:\/\/t.co\/KkyyNAGE71\">https:\/\/t.co\/KkyyNAGE71<\/a> <a href=\"https:\/\/t.co\/RpJaXlrGiE\">pic.twitter.com\/RpJaXlrGiE<\/a><\/p>&mdash; TVP SPORT (@sport_tvppl) <a href=\"https:\/\/twitter.com\/sport_tvppl\/status\/2019878650938593647?ref_src=twsrc%5Etfw\">February 6, 2026<\/a><\/blockquote> <script async src=\"https:\/\/platform.twitter.com\/widgets.js\" charset=\"utf-8\"><\/script>\n\n\n\n<p>Jeden fason, dwa kraje. Sk\u0105d wzi\u0119\u0142o si\u0119 zamieszanie<br>Najwi\u0119ksze emocje wzbudzi\u0142 wygl\u0105d kurtek, w kt\u00f3rych polska reprezentacja pojawi\u0142a si\u0119 podczas przemarszu narod\u00f3w. D\u0142ugie, jasne okrycia wierzchnie o prostym kroju szybko przyci\u0105gn\u0119\u0142y uwag\u0119 widz\u00f3w \u015bledz\u0105cych transmisj\u0119 ceremonii otwarcia.<\/p>\n\n\n\n<p>Chwil\u0119 p\u00f3\u017aniej w sieci zacz\u0119\u0142y pojawia\u0107 si\u0119 por\u00f3wnania. Okaza\u0142o si\u0119, \u017ce bardzo podobny str\u00f3j ma na sobie inna reprezentacja obecna na stadionie (Albania). &nbsp;R\u00f3\u017cnice mi\u0119dzy kurtkami by\u0142y subtelne \u2013 dotyczy\u0142y g\u0142\u00f3wnie odcienia materia\u0142u oraz detali graficznych. Na plecach sportowc\u00f3w w obu przypadkach widnia\u0142a nazwa kraju zapisana du\u017cymi, czerwonymi literami.<\/p>\n\n\n\n<p>Dla przeci\u0119tnego widza ogl\u0105daj\u0105cego ceremoni\u0119 z perspektywy trybun lub telewizora stroje mog\u0142y wygl\u0105da\u0107 niemal identycznie. To w\u0142a\u015bnie ten fakt wywo\u0142a\u0142 konsternacj\u0119 i pytania o to, jak wygl\u0105da\u0142 proces projektowania oraz zatwierdzania olimpijskiej kolekcji.<\/p>\n\n\n\n<p><\/p>\n\n\n\n<iframe loading=\"lazy\" src=\"https:\/\/www.facebook.com\/plugins\/post.php?href=https%3A%2F%2Fwww.facebook.com%2Fpiotr.walczyk.353%2Fposts%2Fpfbid02k7RTjWdjKE2bnyczBKcm7Ff5uwEcvZxRCUz39WGrGmfHgWhESXRcorSJ5yoozjyJl&#038;show_text=true&#038;width=500\" width=\"500\" height=\"250\" style=\"border:none;overflow:hidden\" scrolling=\"no\" frameborder=\"0\" allowfullscreen=\"true\" allow=\"autoplay; clipboard-write; encrypted-media; picture-in-picture; web-share\"><\/iframe>\n\n\n\n<p>Reakcje kibic\u00f3w i pytania o wizerunek reprezentacji<br>Media spo\u0142eczno\u015bciowe szybko wype\u0142ni\u0142y si\u0119 komentarzami. Cz\u0119\u015b\u0107 kibic\u00f3w podchodzi\u0142a do sprawy z humorem, publikuj\u0105c memy i por\u00f3wnania kadr. Inni nie kryli rozczarowania, podkre\u015blaj\u0105c, \u017ce str\u00f3j olimpijski to co\u015b wi\u0119cej ni\u017c zwyk\u0142a odzie\u017c sportowa.<\/p>\n\n\n\n<p>Dla wielu fan\u00f3w to symbol reprezentowania kraju na arenie mi\u0119dzynarodowej. Oczekiwania wobec takiego stroju s\u0105 wysokie \u2013 ma by\u0107 rozpoznawalny, jednoznacznie kojarzony z Polsk\u0105 i wyr\u00f3\u017cniaj\u0105cy si\u0119 na tle innych ekip. Pojawi\u0142y si\u0119 te\u017c pytania o rol\u0119 polskich instytucji w procesie akceptacji projektu i o to, czy strona polska mia\u0142a realny wp\u0142yw na ostateczny wygl\u0105d kolekcji.<\/p>\n\n\n\n<p>Ca\u0142a sytuacja pokaza\u0142a, jak du\u017ce znaczenie ma wizerunek podczas wydarze\u0144 tej rangi. Nawet je\u015bli sportowo wszystko jest dopi\u0119te na ostatni guzik, to jeden detal wizualny mo\u017ce sta\u0107 si\u0119 tematem numer jeden. Niezale\u017cnie od ocen, dyskusja wok\u00f3\u0142 stroj\u00f3w z pewno\u015bci\u0105 wr\u00f3ci przy okazji kolejnych igrzysk i przysz\u0142ych decyzji dotycz\u0105cych wsp\u00f3\u0142pracy z dostawcami.<\/p>\n\n\n\n<p><\/p>\n\n\n\n<blockquote class=\"twitter-tweet\"><p lang=\"it\" dir=\"ltr\">Albania paraded at the Milano\u2013Cortina 2026 Winter Olympics with four skiers. <br>Lara Colturi led the delegation with the Albanian flag in Cortina d\u2019Ampezzo, while Denni Xhepa carried it in Livigno. <br>Albania is represented by Lara Colturi, Lisa Brunga, Denni Xhepa, and Semire Dauti. <a href=\"https:\/\/t.co\/pSy6eQadcB\">pic.twitter.com\/pSy6eQadcB<\/a><\/p>&mdash; Kruja Chronicles (@FilteredZero) <a href=\"https:\/\/twitter.com\/FilteredZero\/status\/2019876975586996465?ref_src=twsrc%5Etfw\">February 6, 2026<\/a><\/blockquote> <script async src=\"https:\/\/platform.twitter.com\/widgets.js\" charset=\"utf-8\"><\/script>\n","protected":false},"excerpt":{"rendered":"Ceremonia otwarcia zimowych igrzysk olimpijskich zawsze jest momentem, na kt\u00f3ry patrzy ca\u0142y sportowy \u015bwiat. To pierwsza okazja, by zobaczy\u0107 reprezentacje nie tylko w \n<a class=\"moretag\" href=\"https:\/\/daily24.pl.ua\/?p=30675\"> [...]<\/a>","protected":false},"author":1,"featured_media":30676,"comment_status":"open","ping_status":"open","sticky":false,"template":"","format":"standard","meta":{"footnotes":""},"categories":[1],"tags":[],"class_list":["post-30675","post","type-post","status-publish","format-standard","has-post-thumbnail","hentry","category-blog"],"_links":{"self":[{"href":"https:\/\/daily24.pl.ua\/index.php?rest_route=\/wp\/v2\/posts\/30675","targetHints":{"allow":["GET"]}}],"collection":[{"href":"https:\/\/daily24.pl.ua\/index.php?rest_route=\/wp\/v2\/posts"}],"about":[{"href":"https:\/\/daily24.pl.ua\/index.php?rest_route=\/wp\/v2\/types\/post"}],"author":[{"embeddable":true,"href":"https:\/\/daily24.pl.ua\/index.php?rest_route=\/wp\/v2\/users\/1"}],"replies":[{"embeddable":true,"href":"https:\/\/daily24.pl.ua\/index.php?rest_route=%2Fwp%2Fv2%2Fcomments&post=30675"}],"version-history":[{"count":1,"href":"https:\/\/daily24.pl.ua\/index.php?rest_route=\/wp\/v2\/posts\/30675\/revisions"}],"predecessor-version":[{"id":30677,"href":"https:\/\/daily24.pl.ua\/index.php?rest_route=\/wp\/v2\/posts\/30675\/revisions\/30677"}],"wp:featuredmedia":[{"embeddable":true,"href":"https:\/\/daily24.pl.ua\/index.php?rest_route=\/wp\/v2\/media\/30676"}],"wp:attachment":[{"href":"https:\/\/daily24.pl.ua\/index.php?rest_route=%2Fwp%2Fv2%2Fmedia&parent=30675"}],"wp:term":[{"taxonomy":"category","embeddable":true,"href":"https:\/\/daily24.pl.ua\/index.php?rest_route=%2Fwp%2Fv2%2Fcategories&post=30675"},{"taxonomy":"post_tag","embeddable":true,"href":"https:\/\/daily24.pl.ua\/index.php?rest_route=%2Fwp%2Fv2%2Ftags&post=30675"}],"curies":[{"name":"wp","href":"https:\/\/api.w.org\/{rel}","templated":true}]}}