{"id":30811,"date":"2026-02-09T15:55:19","date_gmt":"2026-02-09T15:55:19","guid":{"rendered":"https:\/\/daily24.pl.ua\/?p=30811"},"modified":"2026-02-09T15:55:19","modified_gmt":"2026-02-09T15:55:19","slug":"kos-w-poblizu-domu-co-oznacza-jego-obecnosc-i-dlaczego-sie-zbliza","status":"publish","type":"post","link":"https:\/\/daily24.pl.ua\/?p=30811","title":{"rendered":"Kos w pobli\u017cu domu: co oznacza jego obecno\u015b\u0107 i dlaczego si\u0119 zbli\u017ca?"},"content":{"rendered":"\n<h2 class=\"wp-block-heading\">Czy w ostatnich dniach zauwa\u017cy\u0142e\u015b kosa w ogrodzie, na balkonie, a nawet tu\u017c przy oknie? <\/h2>\n\n\n\n<p>Ta wizyta mo\u017ce by\u0107 zaskakuj\u0105ca, intryguj\u0105ca, a czasem nawet wzruszaj\u0105ca. <\/p>\n\n\n\n<p>I nie tylko Ty zastanawiasz si\u0119: dlaczego ten zazwyczaj dyskretny ptak nagle pojawia si\u0119 tak blisko naszych dom\u00f3w?<\/p>\n\n\n\n<p> Pod koniec stycznia ta obserwacja jest powszechna\u2026 i wcale nie jest bez znaczenia, zw\u0142aszcza bior\u0105c pod uwag\u0119 obecno\u015b\u0107 kosa zim\u0105.<\/p>\n\n\n\n<h2 class=\"wp-block-heading\">Okres \u201edni kosa\u201d, kluczowy moment<\/h2>\n\n\n\n<figure class=\"wp-block-image\"><img decoding=\"async\" src=\"https:\/\/www.astucesantemag.com\/wp-content\/uploads\/xmerlo-768x403.jpgqv1_.2.pagespeed.ic_.rJl4J9iEW5.jpg\" alt=\"\" class=\"wp-image-98384\"\/><\/figure>\n\n\n\n<p>Tradycyjnie ostatnie trzy dni stycznia nazywane s\u0105 dniami kos\u00f3w. W powszechnej opinii odpowiadaj\u0105 one najzimniejszemu okresowi w roku. Stara legenda opowiada o kosie, niegdy\u015b o jasnym upierzeniu, kt\u00f3ry schroni\u0142 si\u0119 w kominie, aby uciec przed przenikliwym zimnem. Po trzech dniach sp\u0119dzonych w tym schronieniu, wyszed\u0142 stamt\u0105d ca\u0142kowicie czarny, pokryty sadz\u0105.<\/p>\n\n\n\n<p>Cho\u0107 historia ta nale\u017cy do folkloru, pozostawi\u0142a trwa\u0142y \u015blad w naszej tradycji i zbiega si\u0119 z bardzo realnym zjawiskiem: w \u015brodku zimy kosy zbli\u017caj\u0105 si\u0119 do teren\u00f3w zamieszkanych.<\/p>\n\n\n\n<h2 class=\"wp-block-heading\">Dlaczego kosy zbli\u017caj\u0105 si\u0119 do naszych dom\u00f3w?<\/h2>\n\n\n\n<figure class=\"wp-block-image\"><img decoding=\"async\" src=\"https:\/\/www.astucesantemag.com\/wp-content\/uploads\/Merle_noir_-_Christian_Aussaguel-1360-x-680-.jpg\" alt=\"\" class=\"wp-image-98385\"\/><\/figure>\n\n\n\n<p>Pow\u00f3d jest przede wszystkim pragmatyczny. Kos jest ptakiem wyj\u0105tkowo adaptacyjnym. Gdy temperatury spadaj\u0105, a w \u015brodowisku naturalnym zaczyna brakowa\u0107 po\u017cywienia, szuka on bardziej sprzyjaj\u0105cych siedlisk. Ogrody, dziedzi\u0144ce, balkony i parki miejskie cz\u0119sto oferuj\u0105 to, czego szuka: opad\u0142e owoce, owady ukryte w glebie, ozdobne jagody, a czasem karmniki dla ptak\u00f3w ustawione przez mieszka\u0144c\u00f3w.<\/p>\n\n\n\n<p>Obszary miejskie oferuj\u0105 r\u00f3wnie\u017c znacz\u0105c\u0105 zalet\u0119: jest tam nieco cieplej ni\u017c w lasach czy na otwartych polach. Budynki, mury i zadbana ro\u015blinno\u015b\u0107 tworz\u0105 mikroklimat, dzi\u0119ki kt\u00f3remu zimy s\u0105 nieco \u0142agodniejsze.<\/p>\n\n\n\n<h2 class=\"wp-block-heading\">Potrzeba schronienia przed zimnem<\/h2>\n\n\n\n<p>Poza po\u017cywieniem, kos szuka przede wszystkim schronienia. \u017bywop\u0142oty, szopy, donice, balkony czy zakamarki taras\u00f3w staj\u0105 si\u0119 prawdziwymi azylami chroni\u0105cymi przed wiatrem i mrozem. Je\u015bli zauwa\u017cysz kosa regularnie powracaj\u0105cego w to samo miejsce, prawdopodobnie uzna\u0142 je za bezpieczne.<\/p>\n\n\n\n<p>W miar\u0119 zbli\u017cania si\u0119 sezonu l\u0119gowego, obszary te mog\u0105 by\u0107 r\u00f3wnie\u017c postrzegane jako potencjalne miejsca gniazdowania. Ptak, kt\u00f3ry pozostaje nieruchomo w pobli\u017cu parapetu, cz\u0119sto po prostu \u201erozgl\u0105da si\u0119 po okolicy\u201d.<\/p>\n\n\n\n<h2 class=\"wp-block-heading\">Ptak, kt\u00f3rego \u0142atwo rozpozna\u0107\u2026 i kt\u00f3rego \u0142atwo pos\u0142ucha\u0107<\/h2>\n\n\n\n<p>Kos to jeden z najbardziej rozpoznawalnych ptak\u00f3w w naszym regionie. Samiec ma l\u015bni\u0105ce, czarne upierzenie i bardzo wyra\u017any \u017c\u00f3\u0142to-pomara\u0144czowy dzi\u00f3b, podczas gdy samica wyr\u00f3\u017cnia si\u0119 bardziej dyskretnymi, br\u0105zowymi odcieniami. Jego melodyjny i urozmaicony \u015bpiew mo\u017cna us\u0142ysze\u0107 od \u015bwitu do zmierzchu, nawet zim\u0105, gdy inne ptaki s\u0105 cichsze.<\/p>\n\n\n\n<p>Ta wizualna i s\u0142uchowa blisko\u015b\u0107 wzmacnia poczucie znajomo\u015bci, jakie odczuwa wiele os\u00f3b, gdy kos osiada w pobli\u017cu ich domu.<\/p>\n\n\n\n<h2 class=\"wp-block-heading\">Symboliczne znaczenie kosa<\/h2>\n\n\n\n<p>Poza obserwacj\u0105 przyrodnicz\u0105, kos od dawna zajmuje szczeg\u00f3lne miejsce w wierzeniach. W staro\u017cytno\u015bci obserwacja ptak\u00f3w s\u0142u\u017cy\u0142a do interpretowania znak\u00f3w. \u015apiew lub zachowanie kosa mo\u017cna by\u0142o interpretowa\u0107 jako zwiastun zmian.<\/p>\n\n\n\n<p>Dzi\u015b, nie przywo\u0142uj\u0105c znak\u00f3w, wielu uto\u017csamia obecno\u015b\u0107 kosa z ideami odporno\u015bci, adaptacji i transformacji. Cz\u0119sto pojawia si\u0119 on w prze\u0142omowych momentach, mi\u0119dzy ko\u0144cem zimy a nadej\u015bciem wiosny, wzmacniaj\u0105c&nbsp;&nbsp;<strong>przekonania zwi\u0105zane z kosem<\/strong>&nbsp;.<\/p>\n\n\n\n<h2 class=\"wp-block-heading\">Czy nale\u017cy co\u015b zrobi\u0107, gdy zbli\u017ca si\u0119 kos?<\/h2>\n\n\n\n<p>Przede wszystkim obserwuj. Unikaj niepokojenia go ani gwa\u0142townej zmiany jego otoczenia. Je\u015bli chcesz, mo\u017cesz po prostu zadba\u0107 o to, by Twoja przestrze\u0144 na zewn\u0105trz by\u0142a przyjazna: element wodny, kilka teren\u00f3w zielonych i pe\u0142ne szacunku nastawienie w zupe\u0142no\u015bci wystarcz\u0105.<\/p>\n\n\n\n<p>Obecno\u015b\u0107 kosa w pobli\u017cu domu nie jest niepokoj\u0105cym zbiegiem okoliczno\u015bci ani powodem do obaw, lecz odzwierciedleniem naturalnej r\u00f3wnowagi, kt\u00f3ra dostosowuje si\u0119 do p\u00f3r roku.<\/p>\n\n\n\n<p>Kiedy kos zbli\u017ca si\u0119 do twojego domu, cz\u0119sto jest to subtelny sygna\u0142, \u017ce natura nadal \u017cyje blisko nas, nawet w \u015brodku zimy.<\/p>\n","protected":false},"excerpt":{"rendered":"Czy w ostatnich dniach zauwa\u017cy\u0142e\u015b kosa w ogrodzie, na balkonie, a nawet tu\u017c przy oknie? Ta wizyta mo\u017ce by\u0107 zaskakuj\u0105ca, intryguj\u0105ca, a czasem \n<a class=\"moretag\" href=\"https:\/\/daily24.pl.ua\/?p=30811\"> [...]<\/a>","protected":false},"author":1,"featured_media":30812,"comment_status":"open","ping_status":"open","sticky":false,"template":"","format":"standard","meta":{"footnotes":""},"categories":[1],"tags":[],"class_list":["post-30811","post","type-post","status-publish","format-standard","has-post-thumbnail","hentry","category-blog"],"_links":{"self":[{"href":"https:\/\/daily24.pl.ua\/index.php?rest_route=\/wp\/v2\/posts\/30811","targetHints":{"allow":["GET"]}}],"collection":[{"href":"https:\/\/daily24.pl.ua\/index.php?rest_route=\/wp\/v2\/posts"}],"about":[{"href":"https:\/\/daily24.pl.ua\/index.php?rest_route=\/wp\/v2\/types\/post"}],"author":[{"embeddable":true,"href":"https:\/\/daily24.pl.ua\/index.php?rest_route=\/wp\/v2\/users\/1"}],"replies":[{"embeddable":true,"href":"https:\/\/daily24.pl.ua\/index.php?rest_route=%2Fwp%2Fv2%2Fcomments&post=30811"}],"version-history":[{"count":1,"href":"https:\/\/daily24.pl.ua\/index.php?rest_route=\/wp\/v2\/posts\/30811\/revisions"}],"predecessor-version":[{"id":30813,"href":"https:\/\/daily24.pl.ua\/index.php?rest_route=\/wp\/v2\/posts\/30811\/revisions\/30813"}],"wp:featuredmedia":[{"embeddable":true,"href":"https:\/\/daily24.pl.ua\/index.php?rest_route=\/wp\/v2\/media\/30812"}],"wp:attachment":[{"href":"https:\/\/daily24.pl.ua\/index.php?rest_route=%2Fwp%2Fv2%2Fmedia&parent=30811"}],"wp:term":[{"taxonomy":"category","embeddable":true,"href":"https:\/\/daily24.pl.ua\/index.php?rest_route=%2Fwp%2Fv2%2Fcategories&post=30811"},{"taxonomy":"post_tag","embeddable":true,"href":"https:\/\/daily24.pl.ua\/index.php?rest_route=%2Fwp%2Fv2%2Ftags&post=30811"}],"curies":[{"name":"wp","href":"https:\/\/api.w.org\/{rel}","templated":true}]}}