{"id":30853,"date":"2026-02-10T13:18:56","date_gmt":"2026-02-10T13:18:56","guid":{"rendered":"https:\/\/daily24.pl.ua\/?p=30853"},"modified":"2026-02-10T13:18:56","modified_gmt":"2026-02-10T13:18:56","slug":"ledwo-zdobyl-medal-a-juz-padly-takie-slowa-tak-sie-czul-przed-wejsciem-na-belke","status":"publish","type":"post","link":"https:\/\/daily24.pl.ua\/?p=30853","title":{"rendered":"Ledwo zdoby\u0142 medal, a ju\u017c pad\u0142y takie s\u0142owa. Tak si\u0119 czu\u0142 przed wej\u015bciem na belk\u0119"},"content":{"rendered":"\n<p>19-letni Kacper Tomasiak wywalczy\u0142 srebrny medal w konkursie indywidualnym m\u0119\u017cczyzn na normalnej skoczni podczas Zimowych Igrzysk Olimpijskich 2026. <\/p>\n\n\n\n<p>W emocjonuj\u0105cej rywalizacji we w\u0142oskiej miejscowo\u015bci Tomasiak uplasowa\u0142 si\u0119 tu\u017c za zwyci\u0119zc\u0105, zdobywaj\u0105c najcenniejszy medal w dotychczasowej karierze i zapisuj\u0105c si\u0119 z\u0142otymi zg\u0142oskami w historii polskich skok\u00f3w narciarskich.<\/p>\n\n\n\n<p>Debiut olimpijski, kt\u00f3ry przeszed\u0142 do historii<br>Kluczowe momenty rywalizacji<\/p>\n\n\n\n<p><br>Pierwsze s\u0142owa Tomasiaka po konkursie<br>Debiut olimpijski, kt\u00f3ry przeszed\u0142 do historii<br>Dla Kacpra Tomasiaka tegoroczne igrzyska by\u0142y pierwszym olimpijskim startem w doros\u0142ej karierze. Mimo m\u0142odego wieku i braku do\u015bwiadczenia na tak wielkiej scenie, Polak skaka\u0142 pewnie i konsekwentnie przez ca\u0142y konkurs. W finale okaza\u0142 si\u0119 lepszy od wi\u0119kszo\u015bci \u015bwiatowej stawki, ust\u0119puj\u0105c tylko triumfatorowi Philippowi Raimundowi z Niemiec. Ostateczny rezultat \u2013 drugie miejsce i srebrny medal \u2013 to ogromne osi\u0105gni\u0119cie dla 19-latka, kt\u00f3ry jeszcze niedawno rozpoczyna\u0142 swoj\u0105 mi\u0119dzynarodow\u0105 karier\u0119 w Pucharze \u015awiata.<br><\/p>\n\n\n\n<figure class=\"wp-block-image size-large\"><img loading=\"lazy\" decoding=\"async\" width=\"1024\" height=\"576\" src=\"https:\/\/daily24.pl.ua\/wp-content\/uploads\/2026\/02\/image-21-1024x576.png\" alt=\"\" class=\"wp-image-30855\" srcset=\"https:\/\/daily24.pl.ua\/wp-content\/uploads\/2026\/02\/image-21-1024x576.png 1024w, https:\/\/daily24.pl.ua\/wp-content\/uploads\/2026\/02\/image-21-300x169.png 300w, https:\/\/daily24.pl.ua\/wp-content\/uploads\/2026\/02\/image-21-768x432.png 768w, https:\/\/daily24.pl.ua\/wp-content\/uploads\/2026\/02\/image-21-1536x864.png 1536w, https:\/\/daily24.pl.ua\/wp-content\/uploads\/2026\/02\/image-21.png 1920w\" sizes=\"auto, (max-width: 1024px) 100vw, 1024px\" \/><\/figure>\n\n\n\n<p>Kluczowe momenty rywalizacji<br>Rywalizacja na skoczni w Predazzo by\u0142a zaci\u0119ta od pierwszej serii startowej. Niestety w pierwszej serii Kamil Stoch i Pawe\u0142 W\u0105sek oddali nienajlepsze skoki i nie zakwalifikowali si\u0119 do drugiej rundy, jednak Tomasiak zaprezentowa\u0142 doskona\u0142\u0105 form\u0119, oddaj\u0105c skoki, kt\u00f3re wystarczy\u0142y, by ostatecznie znale\u017a\u0107 si\u0119 na podium. Cho\u0107 nie si\u0119gn\u0105\u0142 po z\u0142oto, jego srebrny medal jest ogromnym osi\u0105gni\u0119ciem \u2013 szczeg\u00f3lnie bior\u0105c pod uwag\u0119, \u017ce zawody odbywa\u0142y si\u0119 w wyj\u0105tkowo silnej obsadzie. Znacz\u0105cy jest fakt, \u017ce Polak wyprzedzi\u0142 wielu utytu\u0142owanych zawodnik\u00f3w i pokaza\u0142, \u017ce mo\u017ce rywalizowa\u0107 z najlepszymi skoczkami \u015bwiata.<br><\/p>\n\n\n\n<p>Pierwsze s\u0142owa Tomasiaka po konkursie<br>Podczas rozmowy z reporterem TVP tu\u017c po wr\u0119czeniu medali Tomasiak podzieli\u0142 si\u0119 emocjami i refleksjami po swoim historycznym skoku. Reporter TVP zapyta\u0142 19-latka jak czuje si\u0119 b\u0119d\u0105c wicemistrzem olimpijskim.<\/p>\n\n\n\n<p>No na pewno jestem bardzo szcz\u0119\u015bliwy, ale te\u017c ju\u017c zm\u0119czony tymi wszystkimi emocjami, bo ju\u017c troch\u0119 opad\u0142y i pojawia si\u0119 s\u0142ynne zm\u0119czenie po adrenalinie<\/p>\n\n\n\n<p>-odpowiedzia\u0142 Tomasiak<\/p>\n\n\n\n<p>W dalszej cz\u0119\u015bci rozmowy reporter zapyta\u0142 skoczka, czy stresowa\u0142 si\u0119 przed skokiem. Tomasiak odpowiedzia\u0142, \u017ce stres pojawi\u0142 si\u0119 zaraz przed wej\u015bciem na belk\u0119. Przyzna\u0142 te\u017c, \u017ce mia\u0142 zak\u0142ada\u0142, \u017ce uda si\u0119 zdoby\u0107 medal, jest to dla niego niespodzianka i jest bardzo szcz\u0119\u015bliwy ze zdobycia medalu<br><\/p>\n\n\n\n<p><\/p>\n","protected":false},"excerpt":{"rendered":"19-letni Kacper Tomasiak wywalczy\u0142 srebrny medal w konkursie indywidualnym m\u0119\u017cczyzn na normalnej skoczni podczas Zimowych Igrzysk Olimpijskich 2026. W emocjonuj\u0105cej rywalizacji we w\u0142oskiej \n<a class=\"moretag\" href=\"https:\/\/daily24.pl.ua\/?p=30853\"> [...]<\/a>","protected":false},"author":1,"featured_media":30854,"comment_status":"open","ping_status":"open","sticky":false,"template":"","format":"standard","meta":{"footnotes":""},"categories":[1],"tags":[],"class_list":["post-30853","post","type-post","status-publish","format-standard","has-post-thumbnail","hentry","category-blog"],"_links":{"self":[{"href":"https:\/\/daily24.pl.ua\/index.php?rest_route=\/wp\/v2\/posts\/30853","targetHints":{"allow":["GET"]}}],"collection":[{"href":"https:\/\/daily24.pl.ua\/index.php?rest_route=\/wp\/v2\/posts"}],"about":[{"href":"https:\/\/daily24.pl.ua\/index.php?rest_route=\/wp\/v2\/types\/post"}],"author":[{"embeddable":true,"href":"https:\/\/daily24.pl.ua\/index.php?rest_route=\/wp\/v2\/users\/1"}],"replies":[{"embeddable":true,"href":"https:\/\/daily24.pl.ua\/index.php?rest_route=%2Fwp%2Fv2%2Fcomments&post=30853"}],"version-history":[{"count":1,"href":"https:\/\/daily24.pl.ua\/index.php?rest_route=\/wp\/v2\/posts\/30853\/revisions"}],"predecessor-version":[{"id":30856,"href":"https:\/\/daily24.pl.ua\/index.php?rest_route=\/wp\/v2\/posts\/30853\/revisions\/30856"}],"wp:featuredmedia":[{"embeddable":true,"href":"https:\/\/daily24.pl.ua\/index.php?rest_route=\/wp\/v2\/media\/30854"}],"wp:attachment":[{"href":"https:\/\/daily24.pl.ua\/index.php?rest_route=%2Fwp%2Fv2%2Fmedia&parent=30853"}],"wp:term":[{"taxonomy":"category","embeddable":true,"href":"https:\/\/daily24.pl.ua\/index.php?rest_route=%2Fwp%2Fv2%2Fcategories&post=30853"},{"taxonomy":"post_tag","embeddable":true,"href":"https:\/\/daily24.pl.ua\/index.php?rest_route=%2Fwp%2Fv2%2Ftags&post=30853"}],"curies":[{"name":"wp","href":"https:\/\/api.w.org\/{rel}","templated":true}]}}