{"id":30867,"date":"2026-02-11T08:27:40","date_gmt":"2026-02-11T08:27:40","guid":{"rendered":"https:\/\/daily24.pl.ua\/?p=30867"},"modified":"2026-02-11T08:27:40","modified_gmt":"2026-02-11T08:27:40","slug":"goraco-pod-pomnikiem-smolenskim-takich-scen-nie-bylo-juz-od-lat","status":"publish","type":"post","link":"https:\/\/daily24.pl.ua\/?p=30867","title":{"rendered":"Gor\u0105co pod pomnikiem smole\u0144skim. Takich scen nie by\u0142o ju\u017c od lat"},"content":{"rendered":"\n<p>Miesi\u0119cznica katastrofy smole\u0144skiej, kt\u00f3ra co miesi\u0105c gromadzi zar\u00f3wno polityk\u00f3w, jak i obywateli, odby\u0142a si\u0119 w wyj\u0105tkowo napi\u0119tej atmosferze.<\/p>\n\n\n\n<p> Tegoroczne obchody przebiega\u0142y w cieniu nieobecno\u015bci Jaros\u0142awa Kaczy\u0144skiego, prezesa Prawa i Sprawiedliwo\u015bci.<\/p>\n\n\n\n<p> Takich scen nie by\u0142o ju\u017c od wielu lat.<\/p>\n\n\n\n<p>Nieobecno\u015b\u0107 Jaros\u0142awa Kaczy\u0144skiego na miesi\u0119cznicy smole\u0144skiej<br>Mariusz B\u0142aszczak o historii Smole\u0144ska i zagro\u017ceniu ze strony Rosji<br>Miesi\u0119cznica smole\u0144ska w napi\u0119tej atmosferze politycznej i protest\u00f3w<br>Nieobecno\u015b\u0107 Jaros\u0142awa Kaczy\u0144skiego na miesi\u0119cznicy smole\u0144skiej<br>Tym razem Jaros\u0142aw Kaczy\u0144ski nie pojawi\u0142 si\u0119 pod pomnikiem smole\u0144skim, co by\u0142o zaskoczeniem dla wielu uczestnik\u00f3w i obserwator\u00f3w polityki. Prezes PiS zako\u0144czy\u0142 w pi\u0105tek 6 lutego leczenie infekcji w szpitalu, a jego lekarz zaleci\u0142, aby przez najbli\u017csze dni pozosta\u0142 w domu. Jak ustali\u0142 &#171;Fakt&#187;, jeszcze w poniedzia\u0142ek bliskie otoczenie polityka nie mia\u0142o pewno\u015bci, czy Kaczy\u0144ski we\u017amie udzia\u0142 w obchodach. Tym samym miesi\u0105c luty sta\u0142 si\u0119 pierwszym od wielu lat, w kt\u00f3rym prezes Prawa i Sprawiedliwo\u015bci nie uczestniczy\u0142 w miesi\u0119cznicy katastrofy smole\u0144skiej.&nbsp;<\/p>\n\n\n\n<p>Mimo jego nieobecno\u015bci, tradycyjnie w uroczysto\u015bciach wzi\u0119li udzia\u0142 inni politycy partii, co pozwoli\u0142o zachowa\u0107 charakterystyczny rytua\u0142 comiesi\u0119cznych obchod\u00f3w i oddania ho\u0142du ofiarom tragedii sprzed lat.<\/p>\n\n\n\n<figure class=\"wp-block-image size-large\"><img loading=\"lazy\" decoding=\"async\" width=\"1024\" height=\"576\" src=\"https:\/\/daily24.pl.ua\/wp-content\/uploads\/2026\/02\/image-24-1024x576.png\" alt=\"\" class=\"wp-image-30869\" srcset=\"https:\/\/daily24.pl.ua\/wp-content\/uploads\/2026\/02\/image-24-1024x576.png 1024w, https:\/\/daily24.pl.ua\/wp-content\/uploads\/2026\/02\/image-24-300x169.png 300w, https:\/\/daily24.pl.ua\/wp-content\/uploads\/2026\/02\/image-24-768x432.png 768w, https:\/\/daily24.pl.ua\/wp-content\/uploads\/2026\/02\/image-24-1536x864.png 1536w, https:\/\/daily24.pl.ua\/wp-content\/uploads\/2026\/02\/image-24.png 1920w\" sizes=\"auto, (max-width: 1024px) 100vw, 1024px\" \/><\/figure>\n\n\n\n<p>Mariusz B\u0142aszczak o historii Smole\u0144ska i zagro\u017ceniu ze strony Rosji<br>G\u0142os podczas obchod\u00f3w zabra\u0142 Mariusz B\u0142aszczak, kt\u00f3ry przypomnia\u0142 kontekst historyczny katastrofy smole\u0144skiej, wskazuj\u0105c na zagro\u017cenia ze strony Rosji.&nbsp;<\/p>\n\n\n\n<p>\u2013 Pami\u0119tamy, \u017ce nad Smole\u0144skiem polegli dlatego, \u017ce Rosj\u0105 zn\u00f3w rz\u0105dz\u0105 ludzie, kt\u00f3rzy chc\u0105 odbudowa\u0107 Imperium Rosyjskie. Tak by\u0142o, kiedy Imperium Rosyjskie by\u0142o czerwone. Wtedy, w Katyniu Rosjanie dopu\u015bcili si\u0119 aktu ludob\u00f3jstwa, morduj\u0105c polskich oficer\u00f3w, funkcjonariuszy, elit\u0119 polskiego narodu. Imperium Rosyjskie zawsze, czy by\u0142o bia\u0142e, czy czerwone, czy teraz putinowskie, \u015bmiertelnie Polsce zagra\u017ca \u2014 powiedzia\u0142 Mariusz B\u0142aszczak.<\/p>\n\n\n\n<p>W tym samym czasie cz\u0119\u015b\u0107 uczestnik\u00f3w uroczysto\u015bci protestowa\u0142a, skanduj\u0105c s\u0142owo &#171;k\u0142amca&#187;. Na to Mariusz B\u0142aszczak odpowiedzia\u0142 zdecydowanie, okre\u015blaj\u0105c protestuj\u0105cych mianem \u201ebarbarzy\u0144c\u00f3w\u201d.&nbsp;<\/p>\n\n\n\n<p>\u2013 Niestety nasze uroczysto\u015bci s\u0105, jak co miesi\u0105c, zak\u0142\u00f3cane przez ludzi, kt\u00f3rych w naszej kulturze europejskiej, chrze\u015bcija\u0144skiej, nazywa si\u0119 wprost barbarzy\u0144cami. To ludzie, kt\u00f3rzy wpisuj\u0105 si\u0119 w propagand\u0119 imperialnej Rosji, propagand\u0119 putinowsk\u0105. Niestety tak si\u0119 dzieje, gdy\u017c pozwala im na to obecna w\u0142adza. Minister sprawiedliwo\u015bci przyjmuje tych ludzi. Czy napomina\u0142 ich? Czy m\u00f3wi\u0142 im, \u017ce takie zachowanie jest niestosowne? Wr\u0119cz przeciwnie. Rozzuchwala\u0142 ich. Ale b\u0105d\u017amy spokojni. Prawda zawsze zwyci\u0119\u017cy \u2013 stwierdzi\u0142 szef klubu PiS.<br>Miesi\u0119cznica smole\u0144ska w napi\u0119tej atmosferze politycznej i protest\u00f3w<br>Obchody odby\u0142y si\u0119 wi\u0119c w nerwowej atmosferze, w kt\u00f3rej niepewno\u015b\u0107 dotycz\u0105ca obecno\u015bci Kaczy\u0144skiego miesza\u0142a si\u0119 z aktywnymi protestami cz\u0119\u015bci zgromadzonych. Chocia\u017c brak prezesa PiS by\u0142 wyra\u017anie odczuwalny, uroczysto\u015b\u0107 kontynuowano zgodnie z rytua\u0142em, a obecni politycy starali si\u0119 podtrzyma\u0107 oficjalny charakter wydarzenia. Wypowiedzi Mariusza B\u0142aszczaka zar\u00f3wno przywo\u0142ywa\u0142y historyczne konteksty, jak i komentowa\u0142y bie\u017c\u0105c\u0105 sytuacj\u0119 polityczn\u0105, w tym reakcje przeciwnik\u00f3w miesi\u0119cznicy.&nbsp;<\/p>\n\n\n\n<p>Dzi\u0119ki temu uczestnicy i obserwatorzy mogli uzyska\u0107 pe\u0142niejszy obraz znaczenia tego dnia, kt\u00f3ry pozostaje jednym z najwa\u017cniejszych moment\u00f3w w kalendarzu politycznym i spo\u0142ecznym w Polsce.<\/p>\n\n\n\n<figure class=\"wp-block-image size-large\"><img loading=\"lazy\" decoding=\"async\" width=\"1024\" height=\"576\" src=\"https:\/\/daily24.pl.ua\/wp-content\/uploads\/2026\/02\/image-25-1024x576.png\" alt=\"\" class=\"wp-image-30870\" srcset=\"https:\/\/daily24.pl.ua\/wp-content\/uploads\/2026\/02\/image-25-1024x576.png 1024w, https:\/\/daily24.pl.ua\/wp-content\/uploads\/2026\/02\/image-25-300x169.png 300w, https:\/\/daily24.pl.ua\/wp-content\/uploads\/2026\/02\/image-25-768x432.png 768w, https:\/\/daily24.pl.ua\/wp-content\/uploads\/2026\/02\/image-25-1536x864.png 1536w, https:\/\/daily24.pl.ua\/wp-content\/uploads\/2026\/02\/image-25.png 1920w\" sizes=\"auto, (max-width: 1024px) 100vw, 1024px\" \/><\/figure>\n","protected":false},"excerpt":{"rendered":"Miesi\u0119cznica katastrofy smole\u0144skiej, kt\u00f3ra co miesi\u0105c gromadzi zar\u00f3wno polityk\u00f3w, jak i obywateli, odby\u0142a si\u0119 w wyj\u0105tkowo napi\u0119tej atmosferze. Tegoroczne obchody przebiega\u0142y w cieniu \n<a class=\"moretag\" href=\"https:\/\/daily24.pl.ua\/?p=30867\"> [...]<\/a>","protected":false},"author":1,"featured_media":30868,"comment_status":"open","ping_status":"open","sticky":false,"template":"","format":"standard","meta":{"footnotes":""},"categories":[1],"tags":[],"class_list":["post-30867","post","type-post","status-publish","format-standard","has-post-thumbnail","hentry","category-blog"],"_links":{"self":[{"href":"https:\/\/daily24.pl.ua\/index.php?rest_route=\/wp\/v2\/posts\/30867","targetHints":{"allow":["GET"]}}],"collection":[{"href":"https:\/\/daily24.pl.ua\/index.php?rest_route=\/wp\/v2\/posts"}],"about":[{"href":"https:\/\/daily24.pl.ua\/index.php?rest_route=\/wp\/v2\/types\/post"}],"author":[{"embeddable":true,"href":"https:\/\/daily24.pl.ua\/index.php?rest_route=\/wp\/v2\/users\/1"}],"replies":[{"embeddable":true,"href":"https:\/\/daily24.pl.ua\/index.php?rest_route=%2Fwp%2Fv2%2Fcomments&post=30867"}],"version-history":[{"count":1,"href":"https:\/\/daily24.pl.ua\/index.php?rest_route=\/wp\/v2\/posts\/30867\/revisions"}],"predecessor-version":[{"id":30871,"href":"https:\/\/daily24.pl.ua\/index.php?rest_route=\/wp\/v2\/posts\/30867\/revisions\/30871"}],"wp:featuredmedia":[{"embeddable":true,"href":"https:\/\/daily24.pl.ua\/index.php?rest_route=\/wp\/v2\/media\/30868"}],"wp:attachment":[{"href":"https:\/\/daily24.pl.ua\/index.php?rest_route=%2Fwp%2Fv2%2Fmedia&parent=30867"}],"wp:term":[{"taxonomy":"category","embeddable":true,"href":"https:\/\/daily24.pl.ua\/index.php?rest_route=%2Fwp%2Fv2%2Fcategories&post=30867"},{"taxonomy":"post_tag","embeddable":true,"href":"https:\/\/daily24.pl.ua\/index.php?rest_route=%2Fwp%2Fv2%2Ftags&post=30867"}],"curies":[{"name":"wp","href":"https:\/\/api.w.org\/{rel}","templated":true}]}}