{"id":31067,"date":"2026-02-14T11:58:15","date_gmt":"2026-02-14T11:58:15","guid":{"rendered":"https:\/\/daily24.pl.ua\/?p=31067"},"modified":"2026-02-14T11:58:15","modified_gmt":"2026-02-14T11:58:15","slug":"byla-1918-w-faktach-tvn-przekazano-tragiczne-wiesci-o-smierci","status":"publish","type":"post","link":"https:\/\/daily24.pl.ua\/?p=31067","title":{"rendered":"By\u0142a 19:18. W &#171;Faktach\u201d TVN przekazano tragiczne wie\u015bci o \u015bmierci"},"content":{"rendered":"\n<p>Wieczorne wydanie jednego z najpopularniejszych program\u00f3w informacyjnych w kraju przynios\u0142o wiadomo\u015b\u0107, kt\u00f3ra poruszy\u0142a widz\u00f3w. <\/p>\n\n\n\n<p>Informacja pad\u0142a na antenie punktualnie o sta\u0142ej godzinie emisji i natychmiast odbi\u0142a si\u0119 szerokim echem. <\/p>\n\n\n\n<p>Tym razem przekaz dotyczy\u0142 postaci doskonale znanej zar\u00f3wno mi\u0142o\u015bnikom teatru, jak i widzom telewizji.<\/p>\n\n\n\n<p>Fakty TVN \u2013 najch\u0119tniej ogl\u0105dany program informacyjny w Polsce<br>Grzegorz Kajdanowicz przekaza\u0142 tragiczn\u0105 informacj\u0119 na antenie<br>Nie \u017cyje Bo\u017cena Dykiel. Mia\u0142a 77 lat<br>Fakty TVN \u2013 najch\u0119tniej ogl\u0105dany program informacyjny w Polsce<br>\u201eFakty\u201d to g\u0142\u00f3wny serwis informacyjny stacji TVN, obecny na antenie nieprzerwanie od 3 pa\u017adziernika 1997 roku. Program emitowany jest codziennie o godz. 19:00 \u2013 pocz\u0105tkowo, do 1 maja 1998 roku, widzowie ogl\u0105dali go p\u00f3\u0142 godziny p\u00f3\u017aniej, o 19:30. Opr\u00f3cz g\u0142\u00f3wnego kana\u0142u mo\u017cna go \u015bledzi\u0107 tak\u017ce na antenie TVN24 BiS.<\/p>\n\n\n\n<p>Z czasem serwis rozszerzy\u0142 swoj\u0105 obecno\u015b\u0107 o Internet. Od marca 2007 roku materia\u0142y by\u0142y dost\u0119pne najpierw na portalu TVN24.pl, nast\u0119pnie poprzez serwis Player.pl, a od 15 czerwca 2012 roku \u2013 wraz z prognoz\u0105 pogody \u2013 r\u00f3wnie\u017c na oficjalnej stronie programu fakty.tvn24.pl. Dzi\u0119ki temu \u201eFakty\u201d sta\u0142y si\u0119 dost\u0119pne nie tylko dla widz\u00f3w przed telewizorami, lecz tak\u017ce dla odbiorc\u00f3w korzystaj\u0105cych z sieci.<\/p>\n\n\n\n<p>Program trwa oko\u0142o 26 minut i przygotowywany jest przez zesp\u00f3\u0142 dziennikarzy zwi\u0105zanych z TVN i TVN24. Poszczeg\u00f3lne tematy przedstawiane s\u0105 w kilkuminutowych materia\u0142ach reporterskich, cz\u0119sto zako\u0144czonych stand-upem, a tak\u017ce w kr\u00f3tszych, kilkudziesi\u0119ciosekundowych formach podsumowuj\u0105cych najwa\u017cniejsze wydarzenia. Wydanie koncentruje si\u0119 na sprawach spo\u0142ecznych, politycznych i kulturalnych. Sport oraz prognoza pogody funkcjonuj\u0105 jako osobne bloki \u2013 po 1 lipca 2024 roku zosta\u0142y przeniesione przed g\u0142\u00f3wne wydanie, jednak od 29 marca 2025 roku ponownie wr\u00f3ci\u0142y na swoje miejsce po zako\u0144czeniu serwisu.<br><\/p>\n\n\n\n<figure class=\"wp-block-image size-large\"><img loading=\"lazy\" decoding=\"async\" width=\"1024\" height=\"576\" src=\"https:\/\/daily24.pl.ua\/wp-content\/uploads\/2026\/02\/image-34-1024x576.png\" alt=\"\" class=\"wp-image-31069\" srcset=\"https:\/\/daily24.pl.ua\/wp-content\/uploads\/2026\/02\/image-34-1024x576.png 1024w, https:\/\/daily24.pl.ua\/wp-content\/uploads\/2026\/02\/image-34-300x169.png 300w, https:\/\/daily24.pl.ua\/wp-content\/uploads\/2026\/02\/image-34-768x432.png 768w, https:\/\/daily24.pl.ua\/wp-content\/uploads\/2026\/02\/image-34-1536x864.png 1536w, https:\/\/daily24.pl.ua\/wp-content\/uploads\/2026\/02\/image-34.png 1920w\" sizes=\"auto, (max-width: 1024px) 100vw, 1024px\" \/><\/figure>\n\n\n\n<p>Grzegorz Kajdanowicz przekaza\u0142 tragiczn\u0105 informacj\u0119 na antenie<br>W dzisiejszym wydaniu prowadz\u0105cy Grzegorz Kajdanowicz poinformowa\u0142 o \u015bmierci Bo\u017ceny Dykiel. Widzowie zobaczyli specjalnie przygotowany materia\u0142, w kt\u00f3rym przypomniano jej dorobek artystyczny oraz wypowiedzi samej aktorki na temat pracy przed kamer\u0105 i na scenie.<\/p>\n\n\n\n<p>W reporta\u017cu podkre\u015blano, \u017ce by\u0142a artystk\u0105 o wyj\u0105tkowym talencie, maj\u0105c\u0105 na koncie role w wa\u017cnych filmach i produkcjach telewizyjnych. Zmar\u0142a w wieku 77 lat. Osoby, kt\u00f3re j\u0105 zna\u0142y i wsp\u00f3\u0142pracowa\u0142y z ni\u0105 na planie, m\u00f3wi\u0142y o jej niezwyk\u0142ej energii i autentyczno\u015bci. Wspominano, \u017ce by\u0142a bardzo rodzinna, ch\u0119tnie doradza\u0142a innym w sprawach prywatnych, a m\u0142odszym aktorom przekazywa\u0142a swoje do\u015bwiadczenie, ucz\u0105c ich warsztatu.<\/p>\n\n\n\n<p>W materiale przypomniano tak\u017ce jej w\u0142asne s\u0142owa o aktorstwie. Podkre\u015bla\u0142a, \u017ce w ka\u017cdej roli musi znale\u017a\u0107 si\u0119 \u201ecz\u0105stka Dykiel\u201d. Wsp\u00f3\u0142pracownicy okre\u015blali j\u0105 jako osob\u0119 pe\u0142n\u0105 \u017cywio\u0142u, ekspresji, u\u015bmiechu i ironii, a tak\u017ce odwagi w podejmowaniu wyrazistych r\u00f3l.<br>Nie \u017cyje Bo\u017cena Dykiel. Mia\u0142a 77 lat<br>O \u015bmierci aktorki poinformowa\u0142 w pi\u0105tek rano ksi\u0105dz Andrzej Luter. Bo\u017cena Dykiel urodzi\u0142a si\u0119 26 sierpnia 1948 roku w Grabowie. Uko\u0144czy\u0142a Pa\u0144stwow\u0105 Wy\u017csz\u0105 Szko\u0142\u0119 Teatraln\u0105 w Warszawie. Jej pierwsz\u0105 rol\u0105 filmow\u0105 by\u0142a posta\u0107 autostopowiczki w produkcji \u201eUciec jak najbli\u017cej\u201d. Na pocz\u0105tku lat 70. wyst\u0119powa\u0142a w Studenckim Teatrze Satyryk\u00f3w, a nast\u0119pnie zwi\u0105za\u0142a si\u0119 z Teatrem Narodowym w Warszawie.<\/p>\n\n\n\n<p>Do historii przesz\u0142a jej kreacja Goplany w \u201eBalladynie\u201d Juliusza S\u0142owackiego w re\u017cyserii Adama Hanuszkiewicza. Wsp\u00f3\u0142pracowa\u0142a z wybitnymi tw\u00f3rcami polskiego kina, w tym z Andrzej Wajda, u kt\u00f3rego zagra\u0142a w filmach \u201eWesele\u201d, \u201eZiemia obiecana\u201d, \u201eCz\u0142owiek z \u017celaza\u201d i \u201eWielki Tydzie\u0144\u201d. Wyst\u0105pi\u0142a tak\u017ce w filmie \u201eAwans\u201d w re\u017cyserii Janusz Zaorski. Szerokiej publiczno\u015bci zapad\u0142a w pami\u0119\u0107 dzi\u0119ki komediom Stanis\u0142aw Bareja \u2013 \u201eAlternatywy 4\u201d oraz \u201eBrunet wieczorow\u0105 por\u0105\u201d.<\/p>\n\n\n\n<p>Przez ponad dwie dekady by\u0142a zwi\u0105zana z serialem \u201eNa Wsp\u00f3lnej\u201d emitowanym na antenie TVN, gdzie od 2003 roku wciela\u0142a si\u0119 w posta\u0107 Marii Zi\u0119by. Ta rola przynios\u0142a jej ogromn\u0105 rozpoznawalno\u015b\u0107 i sympati\u0119 widz\u00f3w kolejnych pokole\u0144. W 2022 roku zosta\u0142a uhonorowana Srebrnym Medalem \u201eZas\u0142u\u017cony Kulturze Gloria Artis\u201d. Jej dorobek obejmuje zar\u00f3wno scen\u0119 teatraln\u0105, jak i kino oraz telewizj\u0119 \u2013 a energia, z jak\u0105 budowa\u0142a swoje role, sprawi\u0142a, \u017ce na trwa\u0142e zapisa\u0142a si\u0119 w historii polskiej kultury.<\/p>\n\n\n\n<figure class=\"wp-block-image size-large\"><img loading=\"lazy\" decoding=\"async\" width=\"1024\" height=\"576\" src=\"https:\/\/daily24.pl.ua\/wp-content\/uploads\/2026\/02\/image-35-1024x576.png\" alt=\"\" class=\"wp-image-31070\" srcset=\"https:\/\/daily24.pl.ua\/wp-content\/uploads\/2026\/02\/image-35-1024x576.png 1024w, https:\/\/daily24.pl.ua\/wp-content\/uploads\/2026\/02\/image-35-300x169.png 300w, https:\/\/daily24.pl.ua\/wp-content\/uploads\/2026\/02\/image-35-768x432.png 768w, https:\/\/daily24.pl.ua\/wp-content\/uploads\/2026\/02\/image-35-1536x864.png 1536w, https:\/\/daily24.pl.ua\/wp-content\/uploads\/2026\/02\/image-35.png 1920w\" sizes=\"auto, (max-width: 1024px) 100vw, 1024px\" \/><\/figure>\n","protected":false},"excerpt":{"rendered":"Wieczorne wydanie jednego z najpopularniejszych program\u00f3w informacyjnych w kraju przynios\u0142o wiadomo\u015b\u0107, kt\u00f3ra poruszy\u0142a widz\u00f3w. Informacja pad\u0142a na antenie punktualnie o sta\u0142ej godzinie emisji \n<a class=\"moretag\" href=\"https:\/\/daily24.pl.ua\/?p=31067\"> [...]<\/a>","protected":false},"author":1,"featured_media":31068,"comment_status":"open","ping_status":"open","sticky":false,"template":"","format":"standard","meta":{"footnotes":""},"categories":[1],"tags":[],"class_list":["post-31067","post","type-post","status-publish","format-standard","has-post-thumbnail","hentry","category-blog"],"_links":{"self":[{"href":"https:\/\/daily24.pl.ua\/index.php?rest_route=\/wp\/v2\/posts\/31067","targetHints":{"allow":["GET"]}}],"collection":[{"href":"https:\/\/daily24.pl.ua\/index.php?rest_route=\/wp\/v2\/posts"}],"about":[{"href":"https:\/\/daily24.pl.ua\/index.php?rest_route=\/wp\/v2\/types\/post"}],"author":[{"embeddable":true,"href":"https:\/\/daily24.pl.ua\/index.php?rest_route=\/wp\/v2\/users\/1"}],"replies":[{"embeddable":true,"href":"https:\/\/daily24.pl.ua\/index.php?rest_route=%2Fwp%2Fv2%2Fcomments&post=31067"}],"version-history":[{"count":1,"href":"https:\/\/daily24.pl.ua\/index.php?rest_route=\/wp\/v2\/posts\/31067\/revisions"}],"predecessor-version":[{"id":31071,"href":"https:\/\/daily24.pl.ua\/index.php?rest_route=\/wp\/v2\/posts\/31067\/revisions\/31071"}],"wp:featuredmedia":[{"embeddable":true,"href":"https:\/\/daily24.pl.ua\/index.php?rest_route=\/wp\/v2\/media\/31068"}],"wp:attachment":[{"href":"https:\/\/daily24.pl.ua\/index.php?rest_route=%2Fwp%2Fv2%2Fmedia&parent=31067"}],"wp:term":[{"taxonomy":"category","embeddable":true,"href":"https:\/\/daily24.pl.ua\/index.php?rest_route=%2Fwp%2Fv2%2Fcategories&post=31067"},{"taxonomy":"post_tag","embeddable":true,"href":"https:\/\/daily24.pl.ua\/index.php?rest_route=%2Fwp%2Fv2%2Ftags&post=31067"}],"curies":[{"name":"wp","href":"https:\/\/api.w.org\/{rel}","templated":true}]}}