{"id":31738,"date":"2026-02-24T12:37:28","date_gmt":"2026-02-24T12:37:28","guid":{"rendered":"https:\/\/daily24.pl.ua\/?p=31738"},"modified":"2026-02-24T12:38:01","modified_gmt":"2026-02-24T12:38:01","slug":"donald-tusk-w-poniedzialek-zaapelowal-do-karola-nawrockiego-prezydencie-podpisuj","status":"publish","type":"post","link":"https:\/\/daily24.pl.ua\/?p=31738","title":{"rendered":"Donald Tusk w poniedzia\u0142ek zaapelowa\u0142 do Karola Nawrockiego. \u201ePrezydencie, podpisuj\u201d"},"content":{"rendered":"\n<p>Donald Tusk spotka\u0142 si\u0119 w O\u015brodku Szkolenia Poligonowego Wojsk L\u0105dowych w Lipie z premierem Norwegii Jonasem Gahrem St\u00f8rem. <\/p>\n\n\n\n<p>Podczas wizyty poruszono kwestie bezpiecze\u0144stwa w regionie, wsp\u00f3\u0142pracy przemys\u0142owej i wsparcia dla Ukrainy.<\/p>\n\n\n\n<p> Spotkanie wzbudzi\u0142o te\u017c pytania o jeden z najbardziej kontrowersyjnych program\u00f3w rz\u0105dowych, kt\u00f3ry obecnie wywo\u0142uje sp\u00f3r polityczny. <\/p>\n\n\n\n<p>Premier nagle zwr\u00f3ci\u0142 si\u0119 z apelem do Karola Nawrockiego. Pad\u0142y wa\u017cne s\u0142owa. <\/p>\n\n\n\n<p>Donald Tusk w Lipie: spotkanie z premierem Norwegii o bezpiecze\u0144stwie<br>Polska i Norwegia: wsp\u00f3\u0142praca obronna i program SAFE<br>Tusk apeluje do prezydenta ws. ustawy SAFE i przemys\u0142u obronnego<br>Donald Tusk w Lipie: spotkanie z premierem Norwegii o bezpiecze\u0144stwie<br>Spotkanie w Lipie by\u0142o okazj\u0105 do om\u00f3wienia szerokiego spektrum kwestii dotycz\u0105cych wsp\u00f3\u0142pracy mi\u0119dzy Polsk\u0105 a Norwegi\u0105. Donald Tusk i Jonas Gahr St\u00f8re rozmawiali o koordynacji wsparcia dla Ukrainy, bezpiecze\u0144stwie w regionie oraz wsp\u00f3\u0142pracy przemys\u0142owej i obronnej. Wsp\u00f3lnym celem obu pa\u0144stw jest wzmocnienie zdolno\u015bci obronnych i stabilno\u015bci wschodniej cz\u0119\u015bci Europy.&nbsp;<\/p>\n\n\n\n<p>Podczas konferencji prasowej nie zabrak\u0142o jednak pyta\u0144 o program SAFE, kt\u00f3ry wzbudza spory w polskiej polityce i jest przedmiotem publicznej debaty mi\u0119dzy rz\u0105dem a opozycj\u0105.<br><\/p>\n\n\n\n<figure class=\"wp-block-image size-large\"><img loading=\"lazy\" decoding=\"async\" width=\"1024\" height=\"576\" src=\"https:\/\/daily24.pl.ua\/wp-content\/uploads\/2026\/02\/image-102-1024x576.png\" alt=\"\" class=\"wp-image-31740\" srcset=\"https:\/\/daily24.pl.ua\/wp-content\/uploads\/2026\/02\/image-102-1024x576.png 1024w, https:\/\/daily24.pl.ua\/wp-content\/uploads\/2026\/02\/image-102-300x169.png 300w, https:\/\/daily24.pl.ua\/wp-content\/uploads\/2026\/02\/image-102-768x432.png 768w, https:\/\/daily24.pl.ua\/wp-content\/uploads\/2026\/02\/image-102-1536x864.png 1536w, https:\/\/daily24.pl.ua\/wp-content\/uploads\/2026\/02\/image-102.png 1920w\" sizes=\"auto, (max-width: 1024px) 100vw, 1024px\" \/><\/figure>\n\n\n\n<p>Polska i Norwegia: wsp\u00f3\u0142praca obronna i program SAFE<br>Donald Tusk podkre\u015bli\u0142 znaczenie programu SAFE w kontek\u015bcie realizacji programu SAN, kt\u00f3rego celem jest ochrona Polski i granicy wschodniej Europy przed potencjalnymi atakami dronowymi i z powietrza.&nbsp;<\/p>\n\n\n\n<p>\u2013 Dobrze, \u017ce przy tym pytaniu jest obecny premier Norwegii, bo to w ko\u0144cu Norwegia b\u0119dzie tak\u017ce jednym z g\u0142\u00f3wnych partner\u00f3w w programie SAN \u2013 zaznaczy\u0142 szef rz\u0105du.&nbsp;<\/p>\n\n\n\n<p>Tusk wyja\u015bni\u0142, \u017ce program SAN b\u0119dzie w du\u017cej mierze finansowany z instrumentu SAFE, a w ostatnich dniach odwiedzi\u0142 Hut\u0119 Stalowa Wola, przedsi\u0119biorstwo przewidziane do otrzymania nawet 20 mld z\u0142 w ramach tego programu. Spotkanie w hucie pozwoli\u0142o oceni\u0107, co zak\u0142ad mo\u017ce zaoferowa\u0107 nie tylko polskiej armii, ale te\u017c innym pa\u0144stwom NATO, co Tusk uzna\u0142 za istotny element polskiego bezpiecze\u0144stwa i rozwoju przemys\u0142u obronnego.<\/p>\n\n\n\n<p><\/p>\n\n\n\n<p>Tusk apeluje do Nawrockiego ws. ustawy SAFE i przemys\u0142u obronnego<br>Podczas konferencji Donald Tusk wystosowa\u0142 r\u00f3wnie\u017c zdecydowany apel do prezydenta Karola Nawrockiego w sprawie ustawy wprowadzaj\u0105cej program SAFE.&nbsp;<\/p>\n\n\n\n<p>\u2013 Prezydencie podpisuj, nie ma co zwleka\u0107 i dyskutowa\u0107. Od tego zale\u017cy przysz\u0142o\u015b\u0107 Polski, bezpiecznej Polski, a tak\u017ce przysz\u0142o\u015b\u0107 dziesi\u0105tek i setek polskich firm \u2013 m\u00f3wi\u0142 Tusk, jednoznacznie wskazuj\u0105c, \u017ce ka\u017cdy, kto pr\u00f3buje blokowa\u0107 program, dzia\u0142a przeciw interesowi narodowemu.&nbsp;<\/p>\n\n\n\n<p>Szef rz\u0105du podkre\u015bli\u0142, \u017ce pieni\u0105dze z SAFE maj\u0105 s\u0142u\u017cy\u0107 wzmocnieniu polskiej obronno\u015bci i przemys\u0142u, a wszelkie pr\u00f3by ich powstrzymania utrudniaj\u0105 realizacj\u0119 kluczowych projekt\u00f3w strategicznych dla kraju.<\/p>\n\n\n\n<p><\/p>\n\n\n\n<figure class=\"wp-block-image size-large\"><img loading=\"lazy\" decoding=\"async\" width=\"1024\" height=\"576\" src=\"https:\/\/daily24.pl.ua\/wp-content\/uploads\/2026\/02\/image-103-1024x576.png\" alt=\"\" class=\"wp-image-31741\" srcset=\"https:\/\/daily24.pl.ua\/wp-content\/uploads\/2026\/02\/image-103-1024x576.png 1024w, https:\/\/daily24.pl.ua\/wp-content\/uploads\/2026\/02\/image-103-300x169.png 300w, https:\/\/daily24.pl.ua\/wp-content\/uploads\/2026\/02\/image-103-768x432.png 768w, https:\/\/daily24.pl.ua\/wp-content\/uploads\/2026\/02\/image-103-1536x864.png 1536w, https:\/\/daily24.pl.ua\/wp-content\/uploads\/2026\/02\/image-103.png 1920w\" sizes=\"auto, (max-width: 1024px) 100vw, 1024px\" \/><\/figure>\n","protected":false},"excerpt":{"rendered":"Donald Tusk spotka\u0142 si\u0119 w O\u015brodku Szkolenia Poligonowego Wojsk L\u0105dowych w Lipie z premierem Norwegii Jonasem Gahrem St\u00f8rem. Podczas wizyty poruszono kwestie bezpiecze\u0144stwa \n<a class=\"moretag\" href=\"https:\/\/daily24.pl.ua\/?p=31738\"> [...]<\/a>","protected":false},"author":1,"featured_media":31739,"comment_status":"open","ping_status":"open","sticky":false,"template":"","format":"standard","meta":{"footnotes":""},"categories":[1],"tags":[],"class_list":["post-31738","post","type-post","status-publish","format-standard","has-post-thumbnail","hentry","category-blog"],"_links":{"self":[{"href":"https:\/\/daily24.pl.ua\/index.php?rest_route=\/wp\/v2\/posts\/31738","targetHints":{"allow":["GET"]}}],"collection":[{"href":"https:\/\/daily24.pl.ua\/index.php?rest_route=\/wp\/v2\/posts"}],"about":[{"href":"https:\/\/daily24.pl.ua\/index.php?rest_route=\/wp\/v2\/types\/post"}],"author":[{"embeddable":true,"href":"https:\/\/daily24.pl.ua\/index.php?rest_route=\/wp\/v2\/users\/1"}],"replies":[{"embeddable":true,"href":"https:\/\/daily24.pl.ua\/index.php?rest_route=%2Fwp%2Fv2%2Fcomments&post=31738"}],"version-history":[{"count":3,"href":"https:\/\/daily24.pl.ua\/index.php?rest_route=\/wp\/v2\/posts\/31738\/revisions"}],"predecessor-version":[{"id":31744,"href":"https:\/\/daily24.pl.ua\/index.php?rest_route=\/wp\/v2\/posts\/31738\/revisions\/31744"}],"wp:featuredmedia":[{"embeddable":true,"href":"https:\/\/daily24.pl.ua\/index.php?rest_route=\/wp\/v2\/media\/31739"}],"wp:attachment":[{"href":"https:\/\/daily24.pl.ua\/index.php?rest_route=%2Fwp%2Fv2%2Fmedia&parent=31738"}],"wp:term":[{"taxonomy":"category","embeddable":true,"href":"https:\/\/daily24.pl.ua\/index.php?rest_route=%2Fwp%2Fv2%2Fcategories&post=31738"},{"taxonomy":"post_tag","embeddable":true,"href":"https:\/\/daily24.pl.ua\/index.php?rest_route=%2Fwp%2Fv2%2Ftags&post=31738"}],"curies":[{"name":"wp","href":"https:\/\/api.w.org\/{rel}","templated":true}]}}