{"id":31745,"date":"2026-02-24T12:42:53","date_gmt":"2026-02-24T12:42:53","guid":{"rendered":"https:\/\/daily24.pl.ua\/?p=31745"},"modified":"2026-02-24T12:42:53","modified_gmt":"2026-02-24T12:42:53","slug":"do-komisji-etyki-poselskiej-wplynal-wniosek-o-ukaranie-donalda-tuska-chodzi-o-te-wypowiedz-premiera","status":"publish","type":"post","link":"https:\/\/daily24.pl.ua\/?p=31745","title":{"rendered":"Do Komisji Etyki Poselskiej wp\u0142yn\u0105\u0142 wniosek o ukaranie Donalda Tuska. Chodzi o t\u0119 wypowied\u017a premiera"},"content":{"rendered":"\n<p>Wed\u0142ug informacji pochodz\u0105cych z oficjalnych dokument\u00f3w sejmowych oraz najnowszych wpis\u00f3w polityk\u00f3w w serwisie X, sytuacja wok\u00f3\u0142 szefa rz\u0105du sta\u0142a si\u0119 wyj\u0105tkowo napi\u0119ta.<\/p>\n\n\n\n<p> Waldemar Buda zdecydowa\u0142 si\u0119 na radykalny krok, kt\u00f3ry mo\u017ce znacz\u0105co wp\u0142yn\u0105\u0107 na wizerunek premiera. <\/p>\n\n\n\n<p>Wszystko przez s\u0142owa, kt\u00f3re wywo\u0142a\u0142y prawdziw\u0105 burz\u0119 w polskiej polityce.<\/p>\n\n\n\n<p>Sp\u00f3r o archiwalne s\u0142owa dotycz\u0105ce Donalda Trumpa<br>Ostre sformu\u0142owania w kontek\u015bcie programu SAFE<br>Formalny wniosek do Komisji Etyki Poselskiej<br>Reakcja premiera i polityczne konsekwencje<br>Sp\u00f3r o archiwalne s\u0142owa dotycz\u0105ce Donalda Trumpa<br>Waldemar Buda nag\u0142o\u015bni\u0142 spraw\u0119 rzekomego k\u0142amstwa Donalda Tuska. Podstaw\u0105 oskar\u017cenia jest nagranie, na kt\u00f3rym premier stanowczo zaprzeczy\u0142 sugestiom o powi\u0105zaniach Trumpa z Rosj\u0105, m\u00f3wi\u0105c: \u201eNie, tego typu sugestii nigdy nie zg\u0142asza\u0142em\u201d. Tymczasem w sieci przypomniano materia\u0142 z marca 2023 roku, gdzie Tusk twierdzi\u0142: \u201eTrump, jego zale\u017cno\u015b\u0107 od rosyjskich s\u0142u\u017cb dzisiaj ju\u017c nie podlega dyskusji\u201d, dodaj\u0105c, \u017ce nie wyklucza si\u0119, i\u017c zosta\u0142 on \u201ewr\u0119cz zwerbowany\u201d.&nbsp;<\/p>\n\n\n\n<p>Buda argumentuje, \u017ce to publiczne wypieranie si\u0119 w\u0142asnych s\u0142\u00f3w jest niedopuszczalne. Wed\u0142ug pos\u0142a PiS, takie zachowanie \u201euderza w \u017cywotne interesy Polski w zakresie bezpiecze\u0144stwa\u201d, co w obliczu obecnej sytuacji geopolitycznej budzi skrajne emocje i stawia premiera w bardzo trudnym po\u0142o\u017ceniu przed opini\u0105 publiczn\u0105 oraz sojusznikami.<br><\/p>\n\n\n\n<p>Ostre sformu\u0142owania w kontek\u015bcie programu SAFE<br>Kolejnym punktem zapalnym jest nagranie dotycz\u0105ce Huty Stalowa Wola. Donald Tusk, broni\u0105c decyzji o przekazaniu 20 miliard\u00f3w z\u0142otych na lokalny przemys\u0142, u\u017cy\u0142 sformu\u0142owania skierowanego do oponent\u00f3w: \u201eDotar\u0142o, zakute \u0142by?\u201d. Ta emocjonalna wypowied\u017a natychmiast sta\u0142a si\u0119 przedmiotem ostrej krytyki. Waldemar Buda w swoim wniosku zaznaczy\u0142, \u017ce sformu\u0142owanie to \u201ema charakter obra\u017aliwy\u201d i nie spe\u0142nia standard\u00f3w powagi, jakich wymaga si\u0119 od Prezesa Rady Ministr\u00f3w.\u00a0<br><\/p>\n\n\n\n<figure class=\"wp-block-image size-large\"><img loading=\"lazy\" decoding=\"async\" width=\"1024\" height=\"683\" src=\"https:\/\/daily24.pl.ua\/wp-content\/uploads\/2026\/02\/image-104-1024x683.png\" alt=\"\" class=\"wp-image-31746\" srcset=\"https:\/\/daily24.pl.ua\/wp-content\/uploads\/2026\/02\/image-104-1024x683.png 1024w, https:\/\/daily24.pl.ua\/wp-content\/uploads\/2026\/02\/image-104-300x200.png 300w, https:\/\/daily24.pl.ua\/wp-content\/uploads\/2026\/02\/image-104-768x512.png 768w, https:\/\/daily24.pl.ua\/wp-content\/uploads\/2026\/02\/image-104-1536x1024.png 1536w, https:\/\/daily24.pl.ua\/wp-content\/uploads\/2026\/02\/image-104.png 1920w\" sizes=\"auto, (max-width: 1024px) 100vw, 1024px\" \/><\/figure>\n\n\n\n<p>Premier broni jednak swojej retoryki, t\u0142umacz\u0105c, \u017ce ostre s\u0142owa by\u0142y odpowiedzi\u0105 na pr\u00f3by blokowania kluczowych funduszy. Sp\u00f3r o j\u0119zyk debaty publicznej przeni\u00f3s\u0142 si\u0119 do medi\u00f3w spo\u0142eczno\u015bciowych, gdzie zwolennicy rz\u0105du chwal\u0105 asertywno\u015b\u0107, a opozycja m\u00f3wi o arogancji w\u0142adzy i pogardzie wobec inaczej my\u015bl\u0105cych obywateli.<\/p>\n\n\n\n<p>Formalny wniosek do Komisji Etyki Poselskiej<br>Waldemar Buda skierowa\u0142 oficjalne pismo do Komisji Etyki Poselskiej, informuj\u0105c: \u201eW\u0142a\u015bnie skierowa\u0142em wniosek o ukaranie pos\u0142a Donalda Tuska za przekazywanie nieprawdziwych informacji\u201d. Dokument wskazuje na naruszenie zasad dba\u0142o\u015bci o dobre imi\u0119 Sejmu. Do wniosku do\u0142\u0105czono materia\u0142y dowodowe w postaci nagra\u0144 wideo oraz wskazano konkretnych \u015bwiadk\u00f3w zdarzenia.&nbsp;<\/p>\n\n\n\n<p>Pose\u0142 PiS podkre\u015bla, \u017ce premier \u015bwiadomie wprowadza w b\u0142\u0105d opini\u0119 publiczn\u0105, co powinno skutkowa\u0107 kar\u0105 dyscyplinarn\u0105. Z\u0142o\u017cone zawiadomienie to pr\u00f3ba poci\u0105gni\u0119cia szefa rz\u0105du do odpowiedzialno\u015bci za s\u0142owa wypowiedziane zar\u00f3wno w kampanii, jak i na oficjalnych konferencjach. Jest to sytuacja bezcedensowa, gdy\u017c dotyczy bezpo\u015bredniego zarzutu k\u0142amstwa sformu\u0142owanego przez europos\u0142a wobec urz\u0119duj\u0105cego premiera, co nadaje sprawie rang\u0119 priorytetow\u0105 dla sejmowych organ\u00f3w kontrolnych.<\/p>\n\n\n\n<p><\/p>\n\n\n\n<blockquote class=\"twitter-tweet\"><p lang=\"pl\" dir=\"ltr\">W\u0142a\u015bnie skierowa\u0142em wniosek do Komisji Etyki <a href=\"https:\/\/twitter.com\/KancelariaSejmu?ref_src=twsrc%5Etfw\">@KancelariaSejmu<\/a> o ukaranie pos\u0142a <a href=\"https:\/\/twitter.com\/donaldtusk?ref_src=twsrc%5Etfw\">@donaldtusk<\/a> za przekazywanie nieprawdziwych informacji dot. <a href=\"https:\/\/twitter.com\/realDonaldTrump?ref_src=twsrc%5Etfw\">@realDonaldTrump<\/a> a nast\u0119pnie k\u0142amanie i publiczne wypieranie si\u0119 tej wypowiedzi.<br><br>Na Komisji b\u0119de podnosi\u0142, \u017ce takie zachowanie uderza w\u2026 <a href=\"https:\/\/t.co\/e8DJQR60aN\">pic.twitter.com\/e8DJQR60aN<\/a><\/p>&mdash; Waldemar Buda (@waldemar_buda) <a href=\"https:\/\/twitter.com\/waldemar_buda\/status\/1855174958554468788?ref_src=twsrc%5Etfw\">November 9, 2024<\/a><\/blockquote> <script async src=\"https:\/\/platform.twitter.com\/widgets.js\" charset=\"utf-8\"><\/script>\n\n\n\n<p>Reakcja premiera i polityczne konsekwencje<br>Donald Tusk opublikowa\u0142 w mediach spo\u0142eczno\u015bciowych wyja\u015bnienie: \u201eTermin &#8216;zakute \u0142by&#8217; dotyczy\u0142 tych, kt\u00f3rzy chc\u0105 zablokowa\u0107 pieni\u0105dze dla Polski z powodu braku kompetencji lub zwyk\u0142ej g\u0142upoty\u201d. Premier nie wykaza\u0142 skruchy, dodaj\u0105c prowokacyjnie, \u017ce osoby dzia\u0142aj\u0105ce w interesie obcych pa\u0144stw \u201enazwa\u0142by zdecydowanie mocniej\u201d.\u00a0<br><\/p>\n\n\n\n<blockquote class=\"twitter-tweet\"><p lang=\"pl\" dir=\"ltr\">Termin \u201ezakute \u0142by\u201d dotyczy\u0142 tych, kt\u00f3rzy chc\u0105 zablokowa\u0107 pieni\u0105dze dla Polski z powodu braku kompetencji lub zwyk\u0142ej g\u0142upoty. Tych, kt\u00f3rzy robi\u0105 to w politycznym lub finansowym interesie obcych pa\u0144stw, nazwa\u0142bym zdecydowanie mocniej.<\/p>&mdash; Donald Tusk (@donaldtusk) <a href=\"https:\/\/twitter.com\/donaldtusk\/status\/2026226001986855206?ref_src=twsrc%5Etfw\">February 24, 2026<\/a><\/blockquote> <script async src=\"https:\/\/platform.twitter.com\/widgets.js\" charset=\"utf-8\"><\/script>\n\n\n\n<p>Sytuacja ta pog\u0142\u0119bia siln\u0105 polaryzacj\u0119 w polskim parlamencie, stawiaj\u0105c Komisj\u0119 Etyki w trudnym po\u0142o\u017ceniu. Wynik jej prac b\u0119dzie kluczowy dla dalszej narracji politycznej. Czy premier faktycznie zostanie ukarany, czy sprawa zostanie uznana za element dopuszczalnej walki politycznej? Opinia publiczna czeka na werdykt, kt\u00f3ry zawa\u017cy na wizerunku w\u0142adzy i mo\u017ce sta\u0107 si\u0119 paliwem dla opozycji w nadchodz\u0105cych tygodniach. Sprawa \u201ezakutych \u0142b\u00f3w\u201d i Trumpa sta\u0142a si\u0119 obecnie g\u0142\u00f3wnym tematem debaty w kraju.<\/p>\n\n\n\n<p><\/p>\n\n\n\n<p><\/p>\n","protected":false},"excerpt":{"rendered":"Wed\u0142ug informacji pochodz\u0105cych z oficjalnych dokument\u00f3w sejmowych oraz najnowszych wpis\u00f3w polityk\u00f3w w serwisie X, sytuacja wok\u00f3\u0142 szefa rz\u0105du sta\u0142a si\u0119 wyj\u0105tkowo napi\u0119ta. Waldemar \n<a class=\"moretag\" href=\"https:\/\/daily24.pl.ua\/?p=31745\"> [...]<\/a>","protected":false},"author":1,"featured_media":31747,"comment_status":"open","ping_status":"open","sticky":false,"template":"","format":"standard","meta":{"footnotes":""},"categories":[1],"tags":[],"class_list":["post-31745","post","type-post","status-publish","format-standard","has-post-thumbnail","hentry","category-blog"],"_links":{"self":[{"href":"https:\/\/daily24.pl.ua\/index.php?rest_route=\/wp\/v2\/posts\/31745","targetHints":{"allow":["GET"]}}],"collection":[{"href":"https:\/\/daily24.pl.ua\/index.php?rest_route=\/wp\/v2\/posts"}],"about":[{"href":"https:\/\/daily24.pl.ua\/index.php?rest_route=\/wp\/v2\/types\/post"}],"author":[{"embeddable":true,"href":"https:\/\/daily24.pl.ua\/index.php?rest_route=\/wp\/v2\/users\/1"}],"replies":[{"embeddable":true,"href":"https:\/\/daily24.pl.ua\/index.php?rest_route=%2Fwp%2Fv2%2Fcomments&post=31745"}],"version-history":[{"count":1,"href":"https:\/\/daily24.pl.ua\/index.php?rest_route=\/wp\/v2\/posts\/31745\/revisions"}],"predecessor-version":[{"id":31748,"href":"https:\/\/daily24.pl.ua\/index.php?rest_route=\/wp\/v2\/posts\/31745\/revisions\/31748"}],"wp:featuredmedia":[{"embeddable":true,"href":"https:\/\/daily24.pl.ua\/index.php?rest_route=\/wp\/v2\/media\/31747"}],"wp:attachment":[{"href":"https:\/\/daily24.pl.ua\/index.php?rest_route=%2Fwp%2Fv2%2Fmedia&parent=31745"}],"wp:term":[{"taxonomy":"category","embeddable":true,"href":"https:\/\/daily24.pl.ua\/index.php?rest_route=%2Fwp%2Fv2%2Fcategories&post=31745"},{"taxonomy":"post_tag","embeddable":true,"href":"https:\/\/daily24.pl.ua\/index.php?rest_route=%2Fwp%2Fv2%2Ftags&post=31745"}],"curies":[{"name":"wp","href":"https:\/\/api.w.org\/{rel}","templated":true}]}}