{"id":31773,"date":"2026-02-25T10:52:57","date_gmt":"2026-02-25T10:52:57","guid":{"rendered":"https:\/\/daily24.pl.ua\/?p=31773"},"modified":"2026-02-25T10:52:57","modified_gmt":"2026-02-25T10:52:57","slug":"cala-polska-huczy-o-tym-programie-a-nagle-na-scene-wychodzi-kwasniewski-i-nie-owija-w-bawelne","status":"publish","type":"post","link":"https:\/\/daily24.pl.ua\/?p=31773","title":{"rendered":"Ca\u0142a Polska huczy o tym programie. A nagle na scen\u0119 wychodzi Kwa\u015bniewski i nie owija w bawe\u0142n\u0119"},"content":{"rendered":"\n<p>By\u0142y prezydent Aleksander Kwa\u015bniewski odni\u00f3s\u0142 si\u0119 do unijnego programu SAFE, kt\u00f3ry ma wesprze\u0107 obronno\u015b\u0107 pa\u0144stw UE, w tym Polski.<\/p>\n\n\n\n<p> W rozmowie z \u201eFaktem\u201d jasno wskaza\u0142, po kt\u00f3rej stronie sporu politycznego stoi. <\/p>\n\n\n\n<p>Ponadto by\u0142y prezydent skomentowa\u0142 szeroko relacje polsko-ukrai\u0144skie.<\/p>\n\n\n\n<p>SAFE i miliardy dla obronno\u015bci. Kwa\u015bniewski: &#171;To pierwszorz\u0119dna kwestia\u201d<br>Sp\u00f3r o miliardy z UE. By\u0142y prezydent wskazuje swoj\u0105 stron\u0119<br>Kwa\u015bniewski o relacjach z Ukrain\u0105: &#171;Wspania\u0142y dow\u00f3d polskiej wra\u017cliwo\u015bci\u201d<br>SAFE i miliardy dla obronno\u015bci. Kwa\u015bniewski: &#171;To pierwszorz\u0119dna kwestia\u201d<br>Unijny program SAFE ma w za\u0142o\u017ceniu wzmocni\u0107 obronno\u015b\u0107 pa\u0144stw cz\u0142onkowskich poprzez wsparcie zakup\u00f3w sprz\u0119tu wojskowego oraz rozw\u00f3j przemys\u0142u zbrojeniowego. Z informacji przekazanych przez rz\u0105d wynika, \u017ce w jego ramach Polska mo\u017ce liczy\u0107 nawet na 43,7 mld euro preferencyjnych \u015brodk\u00f3w na inwestycje w sektor obronny i modernizacj\u0119 armii, co czyni ten instrument jednym z najwi\u0119kszych projekt\u00f3w finansowania bezpiecze\u0144stwa w historii UE. Inicjatywa budzi jednak polityczne kontrowersje w kraju i sta\u0142a si\u0119 elementem sporu mi\u0119dzy rz\u0105dem a cz\u0119\u015bci\u0105 opozycji oraz \u015brodowiskami sceptycznymi wobec nowych mechanizm\u00f3w unijnych.<\/p>\n\n\n\n<p>O ocen\u0119 programu SAFE oraz tocz\u0105cej si\u0119 wok\u00f3\u0142 niego debaty zapytany zosta\u0142 by\u0142y prezydent Aleksander Kwa\u015bniewski.&nbsp;<\/p>\n\n\n\n<p>By\u0142y Prezydent podkre\u015bli\u0142, \u017ce program SAFE nale\u017cy postrzega\u0107 przede wszystkim jako instrument wspieraj\u0105cy rozw\u00f3j europejskiego przemys\u0142u obronnego. Zaznaczy\u0142, \u017ce jego znaczenie wynika z potrzeby wzmacniania potencja\u0142u militarnego pa\u0144stw cz\u0142onkowskich Unii Europejskiej w obliczu obecnych zagro\u017ce\u0144 bezpiecze\u0144stwa. Jak wskaza\u0142, zasilenie sektora obronnego znacz\u0105cymi \u015brodkami finansowymi ma charakter strategiczny i d\u0142ugofalowy.<\/p>\n\n\n\n<p>Program SAFE jest przyj\u0119ty po to, \u017ceby te przemys\u0142y zbrojeniowe Europy mog\u0142y si\u0119 rozwija\u0107 i uwa\u017cam, \u017ce to jest w tej chwili pierwszorz\u0119dna kwestia<\/p>\n\n\n\n<p>-m\u00f3wi\u0142 Kwa\u015bniewski<\/p>\n\n\n\n<p>W jego ocenie kluczowe jest to, \u017ce instrument finansowy umo\u017cliwia dost\u0119p do du\u017cych \u015brodk\u00f3w na korzystnych warunkach, co mo\u017ce prze\u0142o\u017cy\u0107 si\u0119 na modernizacj\u0119 i rozw\u00f3j zdolno\u015bci produkcyjnych w sektorze zbrojeniowym.<\/p>\n\n\n\n<figure class=\"wp-block-image size-large\"><img loading=\"lazy\" decoding=\"async\" width=\"1024\" height=\"576\" src=\"https:\/\/daily24.pl.ua\/wp-content\/uploads\/2026\/02\/image-108-1024x576.png\" alt=\"\" class=\"wp-image-31775\" srcset=\"https:\/\/daily24.pl.ua\/wp-content\/uploads\/2026\/02\/image-108-1024x576.png 1024w, https:\/\/daily24.pl.ua\/wp-content\/uploads\/2026\/02\/image-108-300x169.png 300w, https:\/\/daily24.pl.ua\/wp-content\/uploads\/2026\/02\/image-108-768x432.png 768w, https:\/\/daily24.pl.ua\/wp-content\/uploads\/2026\/02\/image-108-1536x864.png 1536w, https:\/\/daily24.pl.ua\/wp-content\/uploads\/2026\/02\/image-108.png 1920w\" sizes=\"auto, (max-width: 1024px) 100vw, 1024px\" \/><\/figure>\n\n\n\n<p>Sp\u00f3r o miliardy z UE. By\u0142y prezydent wskazuje swoj\u0105 stron\u0119<br>Wok\u00f3\u0142 programu SAFE trwa w Polsce sp\u00f3r polityczny, w kt\u00f3rym cz\u0119\u015b\u0107 \u015brodowisk prawicowych wyra\u017ca sceptycyzm wobec unijnego instrumentu finansowego. W tym kontek\u015bcie Aleksander Kwa\u015bniewski zosta\u0142 zapytany, po kt\u00f3rej stronie konfliktu si\u0119 opowiada.<\/p>\n\n\n\n<p>Wi\u0119c jak pan mnie pyta, czy ja jestem po stronie rz\u0105du, czy prezydenta w tej kwestii, to odpowiadam jasno, \u017ce jestem po stronie rz\u0105du<\/p>\n\n\n\n<p>-przyzna\u0142 Kwa\u015bniewski<\/p>\n\n\n\n<p>By\u0142y prezydent wskaza\u0142 tym samym, \u017ce dostrzega sens w wykorzystaniu tanich kredyt\u00f3w na rozw\u00f3j przemys\u0142u obronnego i modernizacj\u0119 armii.<\/p>\n\n\n\n<p>Rz\u0105d argumentuje, \u017ce SAFE ma gwarantowa\u0107 rozw\u00f3j polskiego przemys\u0142u zbrojeniowego oraz zapewni\u0107 finansowanie na warunkach trudnych do uzyskania na rynku komercyjnym. Z kolei krytycy programu zwracaj\u0105 uwag\u0119 m.in. na mechanizm warunkowo\u015bci, kt\u00f3ry ich zdaniem mo\u017ce umo\u017cliwi\u0107 blokowanie \u015brodk\u00f3w przez instytucje unijne, a tak\u017ce na ograniczenia dotycz\u0105ce wydatkowania pieni\u0119dzy poza UE.<br>Sp\u00f3r ten wpisuje si\u0119 w szersz\u0105 debat\u0119 o kierunku polityki bezpiecze\u0144stwa oraz relacjach Polski z Uni\u0105 Europejsk\u0105 w obszarze obronno\u015bci.<\/p>\n\n\n\n<p> <\/p>\n\n\n\n<p>Kwa\u015bniewski o relacjach z Ukrain\u0105: &#171;Wspania\u0142y dow\u00f3d polskiej wra\u017cliwo\u015bci\u201d<br>Aleksander Kwa\u015bniewski odni\u00f3s\u0142 si\u0119 r\u00f3wnie\u017c do szerszego kontekstu relacji polsko-ukrai\u0144skich, podkre\u015blaj\u0105c, \u017ce pomoc udzielona Ukrainie po wybuchu wojny nie ogranicza\u0142a si\u0119 wy\u0142\u0105cznie do wsparcia militarnego czy finansowego. W jego ocenie kluczowe znaczenie mia\u0142a spontaniczna reakcja polskiego spo\u0142ecze\u0144stwa, kt\u00f3ra sta\u0142a si\u0119 jednym z fundament\u00f3w nowych relacji mi\u0119dzy oboma narodami.<\/p>\n\n\n\n<p>To jest pomoc spontaniczna, kt\u00f3rej udzielili\u015bmy Ukrai\u0144com zaraz na pocz\u0105tku wojny. To by\u0142o co\u015b niesamowitego. Ci ludzie nie byli przez nikogo zmuszani, tylko z w\u0142asnego impulsu, potrzeby przejmowali ukrai\u0144skie rodziny na granicy, g\u0142\u00f3wnie matki z dzie\u0107mi, pomagali, dawali im mieszkanie, dawali im t\u0119 pierwsz\u0105 pomoc. To jest moim zdaniem wspania\u0142y dow\u00f3d polskiej wra\u017cliwo\u015bci, tej prawdziwej polskiej solidarno\u015bci.<\/p>\n\n\n\n<p>-wyzna\u0142 Kwa\u015bniewski<\/p>\n\n\n\n<p>Kwa\u015bniewski krytycznie odni\u00f3s\u0142 si\u0119 tak\u017ce do cz\u0119\u015bci narracji politycznej pojawiaj\u0105cej si\u0119 po prawej stronie sceny politycznej, kt\u00f3ra jego zdaniem w negatywny spos\u00f3b przedstawia relacje z Ukrain\u0105 i wzmacnia antyukrai\u0144skie nastroje.<\/p>\n\n\n\n<p>Ja si\u0119 zastanawiam, jak trzeba by\u0107 cynicznym, \u017ceby m\u00f3wi\u0107 do kraju, kt\u00f3ry jest napadni\u0119ty, kt\u00f3ry jest w okresie nieoczekiwanej wojny, bo Ukrai\u0144cy nie wierzyli w to, \u017ce Putin zaatakuje; \u017ce mo\u017cna by\u0142o tak twardo stawia\u0107 spraw\u0119, \u017ce mo\u017cna by\u0142o formu\u0142owa\u0107 oczekiwania. Ja my\u015bl\u0119, \u017ce to jest ca\u0142kowicie nieakceptowalne<\/p>\n\n\n\n<p>-podkre\u015bli\u0142 wyra\u017anie w rozmowie z \u201cFaktem\u201d<\/p>\n\n\n\n<p>By\u0142y prezydent wskaza\u0142 r\u00f3wnie\u017c na, jak to uj\u0105\u0142, radykalizacj\u0119 cz\u0119\u015bci polityk\u00f3w prawicy i wzbudzanie nastroj\u00f3w antyukrai\u0144skich.<br> <\/p>\n","protected":false},"excerpt":{"rendered":"By\u0142y prezydent Aleksander Kwa\u015bniewski odni\u00f3s\u0142 si\u0119 do unijnego programu SAFE, kt\u00f3ry ma wesprze\u0107 obronno\u015b\u0107 pa\u0144stw UE, w tym Polski. W rozmowie z \u201eFaktem\u201d \n<a class=\"moretag\" href=\"https:\/\/daily24.pl.ua\/?p=31773\"> [...]<\/a>","protected":false},"author":1,"featured_media":31774,"comment_status":"open","ping_status":"open","sticky":false,"template":"","format":"standard","meta":{"footnotes":""},"categories":[1],"tags":[],"class_list":["post-31773","post","type-post","status-publish","format-standard","has-post-thumbnail","hentry","category-blog"],"_links":{"self":[{"href":"https:\/\/daily24.pl.ua\/index.php?rest_route=\/wp\/v2\/posts\/31773","targetHints":{"allow":["GET"]}}],"collection":[{"href":"https:\/\/daily24.pl.ua\/index.php?rest_route=\/wp\/v2\/posts"}],"about":[{"href":"https:\/\/daily24.pl.ua\/index.php?rest_route=\/wp\/v2\/types\/post"}],"author":[{"embeddable":true,"href":"https:\/\/daily24.pl.ua\/index.php?rest_route=\/wp\/v2\/users\/1"}],"replies":[{"embeddable":true,"href":"https:\/\/daily24.pl.ua\/index.php?rest_route=%2Fwp%2Fv2%2Fcomments&post=31773"}],"version-history":[{"count":1,"href":"https:\/\/daily24.pl.ua\/index.php?rest_route=\/wp\/v2\/posts\/31773\/revisions"}],"predecessor-version":[{"id":31776,"href":"https:\/\/daily24.pl.ua\/index.php?rest_route=\/wp\/v2\/posts\/31773\/revisions\/31776"}],"wp:featuredmedia":[{"embeddable":true,"href":"https:\/\/daily24.pl.ua\/index.php?rest_route=\/wp\/v2\/media\/31774"}],"wp:attachment":[{"href":"https:\/\/daily24.pl.ua\/index.php?rest_route=%2Fwp%2Fv2%2Fmedia&parent=31773"}],"wp:term":[{"taxonomy":"category","embeddable":true,"href":"https:\/\/daily24.pl.ua\/index.php?rest_route=%2Fwp%2Fv2%2Fcategories&post=31773"},{"taxonomy":"post_tag","embeddable":true,"href":"https:\/\/daily24.pl.ua\/index.php?rest_route=%2Fwp%2Fv2%2Ftags&post=31773"}],"curies":[{"name":"wp","href":"https:\/\/api.w.org\/{rel}","templated":true}]}}