{"id":31777,"date":"2026-02-25T10:56:57","date_gmt":"2026-02-25T10:56:57","guid":{"rendered":"https:\/\/daily24.pl.ua\/?p=31777"},"modified":"2026-02-25T10:56:57","modified_gmt":"2026-02-25T10:56:57","slug":"koszmar-o-poranku-zostali-wezwani-do-wypadku-gdy-zobaczyli-kim-jest-ofiara-mogli-tylko-zaplakac","status":"publish","type":"post","link":"https:\/\/daily24.pl.ua\/?p=31777","title":{"rendered":"Koszmar o poranku. Zostali wezwani do wypadku. Gdy zobaczyli, kim jest ofiara, mogli tylko zap\u0142aka\u0107"},"content":{"rendered":"\n<p>Tragiczne zdarzenie na ulicy Sieradzkiej wstrz\u0105sn\u0119\u0142o nie tylko mieszka\u0144cami, ale przede wszystkim s\u0142u\u017cbami ratunkowymi. <\/p>\n\n\n\n<p>Jak informuje policja oraz Komenda Powiatowa PSP w Sieradzu, poranna interwencja w Zdu\u0144skiej Woli zako\u0144czy\u0142a si\u0119 dramatycznym odkryciem. <\/p>\n\n\n\n<p>Nikt nie spodziewa\u0142 si\u0119, \u017ce ofiar\u0105 nieszcz\u0119\u015bliwego wypadku oka\u017ce si\u0119 jeden z nich.<\/p>\n\n\n\n<p>Tragiczny poranek w Zdu\u0144skiej Woli<br>Stra\u017c po\u017carna w \u017ca\u0142obie po stracie oficera<br>Kondolencje od najwy\u017cszych rang\u0105 dow\u00f3dc\u00f3w<br>\u015aledztwo pod nadzorem prokuratury<br>Tragiczny poranek w Zdu\u0144skiej Woli<br>Do dramatycznych wydarze\u0144 dosz\u0142o we wtorek rano, 24 lutego 2026 roku, oko\u0142o godziny 9:00, na ulicy Sieradzkiej w Zdu\u0144skiej Woli. S\u0142u\u017cby otrzyma\u0142y zg\u0142oszenie o samochodzie osobowym, kt\u00f3ry nagle zjecha\u0142 z toru jazdy i uderzy\u0142 ko\u0142em w kraw\u0119\u017cnik. Cho\u0107 uszkodzenia pojazdu nie wydawa\u0142y si\u0119 rozleg\u0142e, sytuacja wewn\u0105trz kabiny by\u0142a krytyczna.&nbsp;<\/p>\n\n\n\n<p>Wed\u0142ug wst\u0119pnych ustale\u0144 przekazanych przez m\u0142. asp. Katarzyn\u0119 Biniaszczyk ze zdu\u0144skowolskiej policji, 40-letni kierowca jad\u0105cy w stron\u0119 miejscowo\u015bci Czechy nagle straci\u0142 przytomno\u015b\u0107. Na miejsce natychmiast wezwano pomoc medyczn\u0105, jednak mimo stara\u0144 ratownik\u00f3w, przyby\u0142y lekarz stwierdzi\u0142 zgon m\u0119\u017cczyzny. To, co pocz\u0105tkowo wygl\u0105da\u0142o na zwyk\u0142\u0105 kolizj\u0119, szybko przerodzi\u0142o si\u0119 w ogromn\u0105 tragedi\u0119, kt\u00f3ra poruszy\u0142a ca\u0142\u0105 okolic\u0119 i postawi\u0142a na nogi lokalne s\u0142u\u017cby porz\u0105dkowe badaj\u0105ce ka\u017cdy \u015blad na miejscu zdarzenia.<\/p>\n\n\n\n<p>Stra\u017c po\u017carna w \u017ca\u0142obie po stracie oficera<br>Szybko okaza\u0142o si\u0119, \u017ce ofiar\u0105 nieszcz\u0119\u015bliwego zdarzenia jest st. kpt. Dawid Janeczek, szanowany oficer Jednostki Ratowniczo-Ga\u015bniczej PSP w Sieradzu. Informacja ta spad\u0142a na jego koleg\u00f3w jak grom z jasnego nieba, wywo\u0142uj\u0105c niedowierzanie i g\u0142\u0119boki smutek. Zmar\u0142y stra\u017cak mia\u0142 zaledwie 40 lat i by\u0142 postaci\u0105 doskonale znan\u0105 w ca\u0142ym regionie.&nbsp;<\/p>\n\n\n\n<p>Jak podaje lokalny serwis nasze.fm, Dawid Janeczek cieszy\u0142 si\u0119 opini\u0105 profesjonalisty oraz serdecznego cz\u0142owieka, na kt\u00f3rego zawsze mo\u017cna by\u0142o liczy\u0107 w najtrudniejszych chwilach. Jego nag\u0142e odej\u015bcie \u201ena wieczn\u0105 s\u0142u\u017cb\u0119\u201d pozostawi\u0142o pustk\u0119 w szeregach sieradzkiej stra\u017cy, kt\u00f3rej nie spos\u00f3b b\u0119dzie \u0142atwo zape\u0142ni\u0107. Wsp\u00f3\u0142pracownicy wspominaj\u0105 go jako osob\u0119 pe\u0142n\u0105 pasji, kt\u00f3ra z zaanga\u017cowaniem realizowa\u0142a swoj\u0105 misj\u0119 ratowania innych, teraz jednak to on sam sta\u0142 si\u0119 przedmiotem ich bolesnych wspomnie\u0144.<br><\/p>\n\n\n\n<p>Kondolencje od najwy\u017cszych rang\u0105 dow\u00f3dc\u00f3w<br>\u015amier\u0107 do\u015bwiadczonego stra\u017caka odbi\u0142a si\u0119 szerokim echem w strukturach ca\u0142ej formacji, o czym \u015bwiadcz\u0105 liczne g\u0142osy wsparcia p\u0142yn\u0105ce z r\u00f3\u017cnych stron kraju. Oficjalne wyrazy wsp\u00f3\u0142czucia rodzinie oraz najbli\u017cszym zmar\u0142ego z\u0142o\u017cy\u0142 osobi\u015bcie nadbryg. Wojciech Kruczek, Komendant G\u0142\u00f3wny Pa\u0144stwowej Stra\u017cy Po\u017carnej.&nbsp;<\/p>\n\n\n\n<p>Do kondolencji do\u0142\u0105czy\u0142 r\u00f3wnie\u017c st. bryg. Rados\u0142aw Jadwiszczak, Komendant Powiatowy PSP w Sieradzu, kt\u00f3ry wypowiedzia\u0142 si\u0119 w imieniu w\u0142asnym oraz ca\u0142ej braci stra\u017cackiej. Podkre\u015blono, \u017ce jest to ogromna strata dla ca\u0142ej formacji, a pami\u0119\u0107 o zmar\u0142ym funkcjonariuszu pozostanie \u017cywa w\u015br\u00f3d tych, kt\u00f3rzy mieli zaszczyt z nim pracowa\u0107. W mediach spo\u0142eczno\u015bciowych komendy pojawi\u0142 si\u0119 czarny symbol \u017ca\u0142oby, a pod wpisem natychmiast zaroi\u0142o si\u0119 od komentarzy pe\u0142nych b\u00f3lu i solidarno\u015bci ze strony mieszka\u0144c\u00f3w oraz koleg\u00f3w po fachu.<\/p>\n\n\n\n<p><\/p>\n\n\n\n<iframe loading=\"lazy\" src=\"https:\/\/www.facebook.com\/plugins\/post.php?href=https%3A%2F%2Fwww.facebook.com%2Fpanstwowastraz.pozarna%2Fposts%2Fpfbid0pZ4TgUJevKRz9yR5qsMd6LHVmjJctH2e5UDPz29ouyeq9AiK8Kro4eiruFBnes7Bl&#038;show_text=true&#038;width=500\" width=\"500\" height=\"571\" style=\"border:none;overflow:hidden\" scrolling=\"no\" frameborder=\"0\" allowfullscreen=\"true\" allow=\"autoplay; clipboard-write; encrypted-media; picture-in-picture; web-share\"><\/iframe>\n\n\n\n<p>\u015aledztwo pod nadzorem prokuratury<br>Obecnie spraw\u0105 zajmuj\u0105 si\u0119 funkcjonariusze policji, kt\u00f3rzy pod nadzorem prokuratora staraj\u0105 si\u0119 dok\u0142adnie odtworzy\u0107 przebieg tragicznego poranka. Kluczowe dla \u015bledztwa b\u0119dzie ustalenie, co bezpo\u015brednio doprowadzi\u0142o do utraty przytomno\u015bci przez 40-letniego m\u0119\u017cczyzn\u0119 za kierownic\u0105.&nbsp;<\/p>\n\n\n\n<p>Cho\u0107 na ten moment m\u00f3wi si\u0119 o nieszcz\u0119\u015bliwym zdarzeniu, \u015bledczy musz\u0105 wykluczy\u0107 wszelkie ewentualne przyczyny zewn\u0119trzne. Prace na miejscu wypadku trwa\u0142y wiele godzin, a zebrany materia\u0142 dowodowy ma pos\u0142u\u017cy\u0107 do ostatecznego wyja\u015bnienia okoliczno\u015bci tej \u015bmierci. Dla rodziny i przyjaci\u00f3\u0142 Dawida Janeczka jest to czas niewyobra\u017calnego cierpienia, a dla lokalnej spo\u0142eczno\u015bci bolesna lekcja o krucho\u015bci ludzkiego \u017cycia. Ca\u0142a formacja stra\u017cacka \u0142\u0105czy si\u0119 w b\u00f3lu z bliskimi oficera, oddaj\u0105c mu cze\u015b\u0107 i pami\u0119\u0107 za lata ofiarnej s\u0142u\u017cby.<br><\/p>\n\n\n\n<p><\/p>\n","protected":false},"excerpt":{"rendered":"Tragiczne zdarzenie na ulicy Sieradzkiej wstrz\u0105sn\u0119\u0142o nie tylko mieszka\u0144cami, ale przede wszystkim s\u0142u\u017cbami ratunkowymi. Jak informuje policja oraz Komenda Powiatowa PSP w Sieradzu, \n<a class=\"moretag\" href=\"https:\/\/daily24.pl.ua\/?p=31777\"> [...]<\/a>","protected":false},"author":1,"featured_media":31778,"comment_status":"open","ping_status":"open","sticky":false,"template":"","format":"standard","meta":{"footnotes":""},"categories":[1],"tags":[],"class_list":["post-31777","post","type-post","status-publish","format-standard","has-post-thumbnail","hentry","category-blog"],"_links":{"self":[{"href":"https:\/\/daily24.pl.ua\/index.php?rest_route=\/wp\/v2\/posts\/31777","targetHints":{"allow":["GET"]}}],"collection":[{"href":"https:\/\/daily24.pl.ua\/index.php?rest_route=\/wp\/v2\/posts"}],"about":[{"href":"https:\/\/daily24.pl.ua\/index.php?rest_route=\/wp\/v2\/types\/post"}],"author":[{"embeddable":true,"href":"https:\/\/daily24.pl.ua\/index.php?rest_route=\/wp\/v2\/users\/1"}],"replies":[{"embeddable":true,"href":"https:\/\/daily24.pl.ua\/index.php?rest_route=%2Fwp%2Fv2%2Fcomments&post=31777"}],"version-history":[{"count":1,"href":"https:\/\/daily24.pl.ua\/index.php?rest_route=\/wp\/v2\/posts\/31777\/revisions"}],"predecessor-version":[{"id":31779,"href":"https:\/\/daily24.pl.ua\/index.php?rest_route=\/wp\/v2\/posts\/31777\/revisions\/31779"}],"wp:featuredmedia":[{"embeddable":true,"href":"https:\/\/daily24.pl.ua\/index.php?rest_route=\/wp\/v2\/media\/31778"}],"wp:attachment":[{"href":"https:\/\/daily24.pl.ua\/index.php?rest_route=%2Fwp%2Fv2%2Fmedia&parent=31777"}],"wp:term":[{"taxonomy":"category","embeddable":true,"href":"https:\/\/daily24.pl.ua\/index.php?rest_route=%2Fwp%2Fv2%2Fcategories&post=31777"},{"taxonomy":"post_tag","embeddable":true,"href":"https:\/\/daily24.pl.ua\/index.php?rest_route=%2Fwp%2Fv2%2Ftags&post=31777"}],"curies":[{"name":"wp","href":"https:\/\/api.w.org\/{rel}","templated":true}]}}