{"id":31952,"date":"2026-02-27T12:20:22","date_gmt":"2026-02-27T12:20:22","guid":{"rendered":"https:\/\/daily24.pl.ua\/?p=31952"},"modified":"2026-02-27T12:20:22","modified_gmt":"2026-02-27T12:20:22","slug":"bylo-tuz-przed-700-tragedia-na-polskiej-trasie-nie-zyja-dwie-osoby","status":"publish","type":"post","link":"https:\/\/daily24.pl.ua\/?p=31952","title":{"rendered":"By\u0142o tu\u017c przed 7:00. Tragedia na polskiej trasie. Nie \u017cyj\u0105 dwie osoby"},"content":{"rendered":"\n<p>Do \u015bmiertelnego w skutkach wypadku dosz\u0142o w pi\u0105tkowy poranek 27 lutego na jednej z polskich tras.<\/p>\n\n\n\n<p> Jak podaje lokalna policja, w wyniku czo\u0142owego zderzenia dw\u00f3ch pojazd\u00f3w na prostym odcinku trasy, zgin\u0119\u0142y dwie osoby, a jedna trafi\u0142a do szpitala. <\/p>\n\n\n\n<p>S\u0142u\u017cby pod nadzorem prokuratora wyja\u015bniaj\u0105 obecnie przyczyny tego zdarzenia. Droga w miejscu tragedii jest zablokowana, trwa pilna akcja s\u0142u\u017cb.<\/p>\n\n\n\n<p>Tragiczny wypadek na polskiej trasie. Nie \u017cyj\u0105 dwie osoby<br>Bilans ofiar i dzia\u0142ania ratownik\u00f3w<br>\u015aledztwo prokuratorskie i utrudnienia w ruchu<br>Tragiczny wypadek na polskiej trasie. Nie \u017cyj\u0105 dwie osoby<br>Wed\u0142ug oficjalnych ustale\u0144 Komendy Miejskiej Policji w Radomiu, do potwornego zdarzenia dosz\u0142o w pi\u0105tek, 27 lutego, oko\u0142o godziny 7:00. Na odcinku trasy \u0142\u0105cz\u0105cym Jedlni\u0119 z Pionkami mia\u0142o miejsce czo\u0142owe zderzenie dw\u00f3ch samochod\u00f3w osobowych marek Seat oraz Renault. Si\u0142a uderzenia by\u0142a na tyle du\u017ca, \u017ce oba pojazdy zosta\u0142y powa\u017cnie uszkodzone, a ich fragmenty zosta\u0142y rozrzucone na kilkunastometrowym odcinku jezdni.&nbsp;<\/p>\n\n\n\n<p>Na miejsce natychmiast zadysponowano wszystkie s\u0142u\u017cby ratunkowe, w tym stra\u017c po\u017carn\u0105 oraz zespo\u0142y medyczne. Obecnie policjanci zabezpieczaj\u0105 teren i gromadz\u0105 pierwsze dowody, kt\u00f3re pozwol\u0105 precyzyjnie odtworzy\u0107 przebieg tego zdarzenia. Droga w miejscu wypadku pozostaje ca\u0142kowicie nieprzejezdna dla wszystkich uczestnik\u00f3w ruchu drogowego, co generuje du\u017ce utrudnienia w tej cz\u0119\u015bci regionu.<\/p>\n\n\n\n<p><\/p>\n\n\n\n<p>Skutki porannego wypadku okaza\u0142y si\u0119 tragiczne dla uczestnik\u00f3w podr\u00f3\u017cy. Funkcjonariusze policji potwierdzili, \u017ce w wyniku odniesionych obra\u017ce\u0144 dwie osoby ponios\u0142y \u015bmier\u0107 na miejscu. Mimo natychmiastowej reanimacji podj\u0119tej przez przyby\u0142e na miejsce zespo\u0142y ratownictwa medycznego, \u017cycia poszkodowanych nie uda\u0142o si\u0119 uratowa\u0107. Trzecia osoba uczestnicz\u0105ca w zdarzeniu zosta\u0142a z powa\u017cnymi obra\u017ceniami przetransportowana do szpitala, gdzie przechodzi obecnie specjalistyczne badania diagnostyczne.\u00a0<\/p>\n\n\n\n<p>S\u0142u\u017cby nie ujawniaj\u0105 na razie to\u017csamo\u015bci ofiar, czekaj\u0105c na zako\u0144czenie procedur identyfikacyjnych oraz powiadomienie najbli\u017cszych cz\u0142onk\u00f3w rodzin. Teren akcji zosta\u0142 odgrodzony od os\u00f3b postronnych, aby umo\u017cliwi\u0107 technikom sprawne wykonywanie niezb\u0119dnych czynno\u015bci w warunkach zapewniaj\u0105cych poszanowanie godno\u015bci zmar\u0142ych os\u00f3b.<br><\/p>\n\n\n\n<p>\u015aledztwo prokuratorskie i utrudnienia w ruchu<br>Czynno\u015bci procesowe na trasie mi\u0119dzy Jedlni\u0105 a Pionkami prowadzone s\u0105 pod \u015bcis\u0142ym nadzorem prokuratora. Policyjni technicy kryminalistyki wykonuj\u0105 szczeg\u00f3\u0142ow\u0105 dokumentacj\u0119 fotograficzn\u0105, zabezpieczaj\u0105 \u015blady hamowania oraz sprawdzaj\u0105 stan techniczny obu wrak\u00f3w. Celem prowadzonego dochodzenia jest wyja\u015bnienie, czy do wypadku przyczyni\u0142a si\u0119 nadmierna pr\u0119dko\u015b\u0107, b\u0142\u0105d jednego z kierowc\u00f3w czy trudne warunki atmosferyczne.&nbsp;<\/p>\n\n\n\n<p>Droga wojew\u00f3dzka nr 737 pozostaje ca\u0142kowicie zablokowana, a mundurowi kieruj\u0105 samochody na wyznaczone objazdy drogami lokalnymi. Utrudnienia w tym rejonie potrwaj\u0105 co najmniej kilka godzin, a\u017c do czasu usuni\u0119cia zniszczonych aut przez pomoc drogow\u0105. Policja apeluje do wszystkich kierowc\u00f3w o cierpliwo\u015b\u0107 oraz zachowanie szczeg\u00f3lnej ostro\u017cno\u015bci podczas korzystania z tras alternatywnych w powiecie radomskim.<br><\/p>\n\n\n\n<iframe loading=\"lazy\" src=\"https:\/\/www.facebook.com\/plugins\/post.php?href=https%3A%2F%2Fwww.facebook.com%2Fpermalink.php%3Fstory_fbid%3Dpfbid03ASe6faoAJhFuGupyMR2NavkTgAbrdzRAXdh2WixVr9sFbGuVgfT1TMcUqmZ6G2Ul%26id%3D100064625504334&#038;show_text=true&#038;width=500\" width=\"500\" height=\"250\" style=\"border:none;overflow:hidden\" scrolling=\"no\" frameborder=\"0\" allowfullscreen=\"true\" allow=\"autoplay; clipboard-write; encrypted-media; picture-in-picture; web-share\"><\/iframe>\n","protected":false},"excerpt":{"rendered":"Do \u015bmiertelnego w skutkach wypadku dosz\u0142o w pi\u0105tkowy poranek 27 lutego na jednej z polskich tras. Jak podaje lokalna policja, w wyniku czo\u0142owego \n<a class=\"moretag\" href=\"https:\/\/daily24.pl.ua\/?p=31952\"> [...]<\/a>","protected":false},"author":1,"featured_media":31953,"comment_status":"open","ping_status":"open","sticky":false,"template":"","format":"standard","meta":{"footnotes":""},"categories":[1],"tags":[],"class_list":["post-31952","post","type-post","status-publish","format-standard","has-post-thumbnail","hentry","category-blog"],"_links":{"self":[{"href":"https:\/\/daily24.pl.ua\/index.php?rest_route=\/wp\/v2\/posts\/31952","targetHints":{"allow":["GET"]}}],"collection":[{"href":"https:\/\/daily24.pl.ua\/index.php?rest_route=\/wp\/v2\/posts"}],"about":[{"href":"https:\/\/daily24.pl.ua\/index.php?rest_route=\/wp\/v2\/types\/post"}],"author":[{"embeddable":true,"href":"https:\/\/daily24.pl.ua\/index.php?rest_route=\/wp\/v2\/users\/1"}],"replies":[{"embeddable":true,"href":"https:\/\/daily24.pl.ua\/index.php?rest_route=%2Fwp%2Fv2%2Fcomments&post=31952"}],"version-history":[{"count":1,"href":"https:\/\/daily24.pl.ua\/index.php?rest_route=\/wp\/v2\/posts\/31952\/revisions"}],"predecessor-version":[{"id":31954,"href":"https:\/\/daily24.pl.ua\/index.php?rest_route=\/wp\/v2\/posts\/31952\/revisions\/31954"}],"wp:featuredmedia":[{"embeddable":true,"href":"https:\/\/daily24.pl.ua\/index.php?rest_route=\/wp\/v2\/media\/31953"}],"wp:attachment":[{"href":"https:\/\/daily24.pl.ua\/index.php?rest_route=%2Fwp%2Fv2%2Fmedia&parent=31952"}],"wp:term":[{"taxonomy":"category","embeddable":true,"href":"https:\/\/daily24.pl.ua\/index.php?rest_route=%2Fwp%2Fv2%2Fcategories&post=31952"},{"taxonomy":"post_tag","embeddable":true,"href":"https:\/\/daily24.pl.ua\/index.php?rest_route=%2Fwp%2Fv2%2Ftags&post=31952"}],"curies":[{"name":"wp","href":"https:\/\/api.w.org\/{rel}","templated":true}]}}