{"id":31955,"date":"2026-02-27T14:05:29","date_gmt":"2026-02-27T14:05:29","guid":{"rendered":"https:\/\/daily24.pl.ua\/?p=31955"},"modified":"2026-02-27T14:05:29","modified_gmt":"2026-02-27T14:05:29","slug":"zdaniem-polakow-to-byl-najgorszy-prezydent-z-lechem-walesa-przegral-o-wlos","status":"publish","type":"post","link":"https:\/\/daily24.pl.ua\/?p=31955","title":{"rendered":"Zdaniem Polak\u00f3w to by\u0142 najgorszy prezydent. Z Lechem Wa\u0142\u0119s\u0105 przegra\u0142 o \u201ew\u0142os\u201d"},"content":{"rendered":"\n<p>W lutowym sonda\u017cu opinii publicznej, przeprowadzonym przez UCE Research na zlecenie Onetu, Polacy ocenili g\u0142owy pa\u0144stwa III Rzeczypospolitej i wskazali tych, kt\u00f3rych dzia\u0142ania zapad\u0142y im w pami\u0119\u0107 \u2014 pozytywnie lub negatywnie.<\/p>\n\n\n\n<p> Badanie pokazuje nie tylko, kto cieszy si\u0119 najwi\u0119kszym uznaniem w\u015br\u00f3d wyborc\u00f3w, ale te\u017c kto \u2014 zdaniem respondent\u00f3w \u2014 zapisa\u0142 si\u0119 w historii jako najs\u0142abiej oceniany prezydent Polski.<\/p>\n\n\n\n<p> O wynikach, kt\u00f3re mog\u0105 zaskoczy\u0107 zar\u00f3wno zwolennik\u00f3w, jak i krytyk\u00f3w kolejnych prezydent\u00f3w, m\u00f3wi ca\u0142a Polska.<\/p>\n\n\n\n<p>Aleksander Kwa\u015bniewski: Najlepszy prezydent Polski&nbsp;<br>Karol Nawrocki i Andrzej Duda: G\u0142owy pa\u0144stwa na podium<br>Kto jest najgorszym polskim prezydentem?<br>Aleksander Kwa\u015bniewski: Najlepszy prezydent Polski<br>Wed\u0142ug sonda\u017cu UCE Research przeprowadzonego na pocz\u0105tku lutego 2026 roku, najbardziej pozytywnie ocenianym prezydentem w historii III RP jest Aleksander Kwa\u015bniewski. W badaniu respondent\u00f3w pytano, kt\u00f3rego spo\u015br\u00f3d dotychczasowych prezydent\u00f3w oceniaj\u0105 najlepiej, a wynik Kwa\u015bniewskiego okaza\u0142 si\u0119 najwy\u017cszy \u2014 uzyska\u0142 29,6% wskaza\u0144 wszystkich badanych, co stawia go na pierwszym miejscu rankingu.<\/p>\n\n\n\n<p>Badanie obj\u0119\u0142o wszystkich prezydent\u00f3w III RP od 1989 roku i wskaza\u0142o wyra\u017ane preferencje Polak\u00f3w w ocenie ich dzia\u0142alno\u015bci publicznej. Kwa\u015bniewski, kt\u00f3ry sprawowa\u0142 urz\u0105d w latach 1995\u20132005, od lat jest postrzegany jako symbol stabilizacji i umiarkowania \u2014 i w\u0142a\u015bnie dlatego cz\u0119sto przewodzi podobnym zestawieniom. Cho\u0107 wynik Kwa\u015bniewskiego jest wyra\u017any i prowadzi przed innymi, to sonda\u017c pokazuje, \u017ce Polacy wci\u0105\u017c patrz\u0105 na oceny prezydent\u00f3w z pewnym dystansem. Wyb\u00f3r najlepszego w historii to nie tylko kwestia zas\u0142ug politycznych \u2014 to tak\u017ce emocjonalny bilans dekad, kt\u00f3re dla Polak\u00f3w by\u0142y czasami wzlot\u00f3w i upadk\u00f3w.<\/p>\n\n\n\n<figure class=\"wp-block-image size-large\"><img loading=\"lazy\" decoding=\"async\" width=\"1024\" height=\"576\" src=\"https:\/\/daily24.pl.ua\/wp-content\/uploads\/2026\/02\/image-119-1024x576.png\" alt=\"\" class=\"wp-image-31956\" srcset=\"https:\/\/daily24.pl.ua\/wp-content\/uploads\/2026\/02\/image-119-1024x576.png 1024w, https:\/\/daily24.pl.ua\/wp-content\/uploads\/2026\/02\/image-119-300x169.png 300w, https:\/\/daily24.pl.ua\/wp-content\/uploads\/2026\/02\/image-119-768x432.png 768w, https:\/\/daily24.pl.ua\/wp-content\/uploads\/2026\/02\/image-119-1536x864.png 1536w, https:\/\/daily24.pl.ua\/wp-content\/uploads\/2026\/02\/image-119.png 1920w\" sizes=\"auto, (max-width: 1024px) 100vw, 1024px\" \/><\/figure>\n\n\n\n<p>Karol Nawrocki i Andrzej Duda: G\u0142owy pa\u0144stwa na podium<br>Za Kwa\u015bniewskim uplasowa\u0142 si\u0119 Karol Nawrocki, obecny prezydent Polski, kt\u00f3ry zebra\u0142 w tym samym sonda\u017cu 25,1% g\u0142os\u00f3w. To wynik, kt\u00f3ry plasuje go tu\u017c za liderem rankingu, cho\u0107 do pierwszego miejsca brakuje mu kilku punkt\u00f3w procentowych. Dla wielu komentator\u00f3w to dow\u00f3d na to, \u017ce polska polityka wci\u0105\u017c jest aren\u0105 dynamicznych zmian i \u017ce nowe pokolenie wyborc\u00f3w z ciekawo\u015bci\u0105 patrzy na dzia\u0142ania aktualnego prezydenta.<\/p>\n\n\n\n<p>Na trzecim miejscu znalaz\u0142 si\u0119 Andrzej Duda, kt\u00f3ry uzyska\u0142 12,4% wskaza\u0144 badanych. Duda, kt\u00f3ry pe\u0142ni\u0142 urz\u0105d prezydenta przez dwie kadencje (2015\u20132025), cz\u0119sto pojawia si\u0119 w rankingach zar\u00f3wno w kontek\u015bcie sukces\u00f3w, jak i kontrowersji \u2014 co wida\u0107 tak\u017ce w tym sonda\u017cu. Dalsze pozycje zaj\u0119li m.in. Lech Kaczy\u0144ski (8,9%) oraz Lech Wa\u0142\u0119sa (5,4%) \u2014 ten ostatni to posta\u0107 historyczna, kt\u00f3ra jednak w rankingu popularno\u015bci politycznej wypad\u0142a znacznie s\u0142abiej ni\u017c mog\u0142oby si\u0119 wydawa\u0107 z perspektywy jego legendarnych zas\u0142ug.<br><\/p>\n\n\n\n<p>Kto jest najgorszym polskim prezydentem?<br>Cho\u0107 wi\u0119kszo\u015b\u0107 uwagi w sonda\u017cu skupia si\u0119 na tym, kto jest najlepszy, r\u00f3wnie interesuj\u0105ce s\u0105 wyniki na samym ko\u0144cu rankingu. Okazuje si\u0119, \u017ce \u2014 zdaniem Polak\u00f3w \u2014 najgorzej ocenianym prezydentem w historii III RP jest Bronis\u0142aw Komorowski, kt\u00f3ry w badaniu uzyska\u0142 najmniej wskaza\u0144 jako najlepiej oceniany (zaledwie 4%).<\/p>\n\n\n\n<p>Nieco wy\u017cej, ale wci\u0105\u017c blisko dolnej cz\u0119\u015bci zestawienia, uplasowa\u0142 si\u0119 Lech Wa\u0142\u0119sa, legenda \u201eSolidarno\u015bci\u201d i pierwszy prezydent III RP (urz\u0105d od 1990 do 1995), kt\u00f3ry otrzyma\u0142 5,4% wskaza\u0144. W praktyce oznacza to, \u017ce r\u00f3\u017cnica mi\u0119dzy \u201enajgorszym ocenianym\u201d a kolejnym w rankingu by\u0142a wyj\u0105tkowo niewielka \u2014 Wa\u0142\u0119sa przegra\u0142 o \u201ew\u0142os\u201d, co mo\u017ce \u015bwiadczy\u0107 o tym, jak ambiwalentne s\u0105 oceny Polak\u00f3w wobec swojej politycznej historii.<\/p>\n\n\n\n<p>Sumuj\u0105c wyniki najnowszych bada\u0144, mo\u017cna \u015bmia\u0142o powiedzie\u0107, \u017ce Polacy s\u0105 niezwykle wymagaj\u0105cymi s\u0119dziami swoich przyw\u00f3dc\u00f3w. Oceny prezydent\u00f3w \u0142\u0105cz\u0105 elementy racjonalnej analizy ich dokona\u0144 z emocjonalnymi wspomnieniami spo\u0142ecznymi \u2014 i to w\u0142a\u015bnie sprawia, \u017ce ka\u017cdy ranking polityczny wywo\u0142uje dzi\u015b gor\u0105c\u0105 dyskusj\u0119 publiczn\u0105. Podium zamyka za\u015b ocena dzia\u0142a\u0144 Bronis\u0142awa Komorowskiego, kt\u00f3ry uzyska\u0142 jedynie 4% wskaza\u0144 jako najlepiej oceniany prezydent. Ten wynik pokazuje, \u017ce polska pami\u0119\u0107 polityczna jest selektywna i \u017ce up\u0142yw czasu potrafi przewarto\u015bciowa\u0107 dorobek urz\u0119dnik\u00f3w najwy\u017cszego szczebla.<\/p>\n\n\n\n<p><\/p>\n\n\n\n<figure class=\"wp-block-image size-large\"><img loading=\"lazy\" decoding=\"async\" width=\"1024\" height=\"576\" src=\"https:\/\/daily24.pl.ua\/wp-content\/uploads\/2026\/02\/image-120-1024x576.png\" alt=\"\" class=\"wp-image-31957\" srcset=\"https:\/\/daily24.pl.ua\/wp-content\/uploads\/2026\/02\/image-120-1024x576.png 1024w, https:\/\/daily24.pl.ua\/wp-content\/uploads\/2026\/02\/image-120-300x169.png 300w, https:\/\/daily24.pl.ua\/wp-content\/uploads\/2026\/02\/image-120-768x432.png 768w, https:\/\/daily24.pl.ua\/wp-content\/uploads\/2026\/02\/image-120-1536x864.png 1536w, https:\/\/daily24.pl.ua\/wp-content\/uploads\/2026\/02\/image-120.png 1920w\" sizes=\"auto, (max-width: 1024px) 100vw, 1024px\" \/><\/figure>\n\n\n\n<figure class=\"wp-block-image size-large\"><img loading=\"lazy\" decoding=\"async\" width=\"1024\" height=\"576\" src=\"https:\/\/daily24.pl.ua\/wp-content\/uploads\/2026\/02\/image-121-1024x576.png\" alt=\"\" class=\"wp-image-31958\" srcset=\"https:\/\/daily24.pl.ua\/wp-content\/uploads\/2026\/02\/image-121-1024x576.png 1024w, https:\/\/daily24.pl.ua\/wp-content\/uploads\/2026\/02\/image-121-300x169.png 300w, https:\/\/daily24.pl.ua\/wp-content\/uploads\/2026\/02\/image-121-768x432.png 768w, https:\/\/daily24.pl.ua\/wp-content\/uploads\/2026\/02\/image-121-1536x864.png 1536w, https:\/\/daily24.pl.ua\/wp-content\/uploads\/2026\/02\/image-121.png 1920w\" sizes=\"auto, (max-width: 1024px) 100vw, 1024px\" \/><\/figure>\n","protected":false},"excerpt":{"rendered":"W lutowym sonda\u017cu opinii publicznej, przeprowadzonym przez UCE Research na zlecenie Onetu, Polacy ocenili g\u0142owy pa\u0144stwa III Rzeczypospolitej i wskazali tych, kt\u00f3rych dzia\u0142ania \n<a class=\"moretag\" href=\"https:\/\/daily24.pl.ua\/?p=31955\"> [...]<\/a>","protected":false},"author":1,"featured_media":31960,"comment_status":"open","ping_status":"open","sticky":false,"template":"","format":"standard","meta":{"footnotes":""},"categories":[1],"tags":[],"class_list":["post-31955","post","type-post","status-publish","format-standard","has-post-thumbnail","hentry","category-blog"],"_links":{"self":[{"href":"https:\/\/daily24.pl.ua\/index.php?rest_route=\/wp\/v2\/posts\/31955","targetHints":{"allow":["GET"]}}],"collection":[{"href":"https:\/\/daily24.pl.ua\/index.php?rest_route=\/wp\/v2\/posts"}],"about":[{"href":"https:\/\/daily24.pl.ua\/index.php?rest_route=\/wp\/v2\/types\/post"}],"author":[{"embeddable":true,"href":"https:\/\/daily24.pl.ua\/index.php?rest_route=\/wp\/v2\/users\/1"}],"replies":[{"embeddable":true,"href":"https:\/\/daily24.pl.ua\/index.php?rest_route=%2Fwp%2Fv2%2Fcomments&post=31955"}],"version-history":[{"count":1,"href":"https:\/\/daily24.pl.ua\/index.php?rest_route=\/wp\/v2\/posts\/31955\/revisions"}],"predecessor-version":[{"id":31961,"href":"https:\/\/daily24.pl.ua\/index.php?rest_route=\/wp\/v2\/posts\/31955\/revisions\/31961"}],"wp:featuredmedia":[{"embeddable":true,"href":"https:\/\/daily24.pl.ua\/index.php?rest_route=\/wp\/v2\/media\/31960"}],"wp:attachment":[{"href":"https:\/\/daily24.pl.ua\/index.php?rest_route=%2Fwp%2Fv2%2Fmedia&parent=31955"}],"wp:term":[{"taxonomy":"category","embeddable":true,"href":"https:\/\/daily24.pl.ua\/index.php?rest_route=%2Fwp%2Fv2%2Fcategories&post=31955"},{"taxonomy":"post_tag","embeddable":true,"href":"https:\/\/daily24.pl.ua\/index.php?rest_route=%2Fwp%2Fv2%2Ftags&post=31955"}],"curies":[{"name":"wp","href":"https:\/\/api.w.org\/{rel}","templated":true}]}}