{"id":32014,"date":"2026-02-28T11:35:34","date_gmt":"2026-02-28T11:35:34","guid":{"rendered":"https:\/\/daily24.pl.ua\/?p=32014"},"modified":"2026-02-28T11:35:34","modified_gmt":"2026-02-28T11:35:34","slug":"bylo-tuz-po-900-koszmarny-wypadek-w-sobotni-poranek-sa-ranni-droga-jest-calkowicie-zablokowana","status":"publish","type":"post","link":"https:\/\/daily24.pl.ua\/?p=32014","title":{"rendered":"By\u0142o tu\u017c po 9:00. Koszmarny wypadek w sobotni poranek. S\u0105 ranni, droga jest ca\u0142kowicie zablokowana"},"content":{"rendered":"\n<p>Do zderzenia dw\u00f3ch samochod\u00f3w osobowych dosz\u0142o w sobotni poranek 28 lutego na jednej z polskich tras. <\/p>\n\n\n\n<p>Na miejscu bardzo szybko zjawi\u0142y si\u0119 s\u0142u\u017cby ratunkowe, kt\u00f3re przyst\u0105pi\u0142y do dzia\u0142a\u0144 ratunkowych. Wiadomo, \u017ce s\u0105 osoby poszkodowane. <\/p>\n\n\n\n<p>Droga jest ca\u0142kowicie zablokowana w obu kierunkach. Aktualnie trwa pilna akcja s\u0142u\u017cb.<\/p>\n\n\n\n<p>Dramatyczny wypadek na polskiej trasie. S\u0105 ranni&nbsp;<br>Na miejscu pracuj\u0105 policja, stra\u017c po\u017carna oraz ratownictwo medyczne<br>DK 28 ca\u0142kowicie zablokowana \u2013 ruch wstrzymany na ca\u0142ym odcinku<br>Dramat w sobotni poranek. Zderzenie dw\u00f3ch samochod\u00f3w osobowych<br>Do pora\u017caj\u0105cego zdarzenia dosz\u0142o w sobot\u0119 28 lutego 2026 roku tu\u017c przed godzin\u0105 9:00 rano. Wed\u0142ug informacji przekazanych przez lokalne portale, na drodze krajowej nr 28 zderzy\u0142y si\u0119 dwa samochody osobowe.<\/p>\n\n\n\n<p>Miejsce kolizji zlokalizowano na wysoko\u015bci miejscowo\u015bci Bystra Podhala\u0144ska (powiat suski). Na razie nie ustalono dok\u0142adnych przyczyn zdarzenia. Policja prowadzi czynno\u015bci na miejscu i zbiera \u015blady. Nie ma jeszcze potwierdzonych informacji o stanie technicznym pojazd\u00f3w ani o ewentualnym udziale innych czynnik\u00f3w, takich jak warunki pogodowe.<\/p>\n\n\n\n<p><\/p>\n\n\n\n<figure class=\"wp-block-image size-large\"><img loading=\"lazy\" decoding=\"async\" width=\"1024\" height=\"576\" src=\"https:\/\/daily24.pl.ua\/wp-content\/uploads\/2026\/02\/image-123-1024x576.png\" alt=\"\" class=\"wp-image-32015\" srcset=\"https:\/\/daily24.pl.ua\/wp-content\/uploads\/2026\/02\/image-123-1024x576.png 1024w, https:\/\/daily24.pl.ua\/wp-content\/uploads\/2026\/02\/image-123-300x169.png 300w, https:\/\/daily24.pl.ua\/wp-content\/uploads\/2026\/02\/image-123-768x432.png 768w, https:\/\/daily24.pl.ua\/wp-content\/uploads\/2026\/02\/image-123-1536x864.png 1536w, https:\/\/daily24.pl.ua\/wp-content\/uploads\/2026\/02\/image-123.png 1920w\" sizes=\"auto, (max-width: 1024px) 100vw, 1024px\" \/><\/figure>\n\n\n\n<p>Utrudnienia w ruchu i wprowadzone objazdy<br>Droga krajowa nr 28 pozostaje ca\u0142kowicie zablokowana w obu kierunkach. Kierowcy napotykaj\u0105 znaczne utrudnienia i mo\u017cliwe op\u00f3\u017anienia w podr\u00f3\u017cy.<\/p>\n\n\n\n<p>S\u0142u\u017cby wprowadzi\u0142y objazdy i apeluj\u0105 o korzystanie z tras alternatywnych. Zalecany jest objazd przez okoliczne miejscowo\u015bci, w tym przez Bystra Podhala\u0144ska tam, gdzie jest to mo\u017cliwe.<\/p>\n\n\n\n<p>Policja i stra\u017c po\u017carna kieruj\u0105 ruchem wahad\u0142owo w najbli\u017cszej okolicy i prosz\u0105 o zachowanie szczeg\u00f3lnej ostro\u017cno\u015bci. Aktualizacja o przywr\u00f3ceniu ruchu b\u0119dzie podana po zako\u0144czeniu dzia\u0142a\u0144 ratunkowych i policyjnych.<br><\/p>\n\n\n\n<p>Dzia\u0142ania s\u0142u\u017cb ratunkowych na miejscu<br>Na miejscu zdarzenia natychmiast pojawi\u0142y si\u0119 zast\u0119py stra\u017cy po\u017carnej, policji oraz zespo\u0142u ratownictwa medycznego. Ratownicy udzielili pomocy dw\u00f3m poszkodowanym osobom.<\/p>\n\n\n\n<p>Jedna z rannych os\u00f3b pozostaje pod opiek\u0105 lekarzy na miejscu. Nie ma informacji o przewiezieniu poszkodowanych do szpitala.<\/p>\n\n\n\n<p>S\u0142u\u017cby zabezpieczy\u0142y teren wypadku i prowadz\u0105 niezb\u0119dne czynno\u015bci. Apeluj\u0105 jednocze\u015bnie do wszystkich kierowc\u00f3w o stosowanie si\u0119 do ich polece\u0144, aby nie dochodzi\u0142o do dodatkowych zagro\u017ce\u0144 w rejonie kolizji.<\/p>\n\n\n\n<p>Co wiadomo o dalszym przebiegu wydarze\u0144<br>Policja potwierdza, \u017ce wyja\u015bnianie okoliczno\u015bci potrwa jeszcze jaki\u015b czas. Na razie nie og\u0142oszono dodatkowych komunikat\u00f3w w sprawie przyczyn ani ewentualnych mandat\u00f3w.<\/p>\n\n\n\n<p>Kierowcy podr\u00f3\u017cuj\u0105cy w kierunku Mak\u00f3w Podhala\u0144ski lub Jordan\u00f3w powinni na bie\u017c\u0105co sprawdza\u0107 komunikaty GDDKiA oraz lokalnych s\u0142u\u017cb.<\/p>\n\n\n\n<p>Droga krajowa nr 28 to wa\u017cna trasa w regionie Podhala \u2013 jej zablokowanie wp\u0142ywa na ruch zar\u00f3wno lokalny, jak i tranzytowy. Aktualne informacje b\u0119d\u0105 przekazywane na bie\u017c\u0105co przez portale spo\u0142eczno\u015bciowe powiatu suskiego i ma\u0142opolskiej policji.<br><\/p>\n\n\n\n<p><\/p>\n","protected":false},"excerpt":{"rendered":"Do zderzenia dw\u00f3ch samochod\u00f3w osobowych dosz\u0142o w sobotni poranek 28 lutego na jednej z polskich tras. Na miejscu bardzo szybko zjawi\u0142y si\u0119 s\u0142u\u017cby \n<a class=\"moretag\" href=\"https:\/\/daily24.pl.ua\/?p=32014\"> [...]<\/a>","protected":false},"author":1,"featured_media":32016,"comment_status":"open","ping_status":"open","sticky":false,"template":"","format":"standard","meta":{"footnotes":""},"categories":[1],"tags":[],"class_list":["post-32014","post","type-post","status-publish","format-standard","has-post-thumbnail","hentry","category-blog"],"_links":{"self":[{"href":"https:\/\/daily24.pl.ua\/index.php?rest_route=\/wp\/v2\/posts\/32014","targetHints":{"allow":["GET"]}}],"collection":[{"href":"https:\/\/daily24.pl.ua\/index.php?rest_route=\/wp\/v2\/posts"}],"about":[{"href":"https:\/\/daily24.pl.ua\/index.php?rest_route=\/wp\/v2\/types\/post"}],"author":[{"embeddable":true,"href":"https:\/\/daily24.pl.ua\/index.php?rest_route=\/wp\/v2\/users\/1"}],"replies":[{"embeddable":true,"href":"https:\/\/daily24.pl.ua\/index.php?rest_route=%2Fwp%2Fv2%2Fcomments&post=32014"}],"version-history":[{"count":1,"href":"https:\/\/daily24.pl.ua\/index.php?rest_route=\/wp\/v2\/posts\/32014\/revisions"}],"predecessor-version":[{"id":32017,"href":"https:\/\/daily24.pl.ua\/index.php?rest_route=\/wp\/v2\/posts\/32014\/revisions\/32017"}],"wp:featuredmedia":[{"embeddable":true,"href":"https:\/\/daily24.pl.ua\/index.php?rest_route=\/wp\/v2\/media\/32016"}],"wp:attachment":[{"href":"https:\/\/daily24.pl.ua\/index.php?rest_route=%2Fwp%2Fv2%2Fmedia&parent=32014"}],"wp:term":[{"taxonomy":"category","embeddable":true,"href":"https:\/\/daily24.pl.ua\/index.php?rest_route=%2Fwp%2Fv2%2Fcategories&post=32014"},{"taxonomy":"post_tag","embeddable":true,"href":"https:\/\/daily24.pl.ua\/index.php?rest_route=%2Fwp%2Fv2%2Ftags&post=32014"}],"curies":[{"name":"wp","href":"https:\/\/api.w.org\/{rel}","templated":true}]}}