{"id":32102,"date":"2026-03-02T09:00:41","date_gmt":"2026-03-02T09:00:41","guid":{"rendered":"https:\/\/daily24.pl.ua\/?p=32102"},"modified":"2026-03-02T09:00:41","modified_gmt":"2026-03-02T09:00:41","slug":"tlumy-pod-ambasada-ukrainy-w-warszawie-padly-mocne-hasla","status":"publish","type":"post","link":"https:\/\/daily24.pl.ua\/?p=32102","title":{"rendered":"T\u0142umy pod ambasad\u0105 Ukrainy w Warszawie. Pad\u0142y mocne has\u0142a"},"content":{"rendered":"\n<p>Przed ambasad\u0105 Ukrainy w Warszawie zrobi\u0142o si\u0119 g\u0142o\u015bno. W sieci pojawi\u0142o si\u0119 nagranie, na kt\u00f3rym wida\u0107 t\u0142um z bia\u0142o-czerwonymi flagami i s\u0142ycha\u0107 mocne has\u0142a.<\/p>\n\n\n\n<p> Sprawa szybko wywo\u0142a\u0142a lawin\u0119 komentarzy.<\/p>\n\n\n\n<p>Janusz Kowalski \u2013 kim jest pose\u0142 PiS i jaka jest jego droga polityczna?<br>Janusz Kowalski przed ambasad\u0105 Ukrainy w Warszawie<\/p>\n\n\n\n<p><br>Burza w sieci po wpisie Kowalskiego. Ostre komentarze i odpowied\u017a pos\u0142a<br>Janusz Kowalski \u2013 kim jest pose\u0142 PiS i jaka jest jego droga polityczna?<br>Janusz Marcin Kowalski, urodzony 11 kwietnia 1978 roku w Opolu, to polityk i prawnik, kt\u00f3ry od lat funkcjonuje w krajowej polityce oraz administracji publicznej. Jest pos\u0142em na Sejm IX i X kadencji, a wcze\u015bniej pe\u0142ni\u0142 funkcje w rz\u0105dzie oraz samorz\u0105dzie. Jego \u015bcie\u017cka zawodowa i partyjna by\u0142a jednak znacznie bardziej z\u0142o\u017cona, ni\u017c mog\u0142oby si\u0119 wydawa\u0107 na pierwszy rzut oka.<\/p>\n\n\n\n<p>Uko\u0144czy\u0142 III Liceum Og\u00f3lnokszta\u0142c\u0105ce w Opolu, a nast\u0119pnie studiowa\u0142 na Wydziale Prawa i Administracji Uniwersytetu \u0141\u00f3dzkiego, gdzie zdoby\u0142 tytu\u0142 magistra administracji w 2004 roku oraz magistra prawa w 2008 roku. Swoje wykszta\u0142cenie uzupe\u0142ni\u0142 studiami podyplomowymi z zakresu prawa sp\u00f3\u0142ek na Uniwersytecie Warszawskim, kt\u00f3re zako\u0144czy\u0142 w 2011 roku.<\/p>\n\n\n\n<p>Politycznie zaczyna\u0142 w \u015brodowiskach m\u0142odzie\u017cowych zwi\u0105zanych z Uni\u0105 Wolno\u015bci, dzia\u0142aj\u0105c w M\u0142odych Demokratach. P\u00f3\u017aniej zwi\u0105za\u0142 si\u0119 ze stowarzyszeniem M\u0142odzi Konserwaty\u015bci, do kt\u00f3rego przyst\u0105pi\u0142 w 1997 roku w \u0141odzi, a ju\u017c rok p\u00f3\u017aniej wsp\u00f3\u0142tworzy\u0142 jego struktury w Opolu. By\u0142 r\u00f3wnie\u017c zwi\u0105zany ze Stronnictwem Konserwatywno-Ludowym, wchodz\u0105cym w sk\u0142ad Akcji Wyborczej Solidarno\u015b\u0107. W kolejnych latach przeszed\u0142 do Przymierza Prawicy, a nast\u0119pnie do Prawa i Sprawiedliwo\u015bci.<\/p>\n\n\n\n<p>W 2002 roku uzyska\u0142 mandat radnego Opola z lokalnego komitetu wyborczego. W p\u00f3\u017aniejszych latach by\u0142 tak\u017ce cz\u0142onkiem Platformy Obywatelskiej, z kt\u00f3rej jednak odszed\u0142 po konflikcie wewn\u0119trznym. R\u00f3wnolegle anga\u017cowa\u0142 si\u0119 w dzia\u0142alno\u015b\u0107 spo\u0142eczn\u0105 \u2013 w latach 2003\u20132008 sta\u0142 na czele Stowarzyszenia \u201eStop Korupcji\u201d.<\/p>\n\n\n\n<p>Jego kariera obejmowa\u0142a r\u00f3wnie\u017c stanowiska w administracji rz\u0105dowej i sp\u00f3\u0142kach Skarbu Pa\u0144stwa. Pracowa\u0142 m.in. w Ministerstwie Gospodarki oraz w Biurze Bezpiecze\u0144stwa Narodowego. W latach 2014\u20132015 by\u0142 zast\u0119pc\u0105 prezydenta Opola. Zasiada\u0142 w zarz\u0105dach i radach nadzorczych takich podmiot\u00f3w jak PGNiG, Polska Wytw\u00f3rnia Papier\u00f3w Warto\u015bciowych, Poczta Polska czy KGHM Polska Mied\u017a.<\/p>\n\n\n\n<p>W 2019 roku, startuj\u0105c jako przedstawiciel Solidarnej Polski z listy PiS, zdoby\u0142 mandat pos\u0142a w okr\u0119gu nr 21, uzyskuj\u0105c 20 973 g\u0142osy. Po wyborach zosta\u0142 sekretarzem stanu w Ministerstwie Aktyw\u00f3w Pa\u0144stwowych. W 2022 roku obj\u0105\u0142 stanowisko sekretarza stanu w Ministerstwie Rolnictwa i Rozwoju Wsi. W 2023 roku ponownie uzyska\u0142 mandat poselski, tym razem zdobywaj\u0105c 14 593 g\u0142osy. W 2024 roku wr\u00f3ci\u0142 do Prawa i Sprawiedliwo\u015bci i wszed\u0142 w sk\u0142ad komitetu wykonawczego partii.<\/p>\n\n\n\n<p><\/p>\n\n\n\n<figure class=\"wp-block-image size-large\"><img loading=\"lazy\" decoding=\"async\" width=\"1024\" height=\"576\" src=\"https:\/\/daily24.pl.ua\/wp-content\/uploads\/2026\/03\/image-3-1024x576.png\" alt=\"\" class=\"wp-image-32104\" srcset=\"https:\/\/daily24.pl.ua\/wp-content\/uploads\/2026\/03\/image-3-1024x576.png 1024w, https:\/\/daily24.pl.ua\/wp-content\/uploads\/2026\/03\/image-3-300x169.png 300w, https:\/\/daily24.pl.ua\/wp-content\/uploads\/2026\/03\/image-3-768x432.png 768w, https:\/\/daily24.pl.ua\/wp-content\/uploads\/2026\/03\/image-3-1536x864.png 1536w, https:\/\/daily24.pl.ua\/wp-content\/uploads\/2026\/03\/image-3.png 1920w\" sizes=\"auto, (max-width: 1024px) 100vw, 1024px\" \/><\/figure>\n\n\n\n<p>Janusz Kowalski przed ambasad\u0105 Ukrainy w Warszawie. Nagranie i has\u0142o \u201eWo\u0142y\u0144! Pami\u0119tamy!\u201d<br>1 marca na platformie X Janusz Kowalski zamie\u015bci\u0142 wpis, kt\u00f3ry b\u0142yskawicznie przyci\u0105gn\u0105\u0142 uwag\u0119 u\u017cytkownik\u00f3w.<\/p>\n\n\n\n<p>\u2013 Wo\u0142y\u0144! Wo\u0142y\u0144! Pami\u0119tamy! T\u0142um skanduje przed ukrai\u0144sk\u0105 ambasad\u0105 w Warszawie \u2013 napisa\u0142 Janusz Kowalski na platformie X.<\/p>\n\n\n\n<p>Do wpisu do\u0142\u0105czony zosta\u0142 kr\u00f3tki film. Wida\u0107 na nim, jak polityk idzie ulic\u0105 w otoczeniu grupy os\u00f3b trzymaj\u0105cych polskie flagi. Z nagrania wyra\u017anie s\u0142ycha\u0107 powtarzane przez uczestnik\u00f3w has\u0142o: \u201eWo\u0142y\u0144! Wo\u0142y\u0144! Pami\u0119tamy!\u201d. T\u0142um porusza si\u0119 w kierunku ambasady Ukrainy w Warszawie, a atmosfera ma charakter manifestacji.<\/p>\n\n\n\n<p>Nagranie szybko zacz\u0119\u0142o kr\u0105\u017cy\u0107 w mediach spo\u0142eczno\u015bciowych. Jedni uznali je za wyraz przypominania o historycznych krzywdach, inni odczytali jako dzia\u0142anie wymierzone w relacje polsko-ukrai\u0144skie w obecnej sytuacji mi\u0119dzynarodowej. Sam wpis by\u0142 kr\u00f3tki, ale przekaz \u2013 wzmocniony obrazem i okrzykami \u2013 wywo\u0142a\u0142 szerok\u0105 dyskusj\u0119.<br><\/p>\n\n\n\n<p>Burza w sieci po wpisie Kowalskiego. Ostre komentarze i odpowied\u017a pos\u0142a<br>Pod opublikowanym nagraniem pojawi\u0142o si\u0119 wiele g\u0142os\u00f3w krytycznych. Cz\u0119\u015b\u0107 internaut\u00f3w zarzuca\u0142a politykowi wybi\u00f3rcze podej\u015bcie do historii i brak konsekwencji w publicznych dzia\u0142aniach.<\/p>\n\n\n\n<p>W komentarzach mo\u017cna by\u0142o przeczyta\u0107 mi\u0119dzy innymi:&nbsp;<\/p>\n\n\n\n<p>\u2013 Nagle sobie przypomnia\u0142e\u015b? \u2013 napisa\u0142 jeden z u\u017cytkownik\u00f3w platformy X pod wpisem Janusza Kowalskiego.<\/p>\n\n\n\n<p>Inny komentuj\u0105cy zwr\u00f3ci\u0142 si\u0119 bezpo\u015brednio do pos\u0142a s\u0142owami:&nbsp;<\/p>\n\n\n\n<p>\u2013 Dlaczego NIGDY nie skandowa\u0142e\u015b @JKowalski_posel pod ambasad\u0105 rosji? Nie s\u0142ysza\u0142e\u015b o Katyniu? \u2013 pisa\u0142 u\u017cytkownik platformy X w odpowiedzi na wpis Janusza Kowalskiego.<\/p>\n\n\n\n<p>Pojawi\u0142y si\u0119 tak\u017ce mocniejsze oskar\u017cenia, jak cho\u0107by:&nbsp;<\/p>\n\n\n\n<p>\u2013 Czy wy zwariowali\u015bcie? Jeste\u015bcie agentur\u0105 Moskwy? \u2013 pyta\u0142 jeden z komentuj\u0105cych.<\/p>\n\n\n\n<p>Na ostatni komentarz pose\u0142 zdecydowa\u0142 si\u0119 odpowiedzie\u0107 osobi\u015bcie.<\/p>\n\n\n\n<p>\u2013 Panie Piotrze! M\u00f3j \u015bp. Tata urodzi\u0142 si\u0119 na Wo\u0142yniu. Ludob\u00f3jstwo na Wo\u0142yniu dokonane na Polakach przez Ukrai\u0144c\u00f3w nie zosta\u0142o rozliczone. Pana s\u0142owa bardzo bol\u0105. \u2013 pisa\u0142 Janusz Kowalski w odpowiedzi na komentarz.<br><\/p>\n\n\n\n<blockquote class=\"twitter-tweet\"><p lang=\"pl\" dir=\"ltr\">Wo\u0142y\u0144! Wo\u0142y\u0144! Pami\u0119tamy!&#x1f1f5;&#x1f1f1;<br><br>T\u0142um skanduje przed ukrai\u0144sk\u0105 ambasad\u0105 w Warszawie. <a href=\"https:\/\/t.co\/7ixym6oScs\">pic.twitter.com\/7ixym6oScs<\/a><\/p>&mdash; Janusz Kowalski &#x1f1f5;&#x1f1f1; (@JKowalski_posel) <a href=\"https:\/\/twitter.com\/JKowalski_posel\/status\/2028158895512813962?ref_src=twsrc%5Etfw\">March 1, 2026<\/a><\/blockquote> <script async src=\"https:\/\/platform.twitter.com\/widgets.js\" charset=\"utf-8\"><\/script>\n","protected":false},"excerpt":{"rendered":"Przed ambasad\u0105 Ukrainy w Warszawie zrobi\u0142o si\u0119 g\u0142o\u015bno. W sieci pojawi\u0142o si\u0119 nagranie, na kt\u00f3rym wida\u0107 t\u0142um z bia\u0142o-czerwonymi flagami i s\u0142ycha\u0107 mocne \n<a class=\"moretag\" href=\"https:\/\/daily24.pl.ua\/?p=32102\"> [...]<\/a>","protected":false},"author":1,"featured_media":32103,"comment_status":"open","ping_status":"open","sticky":false,"template":"","format":"standard","meta":{"footnotes":""},"categories":[1],"tags":[],"class_list":["post-32102","post","type-post","status-publish","format-standard","has-post-thumbnail","hentry","category-blog"],"_links":{"self":[{"href":"https:\/\/daily24.pl.ua\/index.php?rest_route=\/wp\/v2\/posts\/32102","targetHints":{"allow":["GET"]}}],"collection":[{"href":"https:\/\/daily24.pl.ua\/index.php?rest_route=\/wp\/v2\/posts"}],"about":[{"href":"https:\/\/daily24.pl.ua\/index.php?rest_route=\/wp\/v2\/types\/post"}],"author":[{"embeddable":true,"href":"https:\/\/daily24.pl.ua\/index.php?rest_route=\/wp\/v2\/users\/1"}],"replies":[{"embeddable":true,"href":"https:\/\/daily24.pl.ua\/index.php?rest_route=%2Fwp%2Fv2%2Fcomments&post=32102"}],"version-history":[{"count":1,"href":"https:\/\/daily24.pl.ua\/index.php?rest_route=\/wp\/v2\/posts\/32102\/revisions"}],"predecessor-version":[{"id":32105,"href":"https:\/\/daily24.pl.ua\/index.php?rest_route=\/wp\/v2\/posts\/32102\/revisions\/32105"}],"wp:featuredmedia":[{"embeddable":true,"href":"https:\/\/daily24.pl.ua\/index.php?rest_route=\/wp\/v2\/media\/32103"}],"wp:attachment":[{"href":"https:\/\/daily24.pl.ua\/index.php?rest_route=%2Fwp%2Fv2%2Fmedia&parent=32102"}],"wp:term":[{"taxonomy":"category","embeddable":true,"href":"https:\/\/daily24.pl.ua\/index.php?rest_route=%2Fwp%2Fv2%2Fcategories&post=32102"},{"taxonomy":"post_tag","embeddable":true,"href":"https:\/\/daily24.pl.ua\/index.php?rest_route=%2Fwp%2Fv2%2Ftags&post=32102"}],"curies":[{"name":"wp","href":"https:\/\/api.w.org\/{rel}","templated":true}]}}