{"id":32106,"date":"2026-03-02T09:08:49","date_gmt":"2026-03-02T09:08:49","guid":{"rendered":"https:\/\/daily24.pl.ua\/?p=32106"},"modified":"2026-03-02T09:08:49","modified_gmt":"2026-03-02T09:08:49","slug":"karol-nawrocki-zabral-glos-w-samym-srodku-nocy-zareagowal-na-tragedie-usa-widzial-to-caly-swiat","status":"publish","type":"post","link":"https:\/\/daily24.pl.ua\/?p=32106","title":{"rendered":"Karol Nawrocki zabra\u0142 g\u0142os w samym \u015brodku nocy. Zareagowa\u0142 na tragedi\u0119 USA, widzia\u0142 to ca\u0142y \u015bwiat"},"content":{"rendered":"\n<p>Karol Nawrocki niespodziewanie zabra\u0142 g\u0142os w \u015brodku nocy, reaguj\u0105c na dramatyczne doniesienia nap\u0142ywaj\u0105ce z Bliskiego Wschodu. <\/p>\n\n\n\n<p>W swoim wpisie odni\u00f3s\u0142 si\u0119 do \u015bmierci ameryka\u0144skich \u017co\u0142nierzy oraz gwa\u0142townie eskaluj\u0105cego konfliktu z udzia\u0142em Iranu,<\/p>\n\n\n\n<p> Izraela i Stan\u00f3w Zjednoczonych, podkre\u015blaj\u0105c solidarno\u015b\u0107 z sojusznikami i wag\u0119 wydarze\u0144, kt\u00f3re mog\u0105 mie\u0107 kluczowe znaczenie dla bezpiecze\u0144stwa mi\u0119dzynarodowego.<\/p>\n\n\n\n<p>Wojna rozlewa si\u0119 na Bliski Wsch\u00f3d. Iran odpowiada na uderzenia USA i Izraela<br>Nawrocki zabra\u0142 g\u0142os w \u015brodku nocy. Mocne s\u0142owa o ofiarach ataku<br>Polityczny komentarz Nawrockiego. Pad\u0142a zapowied\u017a &#171;decyduj\u0105cych dni\u201d<br>Wojna rozlewa si\u0119 na Bliski Wsch\u00f3d. Iran odpowiada na uderzenia USA i Izraela<br>Od ko\u0144ca lutego 2026 roku sytuacja na Bliskim Wschodzie gwa\u0142townie si\u0119 zaostrzy\u0142a po skoordynowanych uderzeniach Stan\u00f3w Zjednoczonych i Izraela na cele w Iranie. Operacja militarna rozpocz\u0119ta 28 lutego obj\u0119\u0142a m.in. obiekty wojskowe, infrastrukturalne oraz miejsca zwi\u0105zane z najwy\u017cszymi w\u0142adzami pa\u0144stwa, a jej skala zosta\u0142a okre\u015blona jako jedna z najwi\u0119kszych kampanii militarnych w regionie w ostatnich latach, w wyniku tych dzia\u0142a\u0144 zgin\u0105\u0142 mi\u0119dzy innymi najwy\u017cszy przyw\u00f3dca Iranu Ali Chamenei.<\/p>\n\n\n\n<p>W odpowiedzi Iran przeprowadzi\u0142 szeroko zakrojone ataki odwetowe z u\u017cyciem rakiet i dron\u00f3w, wymierzone w cele w Izraelu oraz ameryka\u0144skie bazy wojskowe w regionie Zatoki Perskiej. Uderzenia obj\u0119\u0142y m.in. Kuwejt, Bahrajn czy Zjednoczone Emiraty Arabskie, co potwierdza rozszerzanie si\u0119 konfliktu poza bezpo\u015brednie terytoria stron sporu.<\/p>\n\n\n\n<p>Konflikt szybko przybra\u0142 charakter regionalny. Ira\u0144skie dzia\u0142ania odwetowe oraz kolejne naloty doprowadzi\u0142y do pierwszych ofiar w\u015br\u00f3d ameryka\u0144skich \u017co\u0142nierzy \u2013 trzech wojskowych zgin\u0119\u0142o podczas ataku dronowego, a kilku zosta\u0142o rannych. Jednocze\u015bnie izraelskie lotnictwo kontynuowa\u0142o uderzenia w cele powi\u0105zane z ira\u0144sk\u0105 infrastruktur\u0105 militarn\u0105 oraz jej sojusznikami w regionie, w tym w Libanie po atakach Hezbollahu.<\/p>\n\n\n\n<p>Na forum mi\u0119dzynarodowym narastaj\u0105 obawy przed dalsz\u0105 eskalacj\u0105. Sekretarz generalny ONZ apelowa\u0142 o natychmiastowe ograniczenie dzia\u0142a\u0144 zbrojnych, ostrzegaj\u0105c przed ryzykiem rozszerzenia konfliktu na kolejne pa\u0144stwa regionu. Jednocze\u015bnie pa\u0144stwa zachodnie podkre\u015blaj\u0105 zagro\u017cenie wynikaj\u0105ce z ira\u0144skiego programu rakietowego i dzia\u0142a\u0144 militarnych Teheranu, podczas gdy Iran okre\u015bla dzia\u0142ania USA i Izraela jako agresj\u0119 i zapowiada dalszy odwet.<br><\/p>\n\n\n\n<p>Nawrocki zabra\u0142 g\u0142os w \u015brodku nocy. Mocne s\u0142owa o ofiarach ataku<br>28 minut po p\u00f3\u0142nocy, Karol Nawrocki opublikowa\u0142 wpis odnosz\u0105cy si\u0119 do dramatycznych doniesie\u0144 o ofiarach w\u015br\u00f3d ameryka\u0144skich \u017co\u0142nierzy. W o\u015bwiadczeniu podkre\u015bli\u0142 solidarno\u015b\u0107 z USA oraz ich rodzinami.<\/p>\n\n\n\n<p>Stany Zjednoczone &#8212; najwi\u0119kszy sojusznik Rzeczypospolitej Polskiej &#8212; straci\u0142y dzi\u015b trzech swoich syn\u00f3w w ataku odwetowym przeprowadzonym przez Iran. Kilku innych odnios\u0142o obra\u017cenia. My\u015blami i modlitw\u0105 jeste\u015bmy z nimi oraz ich rodzinami.<\/p>\n\n\n\n<p>-napisa\u0142 Nawrocki w portalu x.com<\/p>\n\n\n\n<p>Tre\u015b\u0107 wpisu nawi\u0105zuje do informacji przekazywanych przez zagraniczne media i Pentagon, kt\u00f3re potwierdzi\u0142y \u015bmier\u0107 trzech ameryka\u0144skich \u017co\u0142nierzy podczas ira\u0144skich dzia\u0142a\u0144 odwetowych w regionie. By\u0142y to pierwsze znane ofiary USA w obecnej fazie konfliktu, co dodatkowo zwi\u0119kszy\u0142o napi\u0119cie mi\u0119dzy Waszyngtonem a Teheranem.<\/p>\n\n\n\n<p>Nawrocki podkre\u015bli\u0142 tak\u017ce znaczenie strategicznego sojuszu Polski ze Stanami Zjednoczonymi, co wpisuje si\u0119 w dotychczasow\u0105 lini\u0119 polskiej polityki bezpiecze\u0144stwa opartej na wsp\u00f3\u0142pracy z NATO i USA. W kontek\u015bcie mi\u0119dzynarodowym reakcje polityk\u00f3w i lider\u00f3w opinii publicznej pojawiaj\u0105 si\u0119 niemal natychmiast po kolejnych doniesieniach o eskalacji walk, a solidarno\u015b\u0107 z ameryka\u0144skimi \u017co\u0142nierzami deklaruj\u0105 liczni przedstawiciele pa\u0144stw sojuszniczych.<\/p>\n\n\n\n<p><\/p>\n\n\n\n<blockquote class=\"twitter-tweet\"><p lang=\"pl\" dir=\"ltr\">Stany Zjednoczone &#8212; najwi\u0119kszy sojusznik Rzeczypospolitej Polskiej &#8212; straci\u0142y dzi\u015b trzech swoich syn\u00f3w w ataku odwetowym przeprowadzonym przez Iran. Kilku innych odnios\u0142o obra\u017cenia. My\u015blami i modlitw\u0105 jeste\u015bmy z nimi oraz ich rodzinami.<br>Na naszych oczach upada gro\u017any re\u017cim\u2026<\/p>&mdash; Karol Nawrocki (@NawrockiKn) <a href=\"https:\/\/twitter.com\/NawrockiKn\/status\/2028251092182528303?ref_src=twsrc%5Etfw\">March 1, 2026<\/a><\/blockquote> <script async src=\"https:\/\/platform.twitter.com\/widgets.js\" charset=\"utf-8\"><\/script>\n\n\n\n<p>Polityczny komentarz Nawrockiego. Pad\u0142a zapowied\u017a &#171;decyduj\u0105cych dni\u201d<br>W dalszej cz\u0119\u015bci swojego nocnego o\u015bwiadczenia Karol Nawrocki odni\u00f3s\u0142 si\u0119 do szerszego kontekstu geopolitycznego konfliktu.<\/p>\n\n\n\n<p>Na naszych oczach upada gro\u017any re\u017cim ira\u0144ski, kt\u00f3ry dozbraja\u0142 Rosj\u0119 w jej napa\u015bci na Ukrain\u0119 i zagra\u017ca\u0142 innym pa\u0144stwom na Bliskim Wschodzie.<br>Najbli\u017csze dni b\u0119d\u0105 czasem decyduj\u0105cych rozstrzygni\u0119\u0107 w tym regionie. Jeste\u015bmy razem z naszymi sojusznikami!<\/p>\n\n\n\n<p>-doda\u0142 Nawrocki<\/p>\n\n\n\n<p>S\u0142owa te wpisuj\u0105 si\u0119 w narracj\u0119 cz\u0119\u015bci pa\u0144stw Zachodu, kt\u00f3re od lat wskazuj\u0105 na rol\u0119 Iranu w destabilizacji regionu oraz wsparciu dla podmiot\u00f3w zbrojnych i sojusznik\u00f3w geopolitycznych. W ostatnich dniach konflikt przybra\u0142 jednak bezprecedensowy charakter, wed\u0142ug doniesie\u0144 mi\u0119dzynarodowych medi\u00f3w w wyniku wsp\u00f3lnych uderze\u0144 USA i Izraela zgin\u0119li wysocy przedstawiciele ira\u0144skiego establishmentu, a sam kraj znalaz\u0142 si\u0119 w g\u0142\u0119bokim kryzysie politycznym.<br><\/p>\n\n\n\n<p><\/p>\n","protected":false},"excerpt":{"rendered":"Karol Nawrocki niespodziewanie zabra\u0142 g\u0142os w \u015brodku nocy, reaguj\u0105c na dramatyczne doniesienia nap\u0142ywaj\u0105ce z Bliskiego Wschodu. W swoim wpisie odni\u00f3s\u0142 si\u0119 do \u015bmierci \n<a class=\"moretag\" href=\"https:\/\/daily24.pl.ua\/?p=32106\"> [...]<\/a>","protected":false},"author":1,"featured_media":32107,"comment_status":"open","ping_status":"open","sticky":false,"template":"","format":"standard","meta":{"footnotes":""},"categories":[1],"tags":[],"class_list":["post-32106","post","type-post","status-publish","format-standard","has-post-thumbnail","hentry","category-blog"],"_links":{"self":[{"href":"https:\/\/daily24.pl.ua\/index.php?rest_route=\/wp\/v2\/posts\/32106","targetHints":{"allow":["GET"]}}],"collection":[{"href":"https:\/\/daily24.pl.ua\/index.php?rest_route=\/wp\/v2\/posts"}],"about":[{"href":"https:\/\/daily24.pl.ua\/index.php?rest_route=\/wp\/v2\/types\/post"}],"author":[{"embeddable":true,"href":"https:\/\/daily24.pl.ua\/index.php?rest_route=\/wp\/v2\/users\/1"}],"replies":[{"embeddable":true,"href":"https:\/\/daily24.pl.ua\/index.php?rest_route=%2Fwp%2Fv2%2Fcomments&post=32106"}],"version-history":[{"count":1,"href":"https:\/\/daily24.pl.ua\/index.php?rest_route=\/wp\/v2\/posts\/32106\/revisions"}],"predecessor-version":[{"id":32108,"href":"https:\/\/daily24.pl.ua\/index.php?rest_route=\/wp\/v2\/posts\/32106\/revisions\/32108"}],"wp:featuredmedia":[{"embeddable":true,"href":"https:\/\/daily24.pl.ua\/index.php?rest_route=\/wp\/v2\/media\/32107"}],"wp:attachment":[{"href":"https:\/\/daily24.pl.ua\/index.php?rest_route=%2Fwp%2Fv2%2Fmedia&parent=32106"}],"wp:term":[{"taxonomy":"category","embeddable":true,"href":"https:\/\/daily24.pl.ua\/index.php?rest_route=%2Fwp%2Fv2%2Fcategories&post=32106"},{"taxonomy":"post_tag","embeddable":true,"href":"https:\/\/daily24.pl.ua\/index.php?rest_route=%2Fwp%2Fv2%2Ftags&post=32106"}],"curies":[{"name":"wp","href":"https:\/\/api.w.org\/{rel}","templated":true}]}}