{"id":35636,"date":"2026-04-29T10:20:18","date_gmt":"2026-04-29T10:20:18","guid":{"rendered":"https:\/\/daily24.pl.ua\/?p=35636"},"modified":"2026-04-29T10:20:18","modified_gmt":"2026-04-29T10:20:18","slug":"karol-nawrocki-ostro-o-dzialaniach-donalda-tuska-padly-powazne-oskarzenia","status":"publish","type":"post","link":"https:\/\/daily24.pl.ua\/?p=35636","title":{"rendered":"Karol Nawrocki ostro o dzia\u0142aniach Donalda Tuska. Pad\u0142y powa\u017cne oskar\u017cenia"},"content":{"rendered":"\n<p>Donald Tusk w wywiadzie dla \u201eFinancial Times\u201d powiedzia\u0142, \u017ce ma w\u0105tpliwo\u015bci co do realnego dzia\u0142ania art. 5 NATO w sytuacji kryzysowej. Wypowied\u017a premiera wywo\u0142a\u0142a ostr\u0105 reakcj\u0119 prezydenta Karola Nawrockiego, kt\u00f3ry uzna\u0142 j\u0105 za szkodliw\u0105 dla Polski. Sp\u00f3r dotyczy te\u017c ocen zagro\u017cenia ze strony Rosji i roli sojuszy mi\u0119dzynarodowych.<\/p>\n\n\n\n<p>Wywiad Donalda Tuska dla \u201eFinancial Times\u201d o NATO i Rosji<br>W rozmowie z \u201eFinancial Times\u201d Donald Tusk odni\u00f3s\u0142 si\u0119 do fundamentalnych kwestii bezpiecze\u0144stwa Polski i ca\u0142ego Sojuszu P\u00f3\u0142nocnoatlantyckiego. Premier przyzna\u0142, \u017ce zdarzaj\u0105 mu si\u0119 w\u0105tpliwo\u015bci co do tego, jak w praktyce mog\u0142oby wygl\u0105da\u0107 uruchomienie artyku\u0142u 5 Traktatu Waszyngto\u0144skiego, kt\u00f3ry jest podstaw\u0105 zbiorowej obrony NATO. W jego ocenie nie chodzi o podwa\u017canie samej idei sojuszu, ale o realne sprawdzenie, jak mechanizmy reagowania dzia\u0142a\u0142yby w sytuacji bezpo\u015bredniego zagro\u017cenia.<\/p>\n\n\n\n<p>Tusk jednocze\u015bnie podkre\u015bli\u0142, \u017ce Stany Zjednoczone pozostaj\u0105 kluczowym partnerem Polski w Europie, jednak \u2013 jak zaznaczy\u0142 \u2013 nie mo\u017cna ignorowa\u0107 pyta\u0144 o praktyczne funkcjonowanie zobowi\u0105za\u0144 sojuszniczych. W tej samej rozmowie premier ostrzeg\u0142, \u017ce zagro\u017cenie ze strony Rosji jest realne i mo\u017ce si\u0119 materializowa\u0107 w perspektywie \u201eraczej miesi\u0119cy ni\u017c lat\u201d.&nbsp;<\/p>\n\n\n\n<p>Zasugerowa\u0142 tak\u017ce, \u017ce Unia Europejska powinna wzmacnia\u0107 w\u0142asne mechanizmy obronne, w tym klauzul\u0119 wzajemnej pomocy zawart\u0105 w art. 42 ust. 7 Traktatu o UE, co mia\u0142oby zwi\u0119kszy\u0107 bezpiecze\u0144stwo pa\u0144stw cz\u0142onkowskich.<\/p>\n\n\n\n<p>Prezydent Karol Nawrocki ZGRUZOWA\u0141 Tuska za jego wywiad w FT:<\/p>\n\n\n\n<p>&#171;Straszenie Polak\u00f3w wojn\u0105, uderzanie w sojusznika jakim s\u0105 USA i podwa\u017canie artyku\u0142\u00f3w NATO jest szkodliwe i z\u0142e.<\/p>\n\n\n\n<p><\/p>\n\n\n\n<p>Ostra reakcja Karola Nawrockiego na s\u0142owa premiera<br>Na s\u0142owa premiera szybko zareagowa\u0142 prezydent Karol Nawrocki, kt\u00f3ry podczas briefingu w Dubrowniku nie kry\u0142 krytyki wobec wypowiedzi szefa rz\u0105du. Oceni\u0142 on wywiad jako nie tylko niepotrzebny, ale r\u00f3wnie\u017c szkodliwy dla interes\u00f3w pa\u0144stwa. Jak stwierdzi\u0142, temat bezpiecze\u0144stwa nie powinien by\u0107 u\u017cywany w spos\u00f3b, kt\u00f3ry mo\u017ce budzi\u0107 niepok\u00f3j spo\u0142eczny i w\u0105tpliwo\u015bci wobec sojusznik\u00f3w.<\/p>\n\n\n\n<p>Prezydent odni\u00f3s\u0142 si\u0119 tak\u017ce do reakcji wojskowych, wskazuj\u0105c, \u017ce pozostaje w sta\u0142ym kontakcie z dow\u00f3dztwem armii, kt\u00f3re r\u00f3wnie\u017c mia\u0142o by\u0107 zaskoczone s\u0142owami premiera.<\/p>\n\n\n\n<p>\u2013 Straszenie Polak\u00f3w wojn\u0105, w momencie, gdy zwierzchnik si\u0142 zbrojnych nie ma takich informacji, jest g\u0142\u0119boko nieodpowiedzialne \u2013 m\u00f3wi\u0142 Karol Nawrocki podczas briefingu w Dubrowniku.&nbsp;<\/p>\n\n\n\n<p>Doda\u0142 r\u00f3wnie\u017c, \u017ce podwa\u017canie wiarygodno\u015bci sojuszu NATO i relacji ze Stanami Zjednoczonymi, jest bardzo nieodpowiedzialne i niem\u0105dre. W jego ocenie takie komunikaty mog\u0105 os\u0142abia\u0107 pozycj\u0119 Polski na arenie mi\u0119dzynarodowej.<br><\/p>\n\n\n\n<p>Sp\u00f3r o bezpiecze\u0144stwo Polski i wiarygodno\u015b\u0107 sojuszy NATO<br>Sp\u00f3r mi\u0119dzy najwa\u017cniejszymi o\u015brodkami w\u0142adzy w Polsce szybko prze\u0142o\u017cy\u0142 si\u0119 na rosn\u0105ce emocje spo\u0142eczne. Prezydent Nawrocki zwr\u00f3ci\u0142 uwag\u0119, \u017ce wypowiedzi premiera mog\u0142y wywo\u0142a\u0107 niepotrzebny niepok\u00f3j w\u015br\u00f3d obywateli.&nbsp;<\/p>\n\n\n\n<p>\u2013 Chc\u0119 uspokoi\u0107 w pewnym sensie Polak\u00f3w, bo te informacje, kt\u00f3re docieraj\u0105 do Pa\u0142acu Prezydenckiego, nie \u015bwiadcz\u0105 o tym, \u017ce w ci\u0105gu najbli\u017cszych miesi\u0119cy b\u0119dziemy w stanie wojny \u2013 m\u00f3wi\u0142 Karol Nawrocki podczas briefingu w Dubrowniku.<\/p>\n\n\n\n<p>Jednocze\u015bnie prezydent zaznaczy\u0142, \u017ce mimo r\u00f3\u017cnicy zda\u0144 Polska powinna konsekwentnie wzmacnia\u0107 swoje zdolno\u015bci obronne i wsp\u00f3\u0142prac\u0119 mi\u0119dzynarodow\u0105. Zwr\u00f3ci\u0142 uwag\u0119, \u017ce bezpiecze\u0144stwo pa\u0144stwa wymaga sp\u00f3jno\u015bci przekazu, a nie publicznych spor\u00f3w, kt\u00f3re mog\u0105 by\u0107 r\u00f3\u017cnie interpretowane przez partner\u00f3w zagranicznych.&nbsp;<\/p>\n\n\n\n<p>W jego ocenie wykorzystywanie temat\u00f3w sojuszniczych w bie\u017c\u0105cej walce politycznej jest dzia\u0142aniem, kt\u00f3re mo\u017ce przynie\u015b\u0107 Polsce wi\u0119cej szkody ni\u017c korzy\u015bci, szczeg\u00f3lnie w tak wra\u017cliwym obszarze jak polityka bezpiecze\u0144stwa.<\/p>\n\n\n\n<p>KONIECZNIE OBEJRZYJ. BY\u0141Y ZNANY SIATKARZ O UPADKACH, DEPRESJI I DEMONACH PRZESZ\u0141O\u015aCI<br><\/p>\n\n\n\n<figure class=\"wp-block-embed is-type-rich wp-embed-aspect-16-9 wp-has-aspect-ratio\"><div class=\"wp-block-embed__wrapper\">\n<iframe loading=\"lazy\" title=\"BRUTALNIE SZCZERY. \u0141UKASZ KADZIEWICZ O UPADKACH, DEMONACH PRZESZ\u0141O\u015aCI I NOWYM \u017bYCIU\" width=\"747\" height=\"420\" src=\"https:\/\/www.youtube.com\/embed\/eSTSZQFs46s?feature=oembed\" frameborder=\"0\" allow=\"accelerometer; autoplay; clipboard-write; encrypted-media; gyroscope; picture-in-picture; web-share\" referrerpolicy=\"strict-origin-when-cross-origin\" allowfullscreen><\/iframe>\n<\/div><\/figure>\n","protected":false},"excerpt":{"rendered":"Donald Tusk w wywiadzie dla \u201eFinancial Times\u201d powiedzia\u0142, \u017ce ma w\u0105tpliwo\u015bci co do realnego dzia\u0142ania art. 5 NATO w sytuacji kryzysowej. Wypowied\u017a premiera \n<a class=\"moretag\" href=\"https:\/\/daily24.pl.ua\/?p=35636\"> [...]<\/a>","protected":false},"author":1,"featured_media":35638,"comment_status":"open","ping_status":"open","sticky":false,"template":"","format":"standard","meta":{"footnotes":""},"categories":[1],"tags":[],"class_list":["post-35636","post","type-post","status-publish","format-standard","has-post-thumbnail","hentry","category-blog"],"_links":{"self":[{"href":"https:\/\/daily24.pl.ua\/index.php?rest_route=\/wp\/v2\/posts\/35636","targetHints":{"allow":["GET"]}}],"collection":[{"href":"https:\/\/daily24.pl.ua\/index.php?rest_route=\/wp\/v2\/posts"}],"about":[{"href":"https:\/\/daily24.pl.ua\/index.php?rest_route=\/wp\/v2\/types\/post"}],"author":[{"embeddable":true,"href":"https:\/\/daily24.pl.ua\/index.php?rest_route=\/wp\/v2\/users\/1"}],"replies":[{"embeddable":true,"href":"https:\/\/daily24.pl.ua\/index.php?rest_route=%2Fwp%2Fv2%2Fcomments&post=35636"}],"version-history":[{"count":1,"href":"https:\/\/daily24.pl.ua\/index.php?rest_route=\/wp\/v2\/posts\/35636\/revisions"}],"predecessor-version":[{"id":35639,"href":"https:\/\/daily24.pl.ua\/index.php?rest_route=\/wp\/v2\/posts\/35636\/revisions\/35639"}],"wp:featuredmedia":[{"embeddable":true,"href":"https:\/\/daily24.pl.ua\/index.php?rest_route=\/wp\/v2\/media\/35638"}],"wp:attachment":[{"href":"https:\/\/daily24.pl.ua\/index.php?rest_route=%2Fwp%2Fv2%2Fmedia&parent=35636"}],"wp:term":[{"taxonomy":"category","embeddable":true,"href":"https:\/\/daily24.pl.ua\/index.php?rest_route=%2Fwp%2Fv2%2Fcategories&post=35636"},{"taxonomy":"post_tag","embeddable":true,"href":"https:\/\/daily24.pl.ua\/index.php?rest_route=%2Fwp%2Fv2%2Ftags&post=35636"}],"curies":[{"name":"wp","href":"https:\/\/api.w.org\/{rel}","templated":true}]}}