{"id":35655,"date":"2026-04-29T15:03:15","date_gmt":"2026-04-29T15:03:15","guid":{"rendered":"https:\/\/daily24.pl.ua\/?p=35655"},"modified":"2026-04-29T15:03:15","modified_gmt":"2026-04-29T15:03:15","slug":"sejm-reaguje-na-tragiczna-smierc-czesc-poslow-nie-wstala-na-minute-ciszy-2","status":"publish","type":"post","link":"https:\/\/daily24.pl.ua\/?p=35655","title":{"rendered":"Sejm reaguje na tragiczn\u0105 \u015bmier\u0107. Cz\u0119\u015b\u0107 pos\u0142\u00f3w nie wsta\u0142a na minut\u0119 ciszy"},"content":{"rendered":"\n<p>W Sejmie dosz\u0142o do emocjonuj\u0105cej wymiany zda\u0144, po gdy pose\u0142 PiS Pawe\u0142 Jab\u0142o\u0144ski zaproponowa\u0142 minut\u0119 ciszy na cze\u015b\u0107 zamordowanego ameryka\u0144skiego publicysty Charliego Kirka.<\/p>\n\n\n\n<p><a href=\"https:\/\/widgets.mgid.com\/ru\/?utm_source=swiat24.pl.ua&amp;utm_medium=referral&amp;utm_campaign=widgets&amp;utm_content=1913749\" target=\"_blank\" rel=\"noreferrer noopener\"><\/a><a href=\"https:\/\/www.mgid.com\/services\/privacy-policy\" target=\"_blank\" rel=\"noreferrer noopener\"><\/a><\/p>\n\n\n\n<p><a href=\"https:\/\/clck.mgid.com\/ghits\/24957889\/i\/62543879\/0\/pp\/1\/4?h=4s6EYHRua5AWTLHhcBNkOcmjgNrK89vrcO_Bf_2Fioz0sNnRCsuDyR5SMAS1flq02BIsCoEg9scOvuzFWlpNArcR89gaO3ZaDkTMuSPz8uljqeRiB66OOpXJ4KvdC_Eq&amp;rid=5b8bbccc-43dc-11f1-b1f9-d404e677c390&amp;ts=l.facebook.com&amp;tt=Social&amp;att=1&amp;pubsrcid=eyeo&amp;cpm=1&amp;iv=17&amp;ct=1&amp;gdprApplies=0&amp;st=240&amp;mp4=1&amp;h2=D_NQLOCk-PI2mMV05howDF1_1fE4MFPKyCgl07tbKeDX-0kOVyeE14tvlr9ICNS2SOS9C1f6vktBHeiuUZDHgw**&amp;k=1913749fc*f!fZ7Z0r18fZ7Z07kZfYjMwMjY2NGM0OTUwOTE2NzY2ZjYzNmIwNmFmYzE2MWM%3DfNTM3*DM4NQ%3D%3Df!fNO2Tu*f%3Dff!ff%2C*f%2C*ffQf%3AfaHR0cHM6Ly9zd2lhdDI0LnBsLnVhLz9wPTI2MzI0JmZiY2xpZD1Jd1kyeGphd1JlX0s5bGVIUnVBMkZsYlFJeE1BQmljbWxrRVRGRmExWkhOMUJtVUVkbFdsazF%24R3A1YzNKMFl3Wmhj%24EJmYVdRUU1q%24XlNRE01TVRjNE9E%24XdNRGc1TWdBQkhuWFFoRVR6WmxCRmZ0TzJUbHViQ3ROdXNIWUxEbDFua29ZYkcwQWxxWmlPY1E5NUZtWjZ6%24FFlZ01x%24F9hZW1*X1ByQW5nREs3X3hNQ2NnaFlIbVlBUQ%3D%3DfaHR0cHM6Ly9sLmZhY2Vib29rLmNvb%248%3DfKysvfp*fNTM3*DkxOHw1Nzl8OTA1fMw%3D%3Df%3Bf!fcfMTI1*DIyM3w0Njd8MzcxfYAfNgff!fTW96aWxsY%2481LjAgKFdpbmRvd3MgTlQgMTAuMDsgV2luNjQ7IHg2NCkgQXBwbGVXZWJLaXQvNTM3LjM2IChL%24FRNTCwgbGlrZ%24BHZWNrbykgQ2hyb21lLzE0Ny4wLjAuMCBTYWZhcmkvNTM3LjM2fUERGVmlld2Vy*ENocm9tZVBERlZpZXdlcnxDaHJvbWl1bVBERlZpZXdlcnxNaWNyb3NvZnRFZGdlUERGVmlld2Vy*FdlYktpdGJ1aWx0LWluUERGf!fV2luMzI%3DfMjQwfMXwxMDA%3DfMTUzNnw4MTY%3DfdW5rbm93bnw0Z3wwf!f!fQfdPkV2!fCf*(OecLa%2B&amp;crst=1777474914&amp;wrst=1777474959&amp;muid=p1bb2E8yx7f5\" target=\"_blank\" rel=\"noreferrer noopener\"><\/a><\/p>\n\n\n\n<p>Pomys\u0142 wywo\u0142a\u0142 kontrowersje, poniewa\u017c cz\u0119\u015b\u0107 pos\u0142\u00f3w z obozu rz\u0105dz\u0105cego nie zareagowa\u0142a w spos\u00f3b oczekiwany, nie wstaj\u0105c w trakcie uczczenia pami\u0119ci.<\/p>\n\n\n\n<p>Niezw\u0142ocznie p\u00f3\u017aniej na m\u00f3wnic\u0119 wysz\u0142a Anna Maria \u017bukowska, przewodnicz\u0105ca klubu Lewicy, apeluj\u0105c o uczczenie pami\u0119ci Melissy Hortman, prominenta polityczki Demokrat\u00f3w w Minnesocie, r\u00f3wnie\u017c tragicznie zmar\u0142ej w czerwcu.<\/p>\n\n\n\n<p><a href=\"https:\/\/widgets.mgid.com\/ru\/?utm_source=swiat24.pl.ua&amp;utm_medium=referral&amp;utm_campaign=widgets&amp;utm_content=1914076\" target=\"_blank\" rel=\"noreferrer noopener\"><\/a><a href=\"https:\/\/www.mgid.com\/services\/privacy-policy\" target=\"_blank\" rel=\"noreferrer noopener\"><\/a><\/p>\n\n\n\n<p><a href=\"https:\/\/clck.mgid.com\/ghits\/26264569\/i\/62545040\/0\/pp\/1\/4?h=4s6EYHRua5AWTLHhcBNkOQ7DnZ-FvgUvAZ1ADMbxkBoMKfWacFz35Q2mCyiuXAmT2BIsCoEg9scOvuzFWlpNArcR89gaO3ZaDkTMuSPz8ulWiouz7PldBrevNUHkJcZO&amp;rid=5b8d2193-43dc-11f1-93f6-c4cbe1e8e6e2&amp;ts=l.facebook.com&amp;tt=Social&amp;att=1&amp;pubsrcid=eyeo&amp;cpm=1&amp;iv=17&amp;ct=1&amp;gdprApplies=0&amp;st=240&amp;mp4=1&amp;h2=D_NQLOCk-PI2mMV05howDF1_1fE4MFPKyCgl07tbKeCkzt9FD4Cgw7Rgw6vJkWxrb5uEyh7m-_Higgf47uxofg**&amp;muid=p1bb2E8yx7f5\" target=\"_blank\" rel=\"noreferrer noopener\"><\/a><\/p>\n\n\n\n<h2 class=\"wp-block-heading\">Pawe\u0142 Jab\u0142o\u0144ski o Charlim Kirku<\/h2>\n\n\n\n<p>Pose\u0142 PiS, Pawe\u0142 Jab\u0142o\u0144ski, podkre\u015bli\u0142, \u017ce Charlie Kirk by\u0142 aktywist\u0105 m\u0142odego pokolenia, kt\u00f3rego szanowano nie tylko w USA, lecz tak\u017ce na arenie mi\u0119dzynarodowej. Zaznaczy\u0142, \u017ce Kirk mocno wierzy\u0142 w dialog i prowadzenie rozm\u00f3w, nawet z tymi, z kt\u00f3rymi nie zawsze si\u0119 zgadza\u0142. Niestety, wed\u0142ug wersji Jab\u0142o\u0144skiego, znalaz\u0142 si\u0119 kto\u015b, kto nie potrafi\u0142 zaakceptowa\u0107 takiej postawy i brutalnie zaatakowa\u0142 publicyst\u0119, odbieraj\u0105c mu \u017cycie.<\/p>\n\n\n\n<h2 class=\"wp-block-heading\">Kontrowersje wok\u00f3\u0142 minuty ciszy<\/h2>\n\n\n\n<p>Cz\u0119\u015b\u0107 parlamentarzyst\u00f3w z obozu rz\u0105dz\u0105cego nie podnios\u0142a si\u0119 w trakcie minuty ciszy, co wywo\u0142a\u0142o krytyk\u0119 w mediach oraz ze strony kole\u017canki z PiS, Olgi Semeniuk-Patkowskiej. Pos\u0142anka skomentowa\u0142a wydarzenie na X, nazywaj\u0105c ten gest \u201ewymownym\u201d oraz \u015bwiadcz\u0105cym o braku szacunku dla ludzkiego \u017cycia.<\/p>\n\n\n\n<blockquote class=\"wp-block-quote is-layout-flow wp-block-quote-is-layout-flow\">\n<p>\u201eTo wymowne i \u015bwiadcz\u0105ce o poziomie szacunku do ludzkiego \u017cycia\u201d<\/p>\n<\/blockquote>\n\n\n\n<h2 class=\"wp-block-heading\">Anna Maria \u017bukowska o upami\u0119tnieniu Melissy Hortman<\/h2>\n\n\n\n<p>W odpowiedzi na wyst\u0105pienie Jab\u0142o\u0144skiego, na m\u00f3wnic\u0119 wysz\u0142a Anna Maria \u017bukowska z Lewicy, podkre\u015blaj\u0105c, \u017ce pami\u0119\u0107 o ofiarach zab\u00f3jstw politycznych powinna by\u0107 uczczona w spos\u00f3b r\u00f3wny i nieselektywny. Zaapelowa\u0142a o oddanie ho\u0142du Melissie Hortman, cenionej polityczce Demokrat\u00f3w z Minnesoty, kt\u00f3ra zosta\u0142a zamordowana w czerwcu.<\/p>\n\n\n\n<blockquote class=\"wp-block-quote is-layout-flow wp-block-quote-is-layout-flow\">\n<p><strong>\u2014 Nale\u017cy pami\u0119ta\u0107 z r\u00f3wnym szacunkiem o wszystkich \u2014 podkre\u015bli\u0142a \u017bukowska.<\/strong><\/p>\n<\/blockquote>\n\n\n\n<figure class=\"wp-block-image\"><img decoding=\"async\" src=\"https:\/\/www.bystragrazyna.pl\/wp-content\/uploads\/2025\/09\/1444.jpg\" alt=\"\" class=\"wp-image-23125\"\/><\/figure>\n\n\n\n<h2 class=\"wp-block-heading\">Minuta ciszy w Sejmie \u2013 zdj\u0119cia i reakcje<\/h2>\n\n\n\n<p>W trakcie sesji Sejmu po\u015bwi\u0119cono minut\u0119 ciszy pami\u0119ci Charliego Kirka. Jednak reakcja parlamentarzyst\u00f3w by\u0142a mieszana, co odnotowa\u0142y media i internauci. Zdj\u0119cia z wydarzenia pokazuj\u0105 moment ciszy oraz podkre\u015blaj\u0105 wyj\u0105tkowo\u015b\u0107 upami\u0119tnienia.<\/p>\n\n\n\n<h2 class=\"wp-block-heading\">Reakcje polityczne i spo\u0142eczne<\/h2>\n\n\n\n<p>Sprawa uczczenia pami\u0119ci tragicznie zmar\u0142ych postaci przez Sejm wywo\u0142a\u0142a \u017cywe dyskusje. Krytyka niekt\u00f3rych pos\u0142\u00f3w za brak odpowiedniego szacunku spotka\u0142a si\u0119 z obron\u0105 innych, kt\u00f3rzy apeluj\u0105 o jednakowe traktowanie wszystkich ofiar politycznych dramat\u00f3w. Przypominane by\u0142y przypadki zamordowanych dzia\u0142aczek i dzia\u0142aczy nie tylko w Polsce, ale i za granic\u0105, co ma podkre\u015bla\u0107 uniwersalno\u015b\u0107 warto\u015bci, jakimi powinni si\u0119 kierowa\u0107 parlamentarzy\u015bci.<\/p>\n\n\n\n<h2 class=\"wp-block-heading\">Co dalej?<\/h2>\n\n\n\n<p>Wydarzenie w Sejmie wskazuje na podzia\u0142 w\u015br\u00f3d polityk\u00f3w co do sposob\u00f3w upami\u0119tniania ofiar tragicznym zdarze\u0144. Apel \u017bukowskiej o r\u00f3wny szacunek dla wszystkich ofiar mo\u017ce by\u0107 pocz\u0105tkiem dalszych debat na temat standard\u00f3w post\u0119powania i etyki parlamentarnej. Tymczasem, pami\u0119\u0107 Charliego Kirka i Melissy Hortman pozostaje w centrum uwagi opinii publicznej.<\/p>\n\n\n\n<p><\/p>\n","protected":false},"excerpt":{"rendered":"W Sejmie dosz\u0142o do emocjonuj\u0105cej wymiany zda\u0144, po gdy pose\u0142 PiS Pawe\u0142 Jab\u0142o\u0144ski zaproponowa\u0142 minut\u0119 ciszy na cze\u015b\u0107 zamordowanego ameryka\u0144skiego publicysty Charliego Kirka. \n<a class=\"moretag\" href=\"https:\/\/daily24.pl.ua\/?p=35655\"> [...]<\/a>","protected":false},"author":1,"featured_media":35656,"comment_status":"open","ping_status":"open","sticky":false,"template":"","format":"standard","meta":{"footnotes":""},"categories":[1],"tags":[],"class_list":["post-35655","post","type-post","status-publish","format-standard","has-post-thumbnail","hentry","category-blog"],"_links":{"self":[{"href":"https:\/\/daily24.pl.ua\/index.php?rest_route=\/wp\/v2\/posts\/35655","targetHints":{"allow":["GET"]}}],"collection":[{"href":"https:\/\/daily24.pl.ua\/index.php?rest_route=\/wp\/v2\/posts"}],"about":[{"href":"https:\/\/daily24.pl.ua\/index.php?rest_route=\/wp\/v2\/types\/post"}],"author":[{"embeddable":true,"href":"https:\/\/daily24.pl.ua\/index.php?rest_route=\/wp\/v2\/users\/1"}],"replies":[{"embeddable":true,"href":"https:\/\/daily24.pl.ua\/index.php?rest_route=%2Fwp%2Fv2%2Fcomments&post=35655"}],"version-history":[{"count":1,"href":"https:\/\/daily24.pl.ua\/index.php?rest_route=\/wp\/v2\/posts\/35655\/revisions"}],"predecessor-version":[{"id":35657,"href":"https:\/\/daily24.pl.ua\/index.php?rest_route=\/wp\/v2\/posts\/35655\/revisions\/35657"}],"wp:featuredmedia":[{"embeddable":true,"href":"https:\/\/daily24.pl.ua\/index.php?rest_route=\/wp\/v2\/media\/35656"}],"wp:attachment":[{"href":"https:\/\/daily24.pl.ua\/index.php?rest_route=%2Fwp%2Fv2%2Fmedia&parent=35655"}],"wp:term":[{"taxonomy":"category","embeddable":true,"href":"https:\/\/daily24.pl.ua\/index.php?rest_route=%2Fwp%2Fv2%2Fcategories&post=35655"},{"taxonomy":"post_tag","embeddable":true,"href":"https:\/\/daily24.pl.ua\/index.php?rest_route=%2Fwp%2Fv2%2Ftags&post=35655"}],"curies":[{"name":"wp","href":"https:\/\/api.w.org\/{rel}","templated":true}]}}