{"id":35677,"date":"2026-04-29T16:06:46","date_gmt":"2026-04-29T16:06:46","guid":{"rendered":"https:\/\/daily24.pl.ua\/?p=35677"},"modified":"2026-04-29T16:06:46","modified_gmt":"2026-04-29T16:06:46","slug":"pogrzeb-lukasza-litewki-przejmujace-sceny-po-wyprowadzeniu-trumny-z-kosciola","status":"publish","type":"post","link":"https:\/\/daily24.pl.ua\/?p=35677","title":{"rendered":"Pogrzeb \u0141ukasza Litewki. Przejmuj\u0105ce sceny po wyprowadzeniu trumny z ko\u015bcio\u0142a"},"content":{"rendered":"\n<p>\u015arodowe uroczysto\u015bci pogrzebowe pos\u0142a \u0141ukasza Litewki w Sosnowcu zgromadzi\u0142y t\u0142umy mieszka\u0144c\u00f3w oraz przedstawicieli w\u0142adz pa\u0144stwowych.<\/p>\n\n\n\n<p> Nabo\u017ce\u0144stwo w katedrze Wniebowzi\u0119cia Naj\u015bwi\u0119tszej Maryi Panny mia\u0142o podnios\u0142y charakter, jednak podczas wyprowadzania trumny dosz\u0142o do spontanicznej reakcji uczestnik\u00f3w.\u00a0<\/p>\n\n\n\n<p>Pogrzeb pa\u0144stwowy \u0141ukasza Litewki<br>Uroczysto\u015bci o charakterze pa\u0144stwowym rozpocz\u0119\u0142y si\u0119 o godz. 13:30. W mszy uczestniczyli przedstawiciele najwy\u017cszych w\u0142adz z prezydentem Karolem Nawrockim i jego ma\u0142\u017conk\u0105 Mart\u0105 na czele. Obecni byli r\u00f3wnie\u017c m.in. marsza\u0142ek Sejmu W\u0142odzimierz Czarzasty, premier Donald Tusk oraz wicemarsza\u0142ek Senatu Magdalena Biejat.&nbsp;<\/p>\n\n\n\n<p>Ceremonia odby\u0142a si\u0119 z udzia\u0142em asysty honorowej Wojska Polskiego. Trumna z cia\u0142em pos\u0142a, okryta bia\u0142o-czerwon\u0105 flag\u0105, zosta\u0142a wystawiona przed o\u0142tarzem g\u0142\u00f3wnym. Przed katedr\u0105 zgromadzi\u0142y si\u0119 setki mieszka\u0144c\u00f3w regionu, kt\u00f3rzy przyszli po\u017cegna\u0107 polityka zmar\u0142ego 23 kwietnia w wieku 36 lat.<br><\/p>\n\n\n\n<p>Reakcja t\u0142umu na wyniesienie trumny<br>Kulminacyjny moment uroczysto\u015bci nast\u0105pi\u0142 bezpo\u015brednio po zako\u0144czeniu liturgii. Gdy \u017co\u0142nierze asysty honorowej rozpocz\u0119li wynoszenie trumny z katedry, przejmuj\u0105c\u0105 cisz\u0119 na chwil\u0119 przerwa\u0142y brawa, kt\u00f3re rozleg\u0142y si\u0119 przed \u015bwi\u0105tyni\u0105 w momencie, gdy orszak \u017ca\u0142obny ruszy\u0142 w kierunku cmentarza.<\/p>\n\n\n\n<p>Owacja by\u0142a form\u0105 ho\u0142du dla spo\u0142ecznej i charytatywnej dzia\u0142alno\u015bci zmar\u0142ego parlamentarzysty. Reakcja mia\u0142a charakter spontaniczny i nie by\u0142a przewidziana w oficjalnym protokole uroczysto\u015bci.<br><\/p>\n\n\n\n<p>\u015amier\u0107 \u0141ukasza Litewki poruszy\u0142a Polsk\u0119<br>Zmar\u0142y 23 kwietnia 2026 roku \u0141ukasz Litewka by\u0142 szeroko znany ze swojej dzia\u0142alno\u015bci spo\u0142ecznej. Jak podkre\u015blali uczestnicy uroczysto\u015bci, anga\u017cowa\u0142 si\u0119 m.in. w organizowanie zbi\u00f3rek dla chorych dzieci oraz wsparcie schronisk dla zwierz\u0105t.<\/p>\n\n\n\n<p>W wyborach parlamentarnych w 2023 roku zdoby\u0142 mandat z listy Nowej Lewicy, uzyskuj\u0105c najlepszy wynik w okr\u0119gu sosnowieckim. W pracy parlamentarnej aktywnie wykorzystywa\u0142 media spo\u0142eczno\u015bciowe do mobilizowania pomocy dla potrzebuj\u0105cych.<\/p>\n\n\n\n<p>Po zako\u0144czeniu nabo\u017ce\u0144stwa kondukt \u017ca\u0142obny wyruszy\u0142 w kierunku cmentarza komunalnego, gdzie zaplanowano dalsz\u0105 cz\u0119\u015b\u0107 uroczysto\u015bci i z\u0142o\u017cenie trumny do grobu.<\/p>\n\n\n\n<p>KONIECZNIE OBEJRZYJ. BY\u0141Y ZNANY SIATKARZ O UPADKACH, DEPRESJI I DEMONACH PRZESZ\u0141O\u015aCI<br><\/p>\n\n\n\n<figure class=\"wp-block-embed is-type-rich wp-embed-aspect-16-9 wp-has-aspect-ratio\"><div class=\"wp-block-embed__wrapper\">\n<iframe loading=\"lazy\" title=\"BRUTALNIE SZCZERY. \u0141UKASZ KADZIEWICZ O UPADKACH, DEMONACH PRZESZ\u0141O\u015aCI I NOWYM \u017bYCIU\" width=\"747\" height=\"420\" src=\"https:\/\/www.youtube.com\/embed\/eSTSZQFs46s?feature=oembed\" frameborder=\"0\" allow=\"accelerometer; autoplay; clipboard-write; encrypted-media; gyroscope; picture-in-picture; web-share\" referrerpolicy=\"strict-origin-when-cross-origin\" allowfullscreen><\/iframe>\n<\/div><\/figure>\n","protected":false},"excerpt":{"rendered":"\u015arodowe uroczysto\u015bci pogrzebowe pos\u0142a \u0141ukasza Litewki w Sosnowcu zgromadzi\u0142y t\u0142umy mieszka\u0144c\u00f3w oraz przedstawicieli w\u0142adz pa\u0144stwowych. Nabo\u017ce\u0144stwo w katedrze Wniebowzi\u0119cia Naj\u015bwi\u0119tszej Maryi Panny mia\u0142o \n<a class=\"moretag\" href=\"https:\/\/daily24.pl.ua\/?p=35677\"> [...]<\/a>","protected":false},"author":1,"featured_media":35678,"comment_status":"open","ping_status":"open","sticky":false,"template":"","format":"standard","meta":{"footnotes":""},"categories":[1],"tags":[],"class_list":["post-35677","post","type-post","status-publish","format-standard","has-post-thumbnail","hentry","category-blog"],"_links":{"self":[{"href":"https:\/\/daily24.pl.ua\/index.php?rest_route=\/wp\/v2\/posts\/35677","targetHints":{"allow":["GET"]}}],"collection":[{"href":"https:\/\/daily24.pl.ua\/index.php?rest_route=\/wp\/v2\/posts"}],"about":[{"href":"https:\/\/daily24.pl.ua\/index.php?rest_route=\/wp\/v2\/types\/post"}],"author":[{"embeddable":true,"href":"https:\/\/daily24.pl.ua\/index.php?rest_route=\/wp\/v2\/users\/1"}],"replies":[{"embeddable":true,"href":"https:\/\/daily24.pl.ua\/index.php?rest_route=%2Fwp%2Fv2%2Fcomments&post=35677"}],"version-history":[{"count":1,"href":"https:\/\/daily24.pl.ua\/index.php?rest_route=\/wp\/v2\/posts\/35677\/revisions"}],"predecessor-version":[{"id":35679,"href":"https:\/\/daily24.pl.ua\/index.php?rest_route=\/wp\/v2\/posts\/35677\/revisions\/35679"}],"wp:featuredmedia":[{"embeddable":true,"href":"https:\/\/daily24.pl.ua\/index.php?rest_route=\/wp\/v2\/media\/35678"}],"wp:attachment":[{"href":"https:\/\/daily24.pl.ua\/index.php?rest_route=%2Fwp%2Fv2%2Fmedia&parent=35677"}],"wp:term":[{"taxonomy":"category","embeddable":true,"href":"https:\/\/daily24.pl.ua\/index.php?rest_route=%2Fwp%2Fv2%2Fcategories&post=35677"},{"taxonomy":"post_tag","embeddable":true,"href":"https:\/\/daily24.pl.ua\/index.php?rest_route=%2Fwp%2Fv2%2Ftags&post=35677"}],"curies":[{"name":"wp","href":"https:\/\/api.w.org\/{rel}","templated":true}]}}