{"id":35706,"date":"2026-04-30T10:17:43","date_gmt":"2026-04-30T10:17:43","guid":{"rendered":"https:\/\/daily24.pl.ua\/?p=35706"},"modified":"2026-04-30T10:17:43","modified_gmt":"2026-04-30T10:17:43","slug":"wezwania-w-sprawie-sedziow-tk-prokuratura-bada-dzialania-kancelarii-prezydenta","status":"publish","type":"post","link":"https:\/\/daily24.pl.ua\/?p=35706","title":{"rendered":"Wezwania w sprawie s\u0119dzi\u00f3w TK. Prokuratura bada dzia\u0142ania kancelarii prezydenta"},"content":{"rendered":"\n<p>Prokuratura Krajowa wezwa\u0142a szefa KPRP Zbigniewa Boguckiego oraz innych urz\u0119dnik\u00f3w na przes\u0142uchania w charakterze \u015bwiadk\u00f3w. <\/p>\n\n\n\n<p>\u015aledztwo dotyczy podejrzenia pomocnictwa w niedope\u0142nieniu obowi\u0105zk\u00f3w przez prezydenta Karola Nawrockiego przy przyjmowaniu \u015blubowa\u0144 s\u0119dzi\u00f3w TK.\u00a0<\/p>\n\n\n\n<p>Bogucki o \u201eabsurdzie\u201d i politycznej walce<br>Szef kancelarii Zbigniew Bogucki potwierdzi\u0142 otrzymanie wezwania, publikuj\u0105c stosowny dokument w mediach spo\u0142eczno\u015bciowych.&nbsp;<\/p>\n\n\n\n<p>\u201eW\u0142a\u015bnie otrzyma\u0142em wezwanie w charakterze \u015bwiadka w sprawie o pomocnictwo jak rozumiem do niedope\u0142nienia obowi\u0105zku przyj\u0119cia \u015blubowania przez Prezydenta\u201d \u2013 napisa\u0142 polityk na platformie X.&nbsp;<\/p>\n\n\n\n<p>Mimo krytycznej oceny dzia\u0142a\u0144 \u015bledczych, w rozmowie z mediami Bogucki zaznaczy\u0142, \u017ce zamierza osobi\u015bcie stawi\u0107 si\u0119 w prokuraturze.&nbsp;<\/p>\n\n\n\n<p>\u201eJestem cz\u0142owiekiem, kt\u00f3ry post\u0119puje zgodnie z prawem. Z tego powodu nawet najg\u0142upsze, tak jak to, wezwania, traktuj\u0119 (tak), \u017ceby si\u0119 tam stawi\u0107, tylko \u017ce to jest strata czasu\u201d \u2013 oceni\u0142 Bogucki w rozmowie z Polsat News.&nbsp;<\/p>\n\n\n\n<p>Jego zdaniem dzia\u0142ania \u015bledczych stanowi\u0105 element bie\u017c\u0105cej walki politycznej i pr\u00f3b\u0119 wykorzystania instytucji pa\u0144stwowych przeciwko prezydentowi.<\/p>\n\n\n\n<p><\/p>\n\n\n\n<blockquote class=\"twitter-tweet\"><p lang=\"pl\" dir=\"ltr\">Min. <a href=\"https:\/\/twitter.com\/w_zurek?ref_src=twsrc%5Etfw\">@w_zurek<\/a> i jego ekipa kontynuuj\u0105 lot w kosmos i obecnie orbituj\u0105 ju\u017c poza uk\u0142adem logikibr>W\u0142a\u015bnie otrzyma\u0142em wezwanie w charakterze \u015bwiadka w sprawie o pomocnictwo jak rozumiem do niedope\u0142nienia obowi\u0105zku przyj\u0119cia \u015blubowania przez Prezydenta.<br>\u017burek i sp\u00f3\u0142ka kompromituj\u0105\u2026 <a href=\"https:\/\/t.co\/tTuMnocyP0\">pic.twitter.com\/tTuMnocyP0<\/a><\/p>&mdash; Zbigniew Bogucki&#x1f1f5;&#x1f1f1; (@BoguckiZbigniew) <a href=\"https:\/\/twitter.com\/BoguckiZbigniew\/status\/2049537905438392554?ref_src=twsrc%5Etfw\">April 29, 2026<\/a><\/blockquote> <script async src=\"https:\/\/platform.twitter.com\/widgets.js\" charset=\"utf-8\"><\/script>\n\n\n\n<p>Szefernaker zapowiada brak uleg\u0142o\u015bci wobec nacisk\u00f3w<br>Pawe\u0142 Szefernaker, szef gabinetu prezydenta, poinformowa\u0142, \u017ce wezwania do Prokuratury Krajowej otrzyma\u0142o tak\u017ce kilku innych pracownik\u00f3w zaplecza Karola Nawrockiego. Urz\u0119dnik okre\u015bli\u0142 te dzia\u0142ania jako bezpo\u015bredni\u0105 pr\u00f3b\u0119 destabilizacji pracy Kancelarii Prezydenta RP.&nbsp;<\/p>\n\n\n\n<p>\u201eTusk z \u017burkiem pr\u00f3buj\u0105 sparali\u017cowa\u0107 prace zaplecza Prezydenta Karola Nawrockiego. Mo\u017cemy Wam obieca\u0107 jedno, nie zastraszycie nas! B\u0119dziemy z jeszcze wi\u0119ksz\u0105 determinacj\u0105 walczy\u0107 o lepsz\u0105 Polsk\u0119\u201d \u2013 o\u015bwiadczy\u0142 Szefernaker w mediach spo\u0142eczno\u015bciowych.&nbsp;<\/p>\n\n\n\n<p>Urz\u0119dnicy prezydenckiej kancelarii podkre\u015blaj\u0105, \u017ce nie pozwol\u0105 na pr\u00f3by wywierania presji na pracownik\u00f3w administracji pa\u0144stwowej.&nbsp;<\/p>\n\n\n\n<p>W ich ocenie \u015bledztwo ma charakter czysto polityczny i s\u0142u\u017cy parali\u017cowaniu dzia\u0142a\u0144 g\u0142owy pa\u0144stwa w kluczowych kwestiach ustrojowych.<\/p>\n\n\n\n<p><\/p>\n\n\n\n<blockquote class=\"twitter-tweet\"><p lang=\"pl\" dir=\"ltr\">Takie wezwania otrzymali dzi\u015b tak\u017ce niekt\u00f3rzy urz\u0119dnicy Kancelarii Prezydenta. Tusk z \u017burkiem pr\u00f3buj\u0105 sparali\u017cowa\u0107 prace zaplecza Prezydenta Karola Nawrockiego.<br>Mo\u017cemy Wam obieca\u0107 jedno, <br>nie zastraszycie nas! B\u0119dziemy z jeszcze wi\u0119ksz\u0105 determinacj\u0105 walczy\u0107 o lepsz\u0105 Polsk\u0119! &#x1f1f5;&#x1f1f1; <a href=\"https:\/\/t.co\/PPvKYMwchT\">https:\/\/t.co\/PPvKYMwchT<\/a><\/p>&mdash; Pawe\u0142 Szefernaker &#x1f1f5;&#x1f1f1; (@szefernaker) <a href=\"https:\/\/twitter.com\/szefernaker\/status\/2049540791614243259?ref_src=twsrc%5Etfw\">April 29, 2026<\/a><\/blockquote> <script async src=\"https:\/\/platform.twitter.com\/widgets.js\" charset=\"utf-8\"><\/script>\n\n\n\n<p>KONIECZNIE OBEJRZYJ. POWA\u017bNE ZAGRO\u017bENIE DLA POLSKI. ZNANY STRATEG BIJE NA ALARM<\/p>\n\n\n\n<p><\/p>\n\n\n\n<figure class=\"wp-block-embed is-type-rich wp-embed-aspect-16-9 wp-has-aspect-ratio\"><div class=\"wp-block-embed__wrapper\">\n<iframe loading=\"lazy\" title=\"KRYTYCZNE ZAGRO\u017bENIE I WIELKA SZANSA DLA POLSKI. ALBERT \u015aWIDZI\u0143SKI BIJE NA ALARM\" width=\"747\" height=\"420\" src=\"https:\/\/www.youtube.com\/embed\/z92l_2EDMx0?feature=oembed\" frameborder=\"0\" allow=\"accelerometer; autoplay; clipboard-write; encrypted-media; gyroscope; picture-in-picture; web-share\" referrerpolicy=\"strict-origin-when-cross-origin\" allowfullscreen><\/iframe>\n<\/div><\/figure>\n\n\n\n<p>Prokuratura bada w\u0105tki karne i pracownicze<br>Rzeczniczka Prokuratury Generalnej Anna Adamiak doprecyzowa\u0142a, \u017ce \u015bledztwo prowadzone jest pod nadzorem prokuratora generalnego Waldemara \u017burka. Post\u0119powanie obejmuje m.in. \u201eniedope\u0142nienie obowi\u0105zk\u00f3w polegaj\u0105cych na nieodebraniu \u015blubowania od czterech s\u0119dzi\u00f3w TK (\u2026) poprzez budowanie przekonania, \u017ce nieodebranie od nich \u015blubowania jest zasadne i zgodne z prawem\u201d.&nbsp;<\/p>\n\n\n\n<p>\u015aledczy badaj\u0105 r\u00f3wnie\u017c kwesti\u0119 \u201ez\u0142o\u015bliwego i uporczywego naruszania praw pracowniczych\u201d wobec czterech s\u0119dzi\u00f3w wybranych przez Sejm. Chodzi przede wszystkim o brak wyp\u0142aty wynagrodze\u0144 oraz niezapewnienie im warunk\u00f3w pracy odpowiadaj\u0105cych godno\u015bci sprawowanego urz\u0119du.&nbsp;<\/p>\n\n\n\n<p>Podstaw\u0105 wszcz\u0119cia sprawy by\u0142o zawiadomienie z\u0142o\u017cone przez s\u0119dzi\u00f3w TK Magdalen\u0119 Bentkowsk\u0105 i Dariusza Szostka.<\/p>\n\n\n\n<p>Zarzuty o brak logiki w dzia\u0142aniach \u015bledczych<br>Zbigniew Bogucki w swoim o\u015bwiadczeniu zwr\u00f3ci\u0142 uwag\u0119 na \u2013 jego zdaniem \u2013 sprzeczno\u015b\u0107 argumentacji prezentowanej przez organy \u015bcigania.&nbsp;<\/p>\n\n\n\n<p>\u201e\u017burek i sp\u00f3\u0142ka kompromituj\u0105 si\u0119 niemi\u0142osiernie. Zw\u0142aszcza, \u017ce z jednej strony twierdz\u0105, i\u017c skuteczne \u015blubowanie odby\u0142o si\u0119 &#8216;wobec Prezydenta&#8217; podczas b\u0142azenady w Sejmie (cho\u0107 Prezydenta tam nie by\u0142o), a z drugiej w post\u0119powaniu karnym twierdz\u0105, \u017ce Prezydent nie przyj\u0105\u0142 \u015blubowania\u201d \u2013 podkre\u015bli\u0142 szef KPRP.&nbsp;<\/p>\n\n\n\n<p>Konflikt dotyczy sytuacji z kwietnia 2026 roku, gdy s\u0119dziowie Krystian Markiewicz, Maciej Taborowski, Marcin Dziurda i Anna Korwin-Piotrowska z\u0142o\u017cyli przysi\u0119g\u0119 w gmachu parlamentu.&nbsp;<\/p>\n\n\n\n<p>Prezes TK Bogdan \u015awi\u0119czkowski o\u015bwiadczy\u0142, \u017ce wydarzenia w Sejmie z udzia\u0142em czworga s\u0119dzi\u00f3w nie mog\u0105 zosta\u0107 uznane za \u015blubowanie z\u0142o\u017cone \u201ewobec prezydenta\u201d. W konsekwencji uzna\u0142 on, \u017ce osoby te nie obj\u0119\u0142y urz\u0119d\u00f3w, poniewa\u017c do skutecznego dope\u0142nienia procedury wymagany jest udzia\u0142 g\u0142owy pa\u0144stwa, kt\u00f3rego podczas uroczysto\u015bci w parlamencie zabrak\u0142o.<br><\/p>\n\n\n\n<p><\/p>\n","protected":false},"excerpt":{"rendered":"Prokuratura Krajowa wezwa\u0142a szefa KPRP Zbigniewa Boguckiego oraz innych urz\u0119dnik\u00f3w na przes\u0142uchania w charakterze \u015bwiadk\u00f3w. \u015aledztwo dotyczy podejrzenia pomocnictwa w niedope\u0142nieniu obowi\u0105zk\u00f3w przez \n<a class=\"moretag\" href=\"https:\/\/daily24.pl.ua\/?p=35706\"> [...]<\/a>","protected":false},"author":1,"featured_media":35707,"comment_status":"open","ping_status":"open","sticky":false,"template":"","format":"standard","meta":{"footnotes":""},"categories":[1],"tags":[],"class_list":["post-35706","post","type-post","status-publish","format-standard","has-post-thumbnail","hentry","category-blog"],"_links":{"self":[{"href":"https:\/\/daily24.pl.ua\/index.php?rest_route=\/wp\/v2\/posts\/35706","targetHints":{"allow":["GET"]}}],"collection":[{"href":"https:\/\/daily24.pl.ua\/index.php?rest_route=\/wp\/v2\/posts"}],"about":[{"href":"https:\/\/daily24.pl.ua\/index.php?rest_route=\/wp\/v2\/types\/post"}],"author":[{"embeddable":true,"href":"https:\/\/daily24.pl.ua\/index.php?rest_route=\/wp\/v2\/users\/1"}],"replies":[{"embeddable":true,"href":"https:\/\/daily24.pl.ua\/index.php?rest_route=%2Fwp%2Fv2%2Fcomments&post=35706"}],"version-history":[{"count":1,"href":"https:\/\/daily24.pl.ua\/index.php?rest_route=\/wp\/v2\/posts\/35706\/revisions"}],"predecessor-version":[{"id":35708,"href":"https:\/\/daily24.pl.ua\/index.php?rest_route=\/wp\/v2\/posts\/35706\/revisions\/35708"}],"wp:featuredmedia":[{"embeddable":true,"href":"https:\/\/daily24.pl.ua\/index.php?rest_route=\/wp\/v2\/media\/35707"}],"wp:attachment":[{"href":"https:\/\/daily24.pl.ua\/index.php?rest_route=%2Fwp%2Fv2%2Fmedia&parent=35706"}],"wp:term":[{"taxonomy":"category","embeddable":true,"href":"https:\/\/daily24.pl.ua\/index.php?rest_route=%2Fwp%2Fv2%2Fcategories&post=35706"},{"taxonomy":"post_tag","embeddable":true,"href":"https:\/\/daily24.pl.ua\/index.php?rest_route=%2Fwp%2Fv2%2Ftags&post=35706"}],"curies":[{"name":"wp","href":"https:\/\/api.w.org\/{rel}","templated":true}]}}