{"id":35720,"date":"2026-04-30T13:36:59","date_gmt":"2026-04-30T13:36:59","guid":{"rendered":"https:\/\/daily24.pl.ua\/?p=35720"},"modified":"2026-04-30T13:36:59","modified_gmt":"2026-04-30T13:36:59","slug":"pogrzeb-lukasza-litewki-kontrowersje-wokol-zdjec-politykow-lewicy","status":"publish","type":"post","link":"https:\/\/daily24.pl.ua\/?p=35720","title":{"rendered":"Pogrzeb \u0141ukasza Litewki. Kontrowersje wok\u00f3\u0142 zdj\u0119\u0107 polityk\u00f3w Lewicy"},"content":{"rendered":"\n<p>W trakcie uroczysto\u015bci pogrzebowych \u0141ukasza Litewki uwag\u0119 polityk\u00f3w prawicy przyku\u0142o zachowanie ministr\u00f3w Nowej Lewicy \u2013 Agnieszki Dziemianowicz-B\u0105k i Krzysztofa Gawkowskiego.<\/p>\n\n\n\n<p><a href=\"https:\/\/widgets.mgid.com\/ru\/?utm_source=swiat24.pl.ua&amp;utm_medium=referral&amp;utm_campaign=widgets&amp;utm_content=1913749\" target=\"_blank\" rel=\"noreferrer noopener\"><\/a><a href=\"https:\/\/www.mgid.com\/services\/privacy-policy\" target=\"_blank\" rel=\"noreferrer noopener\"><\/a><\/p>\n\n\n\n<p><a href=\"https:\/\/clck.mgid.com\/ghits\/26812556\/i\/62543879\/0\/pp\/1\/2?h=OzBFuMZ59TcP_SOQUXmVgjlC4QtdiiJ3NqiYhUNigUGRMY5Z1UNEIKmvQKYyH8xlrdx8MBu1g5k4dozb8w_Dc7cR89gaO3ZaDkTMuSPz8ukK1UP21O1qXW9QxXX1P784&amp;rid=64b6b70c-4499-11f1-86a2-d404e6f9ac40&amp;ts=l.facebook.com&amp;tt=Social&amp;att=1&amp;pubsrcid=eyeo&amp;cpm=1&amp;iv=17&amp;ct=1&amp;gdprApplies=0&amp;st=240&amp;mp4=1&amp;h2=D_NQLOCk-PI2mMV05howDMrM4OwehU7N0NOPLTfyAjWkzt9FD4Cgw7Rgw6vJkWxrBW-kQFJ1SoAgihJgUmP9nA**&amp;muid=p1bb2E8yx7f5\" target=\"_blank\" rel=\"noreferrer noopener\"><\/a><\/p>\n\n\n\n<p>Uchwycone na zdj\u0119ciach ich u\u015bmiechy wywo\u0142a\u0142y fal\u0119 krytycznych komentarzy oraz pytania o stosowno\u015b\u0107 takiego zachowania w tak powa\u017cnej chwili.<\/p>\n\n\n\n<h2 class=\"wp-block-heading\">U\u015bmiechy ministr\u00f3w Lewicy budz\u0105 kontrowersje<\/h2>\n\n\n\n<p>Zdj\u0119cia ministr\u00f3w Lewicy u\u015bmiechaj\u0105cych si\u0119 na pogrzebie sk\u0142oni\u0142y polityk\u00f3w prawicy do ostrej krytyki w mediach spo\u0142eczno\u015bciowych. Pose\u0142 PiS Dariusz Matecki napisa\u0142 na platformie X:<\/p>\n\n\n\n<p><a href=\"https:\/\/widgets.mgid.com\/ru\/?utm_source=swiat24.pl.ua&amp;utm_medium=referral&amp;utm_campaign=widgets&amp;utm_content=1914076\" target=\"_blank\" rel=\"noreferrer noopener\"><\/a><a href=\"https:\/\/www.mgid.com\/services\/privacy-policy\" target=\"_blank\" rel=\"noreferrer noopener\"><\/a><\/p>\n\n\n\n<p><a href=\"https:\/\/clck.mgid.com\/ghits\/26681311\/i\/62545040\/0\/pp\/1\/2?h=OzBFuMZ59TcP_SOQUXmVgjcehig5vwrWyRveoWYTS1GRMY5Z1UNEIKmvQKYyH8xlrdx8MBu1g5k4dozb8w_Dc7cR89gaO3ZaDkTMuSPz8umnOhs6KQF-77JcxACrvSd7&amp;rid=64b61e2b-4499-11f1-9766-d404e6fab000&amp;ts=l.facebook.com&amp;tt=Social&amp;att=1&amp;pubsrcid=eyeo&amp;cpm=1&amp;iv=17&amp;ct=1&amp;gdprApplies=0&amp;st=240&amp;mp4=1&amp;h2=D_NQLOCk-PI2mMV05howDI3PNBocOUfAY4oiMcpF0DzQ7HyjuQfMbPWgW_jRKLL6BiGwL6R4oZArnV6eXiPYbA**&amp;k=1914076fc*f!fZ7emZ-FfZ7em1ekfYjMwMjY2NGM0OTUwOTE2NzY2ZjYzNmIwNmFmYzE2MWM%3DfNTgz*DU2NA%3D%3Df!fNO2Tu*fUff!ff%2C*f%2C*ffQf%3AfaHR0cHM6Ly9zd2lhdDI0LnBsLnVhLz9wPTI2Mzk5JmZiY2xpZD1Jd1kyeGphd1JnT2RabGVIUnVBMkZsYlFJeE1BQmljbWxrRVRGcU9VNWtNMHgwUVZRNVlW%24kVlbGxRYzNKMFl3Wmhj%24EJmYVdRUU1q%24XlNRE01TVRjNE9E%24XdNRGc1TWdBQkhqYkJ0a3Y5TG9m%24W1KdGNyMUxCR0ROYmJEWXhLbHB*OGpiRmlxNUo5bzVwUjRRTXViTktpQjBvWXJTR19hZW1*MVNyaWJhNzBQajZjWXF6XzV6RlZJUQ%3D%3DfaHR0cHM6Ly9sLmZhY2Vib29rLmNvb%248%3DfKysvfs%3DfNTgz*DEzNjR8NTc5*DEzNTI%3DfNA%3D%3Df%3Af!fcfMTI1*DIyM3w0Njd8NTUyfYAfNgff!fTW96aWxsY%2481LjAgKFdpbmRvd3MgTlQgMTAuMDsgV2luNjQ7IHg2NCkgQXBwbGVXZWJLaXQvNTM3LjM2IChL%24FRNTCwgbGlrZ%24BHZWNrbykgQ2hyb21lLzE0Ny4wLjAuMCBTYWZhcmkvNTM3LjM2fUERGVmlld2Vy*ENocm9tZVBERlZpZXdlcnxDaHJvbWl1bVBERlZpZXdlcnxNaWNyb3NvZnRFZGdlUERGVmlld2Vy*FdlYktpdGJ1aWx0LWluUERGf!fV2luMzI%3DfMjQwfMXwxMDA%3DfMTUzNnw4MTY%3DfdW5rbm93bnw0Z3wwf!f!fQfhX2u0fCf*(UAMMw~&amp;wrst=1777556199&amp;muid=p1bb2E8yx7f5\" target=\"_blank\" rel=\"noreferrer noopener\"><\/a><\/p>\n\n\n\n<blockquote class=\"wp-block-quote is-layout-flow wp-block-quote-is-layout-flow\">\n<p>\u201eAgnieszko Dziemianowicz-B\u0105k, co was tak bawi\u0142o na pogrzebie?\u201d<\/p>\n<\/blockquote>\n\n\n\n<p>Z kolei Konrad Berkowicz z Konfederacji skomentowa\u0142 fotografie ironicznie:<\/p>\n\n\n\n<blockquote class=\"wp-block-quote is-layout-flow wp-block-quote-is-layout-flow\">\n<p>\u201e\u00bbKoledzy\u00ab z Lewicy pogr\u0105\u017ceni w \u017ca\u0142obie\u201d<\/p>\n<\/blockquote>\n\n\n\n<p>.<\/p>\n\n\n\n<p>Na zarzuty odpowiedzia\u0142 wicepremier i minister cyfryzacji Krzysztof Gawkowski. W wywiadzie dla \u201eFaktu\u201d wyja\u015bni\u0142, \u017ce podczas pogrzebu uroni\u0142 \u0142z\u0119, a w trakcie konduktu \u017ca\u0142obnego rozmawia\u0142 z innymi uczestnikami, wspominaj\u0105c zmar\u0142ego.<\/p>\n\n\n\n<figure class=\"wp-block-image\"><img decoding=\"async\" src=\"https:\/\/czu.pl\/wp-content\/uploads\/2026\/04\/1091.jpg\" alt=\"obrazek\"\/><\/figure>\n\n\n\n<h2 class=\"wp-block-heading\">Pogrzeb ponad podzia\u0142ami politycznymi<\/h2>\n\n\n\n<p>Uroczysto\u015bci zgromadzi\u0142y przedstawicieli r\u00f3\u017cnych \u015brodowisk politycznych, kt\u00f3rzy przyszli po\u017cegna\u0107 pos\u0142a Lewicy. Obecni byli m.in. prezydent Karol Nawrocki z ma\u0142\u017conk\u0105, premier Donald Tusk oraz marsza\u0142ek Sejmu W\u0142odzimierz Czarzasty.<\/p>\n\n\n\n<p>Po mszy Czarzasty wyg\u0142osi\u0142 wzruszaj\u0105ce s\u0142owa o zmar\u0142ym: podkre\u015bli\u0142 jego oddanie ludziom i wa\u017cnym sprawom, umiej\u0119tno\u015b\u0107 jednoczenia \u015brodowisk \u2013 tak\u017ce po \u015bmierci \u2013 oraz fakt, \u017ce Litewka bywa\u0142 cz\u0119sto ostatni\u0105 nadziej\u0105 tam, gdzie inni nie mogli pom\u00f3c. Marsza\u0142ek zaznaczy\u0142 te\u017c, \u017ce polityk by\u0142 wsparciem nie tylko dla rodziny i bliskich, lecz tak\u017ce dla wielu os\u00f3b w trudnych chwilach.<\/p>\n\n\n\n<h2 class=\"wp-block-heading\">Symboliczne gesty podczas pogrzebu<\/h2>\n\n\n\n<p>Decyzj\u0105 marsza\u0142ka Sejmu flaga na budynku parlamentu zosta\u0142a opuszczona do po\u0142owy masztu. Cho\u0107 posiedzenie Sejmu nie przerwano, g\u0142osowania przesuni\u0119to, by umo\u017cliwi\u0107 pos\u0142om udzia\u0142 w uroczysto\u015bciach po\u017cegnalnych.<\/p>\n\n\n\n<h2 class=\"wp-block-heading\">Tragiczny wypadek \u0141ukasza Litewki<\/h2>\n\n\n\n<p>\u0141ukasz Litewka zgin\u0105\u0142 23 kwietnia w D\u0105browie G\u00f3rniczej, potr\u0105cony przez samoch\u00f3d podczas jazdy rowerem. Kierowca zosta\u0142 zatrzymany i us\u0142ysza\u0142 zarzut spowodowania wypadku ze skutkiem \u015bmiertelnym.<\/p>\n\n\n\n<p>Wed\u0142ug prokuratury kierowca nieumy\u015blnie naruszy\u0142 przepisy ruchu drogowego, co doprowadzi\u0142o do tragedii. Za to przest\u0119pstwo grozi mu od sze\u015bciu miesi\u0119cy do o\u015bmiu lat pozbawienia wolno\u015bci.<\/p>\n","protected":false},"excerpt":{"rendered":"W trakcie uroczysto\u015bci pogrzebowych \u0141ukasza Litewki uwag\u0119 polityk\u00f3w prawicy przyku\u0142o zachowanie ministr\u00f3w Nowej Lewicy \u2013 Agnieszki Dziemianowicz-B\u0105k i Krzysztofa Gawkowskiego. Uchwycone na zdj\u0119ciach \n<a class=\"moretag\" href=\"https:\/\/daily24.pl.ua\/?p=35720\"> [...]<\/a>","protected":false},"author":1,"featured_media":35721,"comment_status":"open","ping_status":"open","sticky":false,"template":"","format":"standard","meta":{"footnotes":""},"categories":[1],"tags":[],"class_list":["post-35720","post","type-post","status-publish","format-standard","has-post-thumbnail","hentry","category-blog"],"_links":{"self":[{"href":"https:\/\/daily24.pl.ua\/index.php?rest_route=\/wp\/v2\/posts\/35720","targetHints":{"allow":["GET"]}}],"collection":[{"href":"https:\/\/daily24.pl.ua\/index.php?rest_route=\/wp\/v2\/posts"}],"about":[{"href":"https:\/\/daily24.pl.ua\/index.php?rest_route=\/wp\/v2\/types\/post"}],"author":[{"embeddable":true,"href":"https:\/\/daily24.pl.ua\/index.php?rest_route=\/wp\/v2\/users\/1"}],"replies":[{"embeddable":true,"href":"https:\/\/daily24.pl.ua\/index.php?rest_route=%2Fwp%2Fv2%2Fcomments&post=35720"}],"version-history":[{"count":1,"href":"https:\/\/daily24.pl.ua\/index.php?rest_route=\/wp\/v2\/posts\/35720\/revisions"}],"predecessor-version":[{"id":35722,"href":"https:\/\/daily24.pl.ua\/index.php?rest_route=\/wp\/v2\/posts\/35720\/revisions\/35722"}],"wp:featuredmedia":[{"embeddable":true,"href":"https:\/\/daily24.pl.ua\/index.php?rest_route=\/wp\/v2\/media\/35721"}],"wp:attachment":[{"href":"https:\/\/daily24.pl.ua\/index.php?rest_route=%2Fwp%2Fv2%2Fmedia&parent=35720"}],"wp:term":[{"taxonomy":"category","embeddable":true,"href":"https:\/\/daily24.pl.ua\/index.php?rest_route=%2Fwp%2Fv2%2Fcategories&post=35720"},{"taxonomy":"post_tag","embeddable":true,"href":"https:\/\/daily24.pl.ua\/index.php?rest_route=%2Fwp%2Fv2%2Ftags&post=35720"}],"curies":[{"name":"wp","href":"https:\/\/api.w.org\/{rel}","templated":true}]}}