{"id":35726,"date":"2026-04-30T14:07:00","date_gmt":"2026-04-30T14:07:00","guid":{"rendered":"https:\/\/daily24.pl.ua\/?p=35726"},"modified":"2026-04-30T14:07:00","modified_gmt":"2026-04-30T14:07:00","slug":"tragedia-na-dk91-pod-tczewem-dwie-osoby-nie-zyja-na-miejscu-ladowal-lpr","status":"publish","type":"post","link":"https:\/\/daily24.pl.ua\/?p=35726","title":{"rendered":"Tragedia na DK91 pod Tczewem. Dwie osoby nie \u017cyj\u0105, na miejscu l\u0105dowa\u0142 LPR"},"content":{"rendered":"\n<p>W czwartkowy poranek na drodze krajowej nr 91 dosz\u0142o do powa\u017cnego zderzenia dw\u00f3ch samochod\u00f3w osobowych.<\/p>\n\n\n\n<p> Jak informuj\u0105 pracuj\u0105ce na miejscu s\u0142u\u017cby ratunkowe oraz Generalna Dyrekcja Dr\u00f3g Krajowych i Autostrad, w wyniku tego zdarzenia s\u0105 ofiary. <\/p>\n\n\n\n<p>Trwa ustalanie przyczyn i walka z utrudnieniami na wa\u017cnej pomorskiej trasie.<\/p>\n\n\n\n<p>Czo\u0142owe zderzenie pojazd\u00f3w w miejscowo\u015bci Wielg\u0142owy<br>W czwartek, 30 kwietnia, oko\u0142o godziny 6:30 rano s\u0142u\u017cby otrzyma\u0142y zg\u0142oszenie o wypadku w miejscowo\u015bci Wielg\u0142owy w powiecie tczewskim. Wed\u0142ug relacji dy\u017curnego stanowiska kierowania Komendanta Wojew\u00f3dzkiego Pa\u0144stwowej Stra\u017cy Po\u017carnej w Gda\u0144sku, na odcinku drogi krajowej numer 91 \u0142\u0105cz\u0105cym Czarlin z Subkowymi zderzy\u0142y si\u0119 czo\u0142owo dwa samochody osobowe.&nbsp;<\/p>\n\n\n\n<p>Si\u0142a uderzenia uwi\u0119zi\u0142a pasa\u017cer\u00f3w wewn\u0105trz uszkodzonych aut. Na miejsce zadysponowano pi\u0119\u0107 zast\u0119p\u00f3w stra\u017cy po\u017carnej, policj\u0119 oraz zespo\u0142y ratownictwa medycznego, w tym za\u0142og\u0119 Lotniczego Pogotowia Ratunkowego. \u015aledczy pracuj\u0105 nad zabezpieczeniem \u015blad\u00f3w maj\u0105cych pom\u00f3c w rekonstrukcji zdarze\u0144.<\/p>\n\n\n\n<p><\/p>\n\n\n\n<figure class=\"wp-block-image size-large\"><img loading=\"lazy\" decoding=\"async\" width=\"1024\" height=\"683\" src=\"https:\/\/daily24.pl.ua\/wp-content\/uploads\/2026\/04\/image-83-1024x683.png\" alt=\"\" class=\"wp-image-35727\" srcset=\"https:\/\/daily24.pl.ua\/wp-content\/uploads\/2026\/04\/image-83-1024x683.png 1024w, https:\/\/daily24.pl.ua\/wp-content\/uploads\/2026\/04\/image-83-300x200.png 300w, https:\/\/daily24.pl.ua\/wp-content\/uploads\/2026\/04\/image-83-768x512.png 768w, https:\/\/daily24.pl.ua\/wp-content\/uploads\/2026\/04\/image-83-1536x1024.png 1536w, https:\/\/daily24.pl.ua\/wp-content\/uploads\/2026\/04\/image-83.png 1920w\" sizes=\"auto, (max-width: 1024px) 100vw, 1024px\" \/><\/figure>\n\n\n\n<p>Bilans ofiar i interwencja Lotniczego Pogotowia Ratunkowego<br>W wypadku uczestniczy\u0142y \u0142\u0105cznie cztery osoby. Stra\u017cacy poinformowali Radio ZET, \u017ce na miejscu znale\u017ali dwie osoby bez oznak \u017cycia. Mimo natychmiastowej reanimacji, ratownicy nie byli w stanie ich uratowa\u0107. Przedstawiciele Generalnej Dyrekcji Dr\u00f3g Krajowych i Autostrad oficjalnie potwierdzili zgon obu uczestnik\u00f3w na miejscu zdarzenia.&nbsp;<\/p>\n\n\n\n<p>Pozosta\u0142e dwie osoby odnios\u0142y obra\u017cenia wymagaj\u0105ce pilnej hospitalizacji. Zosta\u0142y one opatrzone przez ratownik\u00f3w medycznych, a nast\u0119pnie przetransportowane do szpitali przez Lotnicze Pogotowie Ratunkowe w celu przeprowadzenia szczeg\u00f3\u0142owych bada\u0144.<\/p>\n\n\n\n<p>KONIECZNIE OBEJRZYJ. POWA\u017bNE ZAGRO\u017bENIE DLA POLSKI. ZNANY STRATEG BIJE NA ALARM<br><\/p>\n\n\n\n<figure class=\"wp-block-embed is-type-rich wp-embed-aspect-16-9 wp-has-aspect-ratio\"><div class=\"wp-block-embed__wrapper\">\n<iframe loading=\"lazy\" title=\"KRYTYCZNE ZAGRO\u017bENIE I WIELKA SZANSA DLA POLSKI. ALBERT \u015aWIDZI\u0143SKI BIJE NA ALARM\" width=\"747\" height=\"420\" src=\"https:\/\/www.youtube.com\/embed\/z92l_2EDMx0?feature=oembed\" frameborder=\"0\" allow=\"accelerometer; autoplay; clipboard-write; encrypted-media; gyroscope; picture-in-picture; web-share\" referrerpolicy=\"strict-origin-when-cross-origin\" allowfullscreen><\/iframe>\n<\/div><\/figure>\n\n\n\n<p>Utrudnienia w ruchu na trasie Czarlin &#8212; Subkowy<br>Konsekwencj\u0105 porannego zderzenia s\u0105 znaczne utrudnienia w komunikacji na drodze krajowej numer 91. Zgodnie z komunikatami wydawanymi przez Generaln\u0105 Dyrekcj\u0119 Dr\u00f3g Krajowych i Autostrad, odcinek trasy przebiegaj\u0105cy w rejonie Wielg\u0142\u00f3w zosta\u0142 cz\u0119\u015bciowo zablokowany.&nbsp;<\/p>\n\n\n\n<p>Policja wsp\u00f3lnie ze s\u0142u\u017cbami drogowymi wprowadzi\u0142a w tym miejscu ruch wahad\u0142owy, aby utrzyma\u0107 przepustowo\u015b\u0107 drogi podczas trwaj\u0105cych czynno\u015bci dochodzeniowych oraz porz\u0105dkowych. Drogowcy szacuj\u0105, \u017ce ograniczenia w p\u0142ynno\u015bci przejazdu potrwaj\u0105 co najmniej trzy godziny.&nbsp;<\/p>\n\n\n\n<p>Funkcjonariusze apeluj\u0105 do kierowc\u00f3w o wybieranie alternatywnych tras przejazdu w celu unikni\u0119cia postoju w zatorach.<br><\/p>\n\n\n\n<p><\/p>\n","protected":false},"excerpt":{"rendered":"W czwartkowy poranek na drodze krajowej nr 91 dosz\u0142o do powa\u017cnego zderzenia dw\u00f3ch samochod\u00f3w osobowych. Jak informuj\u0105 pracuj\u0105ce na miejscu s\u0142u\u017cby ratunkowe oraz \n<a class=\"moretag\" href=\"https:\/\/daily24.pl.ua\/?p=35726\"> [...]<\/a>","protected":false},"author":1,"featured_media":35728,"comment_status":"open","ping_status":"open","sticky":false,"template":"","format":"standard","meta":{"footnotes":""},"categories":[1],"tags":[],"class_list":["post-35726","post","type-post","status-publish","format-standard","has-post-thumbnail","hentry","category-blog"],"_links":{"self":[{"href":"https:\/\/daily24.pl.ua\/index.php?rest_route=\/wp\/v2\/posts\/35726","targetHints":{"allow":["GET"]}}],"collection":[{"href":"https:\/\/daily24.pl.ua\/index.php?rest_route=\/wp\/v2\/posts"}],"about":[{"href":"https:\/\/daily24.pl.ua\/index.php?rest_route=\/wp\/v2\/types\/post"}],"author":[{"embeddable":true,"href":"https:\/\/daily24.pl.ua\/index.php?rest_route=\/wp\/v2\/users\/1"}],"replies":[{"embeddable":true,"href":"https:\/\/daily24.pl.ua\/index.php?rest_route=%2Fwp%2Fv2%2Fcomments&post=35726"}],"version-history":[{"count":1,"href":"https:\/\/daily24.pl.ua\/index.php?rest_route=\/wp\/v2\/posts\/35726\/revisions"}],"predecessor-version":[{"id":35729,"href":"https:\/\/daily24.pl.ua\/index.php?rest_route=\/wp\/v2\/posts\/35726\/revisions\/35729"}],"wp:featuredmedia":[{"embeddable":true,"href":"https:\/\/daily24.pl.ua\/index.php?rest_route=\/wp\/v2\/media\/35728"}],"wp:attachment":[{"href":"https:\/\/daily24.pl.ua\/index.php?rest_route=%2Fwp%2Fv2%2Fmedia&parent=35726"}],"wp:term":[{"taxonomy":"category","embeddable":true,"href":"https:\/\/daily24.pl.ua\/index.php?rest_route=%2Fwp%2Fv2%2Fcategories&post=35726"},{"taxonomy":"post_tag","embeddable":true,"href":"https:\/\/daily24.pl.ua\/index.php?rest_route=%2Fwp%2Fv2%2Ftags&post=35726"}],"curies":[{"name":"wp","href":"https:\/\/api.w.org\/{rel}","templated":true}]}}