{"id":35730,"date":"2026-04-30T16:19:09","date_gmt":"2026-04-30T16:19:09","guid":{"rendered":"https:\/\/daily24.pl.ua\/?p=35730"},"modified":"2026-04-30T16:19:09","modified_gmt":"2026-04-30T16:19:09","slug":"kolejny-wstrzas-w-pis-znany-posel-wlasnie-zlozyl-rezygnacje","status":"publish","type":"post","link":"https:\/\/daily24.pl.ua\/?p=35730","title":{"rendered":"Kolejny wstrz\u0105s w PiS. Znany pose\u0142 w\u0142a\u015bnie z\u0142o\u017cy\u0142 rezygnacj\u0119"},"content":{"rendered":"\n<p>Kluczpwy pose\u0142 PiS z\u0142o\u017cy\u0142 rezygnacj\u0119 z cz\u0142onkostwa w klubie parlamentarnym Prawa i Sprawiedliwo\u015bci. <\/p>\n\n\n\n<p>Informacj\u0119 t\u0119 potwierdzi\u0142 rzecznik PiS Rafa\u0142 Bochenek, kt\u00f3ry przekaza\u0142, \u017ce decyzja zosta\u0142a przyj\u0119ta.<\/p>\n\n\n\n<p> O sprawie jako pierwszy poinformowa\u0142 dziennikarz RMF FM Krzysztof Berenda.<\/p>\n\n\n\n<p>Janusz Kowalski odchodzi z klubu PiS<br>Doniesienia o zmianach w klubie parlamentarnym Prawa i Sprawiedliwo\u015bci pojawi\u0142y si\u0119 za spraw\u0105 ustale\u0144 dziennikarzy RMF FM. To w\u0142a\u015bnie oni jako pierwsi dotarli do informacji, kt\u00f3re wskazywa\u0142y na istotn\u0105 decyzj\u0119 jednego z parlamentarzyst\u00f3w. Sprawa szybko zacz\u0119\u0142a by\u0107 szeroko komentowana, poniewa\u017c dotyczy\u0142a rozpoznawalnej postaci sceny politycznej.<\/p>\n\n\n\n<p>W takich sytuacjach znaczenie ma nie tylko sama decyzja, ale r\u00f3wnie\u017c moment jej podj\u0119cia oraz kontekst polityczny, w kt\u00f3rym do niej dochodzi. Ka\u017cde odej\u015bcie z klubu parlamentarnego du\u017cej partii wywo\u0142uje pytania o przyczyny i mo\u017cliwe konsekwencje dla uk\u0142adu si\u0142 w Sejmie. Na tym etapie jednak informacje by\u0142y ograniczone g\u0142\u00f3wnie do samego faktu rezygnacji.<\/p>\n\n\n\n<p>\u0179r\u00f3d\u0142em pierwszych doniesie\u0144 by\u0142 dziennikarz RMF FM, kt\u00f3ry ustali\u0142 szczeg\u00f3\u0142y dotycz\u0105ce decyzji pos\u0142a.<br><\/p>\n\n\n\n<figure class=\"wp-block-image size-large\"><img loading=\"lazy\" decoding=\"async\" width=\"1024\" height=\"576\" src=\"https:\/\/daily24.pl.ua\/wp-content\/uploads\/2026\/04\/image-84-1024x576.png\" alt=\"\" class=\"wp-image-35731\" srcset=\"https:\/\/daily24.pl.ua\/wp-content\/uploads\/2026\/04\/image-84-1024x576.png 1024w, https:\/\/daily24.pl.ua\/wp-content\/uploads\/2026\/04\/image-84-300x169.png 300w, https:\/\/daily24.pl.ua\/wp-content\/uploads\/2026\/04\/image-84-768x432.png 768w, https:\/\/daily24.pl.ua\/wp-content\/uploads\/2026\/04\/image-84-1536x864.png 1536w, https:\/\/daily24.pl.ua\/wp-content\/uploads\/2026\/04\/image-84.png 1920w\" sizes=\"auto, (max-width: 1024px) 100vw, 1024px\" \/><\/figure>\n\n\n\n<p>Rezygnacja pos\u0142a potwierdzona przez rzecznika PiS<br>Z ustale\u0144 RMF FM wynika jednoznacznie, \u017ce pose\u0142 Janusz Kowalski zdecydowa\u0142 si\u0119 na odej\u015bcie z klubu parlamentarnego Prawa i Sprawiedliwo\u015bci. Informacj\u0119 t\u0119 potwierdzi\u0142 rzecznik ugrupowania, co rozwia\u0142o wszelkie w\u0105tpliwo\u015bci co do jej prawdziwo\u015bci.<\/p>\n\n\n\n<p>\u2013 Jego rezygnacja zosta\u0142a przyj\u0119ta \u2013 poinformowa\u0142 Rafa\u0142 Bochenek, rzecznik PiS.<\/p>\n\n\n\n<p>Decyzja zosta\u0142a wi\u0119c nie tylko z\u0142o\u017cona, ale r\u00f3wnie\u017c formalnie zaakceptowana przez kierownictwo klubu. To istotny element ca\u0142ej sytuacji, poniewa\u017c oznacza, \u017ce proces zosta\u0142 zako\u0144czony od strony formalnej i nie jest ju\u017c jedynie spekulacj\u0105 czy nieoficjaln\u0105 informacj\u0105.<\/p>\n\n\n\n<p>Jak ustali\u0142 dziennikarz RMF FM Krzysztof Berenda, sam Kowalski podj\u0105\u0142 decyzj\u0119 o odej\u015bciu. Nie pojawi\u0142y si\u0119 natomiast dodatkowe szczeg\u00f3\u0142y dotycz\u0105ce powod\u00f3w tego kroku, co tylko zwi\u0119ksza zainteresowanie ca\u0142ym wydarzeniem.<\/p>\n\n\n\n<p><\/p>\n\n\n\n<blockquote class=\"twitter-tweet\"><p lang=\"pl\" dir=\"ltr\"<br><br>Janusz Kowalski <a href=\"https:\/\/twitter.com\/JKowalski_posel?ref_src=twsrc%5Etfw\">@JKowalski_posel<\/a> z\u0142o\u017cy\u0142 rezygnacj\u0119 z cz\u0142onkostwa w klubie parlamentarnym PiS. <br><br>\u201eJego rezygnacja zosta\u0142a przyj\u0119ta\u201d &#8212; potwierdzi\u0142 rzecznik PiS <a href=\"https:\/\/twitter.com\/RafalBochenek?ref_src=twsrc%5Etfw\">@RafalBochenek<\/a> <br><br>Info <a href=\"https:\/\/twitter.com\/RMF24pl?ref_src=twsrc%5Etfw\">@RMF24pl<\/a><\/p>&mdash; Krzysztof Berenda (@k_berenda) <a href=\"https:\/\/twitter.com\/k_berenda\/status\/2049853273209700611?ref_src=twsrc%5Etfw\">April 30, 2026<\/a><\/blockquote> <script async src=\"https:\/\/platform.twitter.com\/widgets.js\" charset=\"utf-8\"><\/script>\n\n\n\n<p>Co oznacza odej\u015bcie Kowalskiego dla PiS?<br>Fakt, \u017ce rezygnacja zosta\u0142a oficjalnie potwierdzona przez rzecznika partii, nadaje sprawie ostateczny charakter. Nie mamy tu do czynienia z niejasnymi doniesieniami czy przeciekami, lecz z jasno zakomunikowan\u0105 decyzj\u0105, kt\u00f3ra wesz\u0142a w \u017cycie.<\/p>\n\n\n\n<p>W praktyce oznacza to, \u017ce Janusz Kowalski nie jest ju\u017c cz\u0142onkiem klubu parlamentarnego Prawa i Sprawiedliwo\u015bci. Tego typu ruchy zawsze rodz\u0105 pytania o dalsze kroki polityka oraz o wp\u0142yw na funkcjonowanie samego klubu. Ka\u017cda zmiana w jego sk\u0142adzie mo\u017ce mie\u0107 znaczenie, zw\u0142aszcza w kontek\u015bcie bie\u017c\u0105cych dzia\u0142a\u0144 parlamentarnych.<\/p>\n\n\n\n<p>Na razie jednak dost\u0119pne informacje ograniczaj\u0105 si\u0119 do samego faktu odej\u015bcia i jego potwierdzenia przez przedstawiciela partii. Brakuje oficjalnych wyja\u015bnie\u0144 dotycz\u0105cych przyczyn tej decyzji, co sprawia, \u017ce sprawa pozostaje otwarta i mo\u017ce by\u0107 rozwijana w kolejnych dniach.<\/p>\n\n\n\n<p>KONIECZNIE OBEJRZYJ. POWA\u017bNE ZAGRO\u017bENIE DLA POLSKI. ZNANY STRATEG BIJE NA ALARM<br><\/p>\n\n\n\n<figure class=\"wp-block-embed is-type-rich wp-embed-aspect-16-9 wp-has-aspect-ratio\"><div class=\"wp-block-embed__wrapper\">\n<iframe loading=\"lazy\" title=\"KRYTYCZNE ZAGRO\u017bENIE I WIELKA SZANSA DLA POLSKI. ALBERT \u015aWIDZI\u0143SKI BIJE NA ALARM\" width=\"747\" height=\"420\" src=\"https:\/\/www.youtube.com\/embed\/z92l_2EDMx0?feature=oembed\" frameborder=\"0\" allow=\"accelerometer; autoplay; clipboard-write; encrypted-media; gyroscope; picture-in-picture; web-share\" referrerpolicy=\"strict-origin-when-cross-origin\" allowfullscreen><\/iframe>\n<\/div><\/figure>\n","protected":false},"excerpt":{"rendered":"Kluczpwy pose\u0142 PiS z\u0142o\u017cy\u0142 rezygnacj\u0119 z cz\u0142onkostwa w klubie parlamentarnym Prawa i Sprawiedliwo\u015bci. Informacj\u0119 t\u0119 potwierdzi\u0142 rzecznik PiS Rafa\u0142 Bochenek, kt\u00f3ry przekaza\u0142, \u017ce \n<a class=\"moretag\" href=\"https:\/\/daily24.pl.ua\/?p=35730\"> [...]<\/a>","protected":false},"author":1,"featured_media":35733,"comment_status":"open","ping_status":"open","sticky":false,"template":"","format":"standard","meta":{"footnotes":""},"categories":[1],"tags":[],"class_list":["post-35730","post","type-post","status-publish","format-standard","has-post-thumbnail","hentry","category-blog"],"_links":{"self":[{"href":"https:\/\/daily24.pl.ua\/index.php?rest_route=\/wp\/v2\/posts\/35730","targetHints":{"allow":["GET"]}}],"collection":[{"href":"https:\/\/daily24.pl.ua\/index.php?rest_route=\/wp\/v2\/posts"}],"about":[{"href":"https:\/\/daily24.pl.ua\/index.php?rest_route=\/wp\/v2\/types\/post"}],"author":[{"embeddable":true,"href":"https:\/\/daily24.pl.ua\/index.php?rest_route=\/wp\/v2\/users\/1"}],"replies":[{"embeddable":true,"href":"https:\/\/daily24.pl.ua\/index.php?rest_route=%2Fwp%2Fv2%2Fcomments&post=35730"}],"version-history":[{"count":1,"href":"https:\/\/daily24.pl.ua\/index.php?rest_route=\/wp\/v2\/posts\/35730\/revisions"}],"predecessor-version":[{"id":35734,"href":"https:\/\/daily24.pl.ua\/index.php?rest_route=\/wp\/v2\/posts\/35730\/revisions\/35734"}],"wp:featuredmedia":[{"embeddable":true,"href":"https:\/\/daily24.pl.ua\/index.php?rest_route=\/wp\/v2\/media\/35733"}],"wp:attachment":[{"href":"https:\/\/daily24.pl.ua\/index.php?rest_route=%2Fwp%2Fv2%2Fmedia&parent=35730"}],"wp:term":[{"taxonomy":"category","embeddable":true,"href":"https:\/\/daily24.pl.ua\/index.php?rest_route=%2Fwp%2Fv2%2Fcategories&post=35730"},{"taxonomy":"post_tag","embeddable":true,"href":"https:\/\/daily24.pl.ua\/index.php?rest_route=%2Fwp%2Fv2%2Ftags&post=35730"}],"curies":[{"name":"wp","href":"https:\/\/api.w.org\/{rel}","templated":true}]}}