{"id":35758,"date":"2026-05-01T10:40:12","date_gmt":"2026-05-01T10:40:12","guid":{"rendered":"https:\/\/daily24.pl.ua\/?p=35758"},"modified":"2026-05-01T10:40:12","modified_gmt":"2026-05-01T10:40:12","slug":"karol-nawrocki-ujawnil-prawde-o-zonie-i-synu-marta-urodzila-daniela-w-wieku-17-lat-2","status":"publish","type":"post","link":"https:\/\/daily24.pl.ua\/?p=35758","title":{"rendered":"Karol Nawrocki ujawni\u0142 prawd\u0119 o \u017conie i synu: Marta urodzi\u0142a Daniela w wieku 17 lat"},"content":{"rendered":"\n<p><a href=\"https:\/\/robertpatoleta.wideoportal.tv\/\"><\/a><\/p>\n\n\n\n<p>Karol Nawrocki nie ukrywa, \u017ce zwi\u0105za\u0142 si\u0119 z obecn\u0105 \u017con\u0105 Mart\u0105, kiedy mia\u0142a 19 lat i dwuletniego syna. <\/p>\n\n\n\n<p>Zapewni\u0142, \u017ce kocha Daniela jak w\u0142asne, biologiczne dziecko. &#171;Jest mi\u0119dzy nami bardzo silna wi\u0119\u017a&#187; &#8212; przekaza\u0142 i og\u0142osi\u0142 plany zwi\u0105zane z aktywno\u015bci\u0105 pierwszej damy.<\/p>\n\n\n\n<p>Karol Nawrocki i jego \u017cona Marta maj\u0105 troje dzieci. Najstarszym, niebiologicznym dzieckiem prezydenta, jest 21-letni Daniel. To syn jego \u017cony z innym m\u0119\u017cczyzn\u0105. <\/p>\n\n\n\n<p>Obecna pierwsza dama zasz\u0142a w ci\u0105\u017c\u0119 w wieku 16 lat. Dwa lata p\u00f3\u017aniej zwi\u0105za\u0142a si\u0119 z Karolem Nawrockim. Po dw\u00f3ch nast\u0119pnych latach Karol Nawrocki, kt\u00f3ry w\u00f3wczas mia\u0142 21 lat, przysposobi\u0142 (adoptowa\u0142) Daniela.<\/p>\n\n\n\n<p>Karol Nawrocki ujawni\u0142 prawd\u0119 o \u017conie i synu: Marta urodzi\u0142a Daniela w wieku 17 lat<br>Daniel Nawrocki posiada \u017cy\u0142k\u0119 dziennikarsk\u0105. Prowadzi program w telewizji wPolsce24. Prezydent nie ukrywa, \u017ce darzy go prawdziwie ojcowskim uczuciem.<br>Jest moim synem, kocham go i nie wyobra\u017cam sobie \u017cycia bez niego. Jest mi\u0119dzy nami bardzo silna wi\u0119\u017a, kt\u00f3ra wynika nie tylko z mi\u0142o\u015bci do mojej \u017cony, lecz tak\u017ce z mi\u0142o\u015bci do niego. Ma moje nazwisko, jest w pe\u0142ni moim dzieckiem. Marta urodzi\u0142a Daniela w wieku 17 lat. Podziwiam j\u0105 za to, \u017ce w trudnej &#8212; nie ma co ukrywa\u0107 &#8212; sytuacji stan\u0119\u0142a na wysoko\u015bci zadania, wierzy\u0142a, i\u017c sobie poradzi i chcia\u0142a dla swojego dziecka jak najlepiej &#8212; przekaza\u0142 w ksi\u0105\u017cce &#171;Polska silna histori\u0105&#187;.<\/p>\n\n\n\n<p>Podczas jednego z wiec\u00f3w wyborczych szczerze opowiedzia\u0142 o synu. Pad\u0142y s\u0142owa o ojcostwie.<br>Nie wyobra\u017cam sobie bez niego \u017cycia, on kocha mnie te\u017c. Mo\u017ce cz\u0119\u015b\u0107 z pa\u0144stwa go widzia\u0142a. Wychowuj\u0119 go od drugiego roku \u017cycia. Nie jest moim biologicznym synem, ale zapominam czasami o tym, bo nie znam innego \u017cycia jak z Danielem, a on nie zna innego ojca jak ja. Mamy \u015bwiadomo\u015b\u0107 w moim rodzinnym domu, \u017ce Daniel \u017cyje za spraw\u0105 g\u0142\u0119bokiej odporno\u015bci psychicznej, po\u015bwi\u0119cenia i gotowo\u015bci jego m\u0142odej w\u00f3wczas mamy do tego, aby go urodzi\u0107 i aby \u017cycie wygra\u0142o. Ta sytuacja w pewien spos\u00f3b buduje te\u017c mnie osobi\u015bcie &#8212; wyja\u015bni\u0142.<\/p>\n\n\n\n<p><br>Karol Nawrocki zapewni\u0142, \u017ce aktywno\u015b\u0107 jego \u017cony b\u0119dzie wygl\u0105da\u0142a zupe\u0142nie inaczej ni\u017c poprzedniej pierwszej damy. Marta Nawrocka zamierza za\u0142o\u017cy\u0107 fundacj\u0119 i skupi\u0107 si\u0119 na osobach potrzebuj\u0105cych pomocy i wsparcia.<\/p>\n\n\n\n<p>Moja \u017cona ju\u017c zajmuje si\u0119 konkretnymi sprawami. Ma szczeg\u00f3ln\u0105 wra\u017cliwo\u015b\u0107 na dzieci i osoby z niepe\u0142nosprawno\u015bciami. Niebawem planuje powo\u0142a\u0107 Fundacj\u0119 Pierwszej Damy, kt\u00f3ra b\u0119dzie pomaga\u0107 osobom niepe\u0142nosprawnym oraz wyj\u0105tkowo zdolnym spoza du\u017cych aglomeracji. Znam jej wra\u017cliwo\u015b\u0107 od lat, jeste\u015bmy ma\u0142\u017ce\u0144stwem od 15 lat i ju\u017c wida\u0107, \u017ce prze\u0142o\u017cy si\u0119 ona na godne sprawowanie funkcji Pierwszej Damy. Jej otwarto\u015b\u0107, ciep\u0142o i empatia przynosz\u0105 dobre efekty &#8212; m\u00f3wi\u0142 w rozmowie z &#171;Super Expressem&#187;.<\/p>\n\n\n\n<figure class=\"wp-block-image\"><img decoding=\"async\" src=\"https:\/\/wideoportal.tv\/static\/files\/inline_images\/161\/inline__1747113_3648.jpg\" alt=\"\"\/><\/figure>\n\n\n\n<p><\/p>\n\n\n\n<figure class=\"wp-block-image\"><img decoding=\"async\" src=\"https:\/\/wideoportal.tv\/static\/files\/inline_images\/161\/inline__1747113_389.jpg\" alt=\"\"\/><\/figure>\n\n\n\n<p><\/p>\n\n\n\n<figure class=\"wp-block-image\"><img decoding=\"async\" src=\"https:\/\/wideoportal.tv\/static\/files\/inline_images\/161\/inline__1747113_95.jpg\" alt=\"\"\/><\/figure>\n\n\n\n<p><\/p>\n\n\n\n<figure class=\"wp-block-image\"><img decoding=\"async\" src=\"https:\/\/wideoportal.tv\/static\/files\/inline_images\/161\/inline__1747113_2909.jpg\" alt=\"\"\/><\/figure>\n\n\n\n<p><\/p>\n\n\n\n<figure class=\"wp-block-image\"><img decoding=\"async\" src=\"https:\/\/wideoportal.tv\/static\/files\/inline_images\/161\/inline__1747113_189.jpg\" alt=\"\"\/><\/figure>\n","protected":false},"excerpt":{"rendered":"Karol Nawrocki nie ukrywa, \u017ce zwi\u0105za\u0142 si\u0119 z obecn\u0105 \u017con\u0105 Mart\u0105, kiedy mia\u0142a 19 lat i dwuletniego syna. Zapewni\u0142, \u017ce kocha Daniela jak \n<a class=\"moretag\" href=\"https:\/\/daily24.pl.ua\/?p=35758\"> [...]<\/a>","protected":false},"author":1,"featured_media":35759,"comment_status":"open","ping_status":"open","sticky":false,"template":"","format":"standard","meta":{"footnotes":""},"categories":[1],"tags":[],"class_list":["post-35758","post","type-post","status-publish","format-standard","has-post-thumbnail","hentry","category-blog"],"_links":{"self":[{"href":"https:\/\/daily24.pl.ua\/index.php?rest_route=\/wp\/v2\/posts\/35758","targetHints":{"allow":["GET"]}}],"collection":[{"href":"https:\/\/daily24.pl.ua\/index.php?rest_route=\/wp\/v2\/posts"}],"about":[{"href":"https:\/\/daily24.pl.ua\/index.php?rest_route=\/wp\/v2\/types\/post"}],"author":[{"embeddable":true,"href":"https:\/\/daily24.pl.ua\/index.php?rest_route=\/wp\/v2\/users\/1"}],"replies":[{"embeddable":true,"href":"https:\/\/daily24.pl.ua\/index.php?rest_route=%2Fwp%2Fv2%2Fcomments&post=35758"}],"version-history":[{"count":1,"href":"https:\/\/daily24.pl.ua\/index.php?rest_route=\/wp\/v2\/posts\/35758\/revisions"}],"predecessor-version":[{"id":35760,"href":"https:\/\/daily24.pl.ua\/index.php?rest_route=\/wp\/v2\/posts\/35758\/revisions\/35760"}],"wp:featuredmedia":[{"embeddable":true,"href":"https:\/\/daily24.pl.ua\/index.php?rest_route=\/wp\/v2\/media\/35759"}],"wp:attachment":[{"href":"https:\/\/daily24.pl.ua\/index.php?rest_route=%2Fwp%2Fv2%2Fmedia&parent=35758"}],"wp:term":[{"taxonomy":"category","embeddable":true,"href":"https:\/\/daily24.pl.ua\/index.php?rest_route=%2Fwp%2Fv2%2Fcategories&post=35758"},{"taxonomy":"post_tag","embeddable":true,"href":"https:\/\/daily24.pl.ua\/index.php?rest_route=%2Fwp%2Fv2%2Ftags&post=35758"}],"curies":[{"name":"wp","href":"https:\/\/api.w.org\/{rel}","templated":true}]}}