{"id":35768,"date":"2026-05-01T10:57:55","date_gmt":"2026-05-01T10:57:55","guid":{"rendered":"https:\/\/daily24.pl.ua\/?p=35768"},"modified":"2026-05-01T10:57:55","modified_gmt":"2026-05-01T10:57:55","slug":"wyjatkowy-gest-marty-nawrockiej-podczas-pogrzebu-lukasza-litewki-w-ten-sposob-oddala-mu-hold","status":"publish","type":"post","link":"https:\/\/daily24.pl.ua\/?p=35768","title":{"rendered":"Wyj\u0105tkowy gest Marty Nawrockiej podczas pogrzebu \u0141ukasza Litewki. W ten spos\u00f3b odda\u0142a mu ho\u0142d"},"content":{"rendered":"\n<p>Podczas po\u017cegnania pos\u0142a \u0141ukasza Litewki uwag\u0119 przyku\u0142 jeden szczeg\u00f3\u0142 stroju Pierwszej Damy. <\/p>\n\n\n\n<p>Fotografka Alicja Stefaniuk ujawni\u0142a w mediach spo\u0142eczno\u015bciowych, \u017ce za tym drobnym elementem kryje si\u0119 niezwyk\u0142a historia i osobisty dar od zmar\u0142ego. <\/p>\n\n\n\n<p>To symboliczne podzi\u0119kowanie za gest wykonany kilka miesi\u0119cy wcze\u015bniej.<\/p>\n\n\n\n<p>Spotkanie w Pa\u0142acu i pocz\u0105tek historii apaszki<br>Historia apaszki rozpocz\u0119\u0142a si\u0119 3 lutego podczas spotkania w Pa\u0142acu Prezydenckim dotycz\u0105cego problematyki schronisk dla zwierz\u0105t. Pose\u0142 \u0141ukasz Litewka przekaza\u0142 wtedy Marcie Nawrockiej upominek polskiej firmy, przedstawiaj\u0105cy symbole polskich miast i zabytk\u00f3w.&nbsp;<\/p>\n\n\n\n<p>\u201eTego dnia podarowa\u0142 Pierwszej Damie apaszk\u0119 polskiej firmy, jak si\u0119 potem dowiedzia\u0142am, z symbolami polskich miast i zabytk\u00f3w\u201d.<\/p>\n\n\n\n<p>Alicja Stefaniuk, fotografka pary prezydenckiej, opisa\u0142a to spotkanie w swoich mediach spo\u0142eczno\u015bciowych.&nbsp;<\/p>\n\n\n\n<p>\u201eWtedy podszed\u0142 do mnie pose\u0142 \u0141ukasz Litewka. Przedstawi\u0142 si\u0119 z u\u015bmiechem, bez dystansu. I mo\u017ce zabrzmi to patetycznie, ale od razu da\u0142o si\u0119 od niego wyczu\u0107 dobro i zauwa\u017cenie drugiego cz\u0142owieka\u201d &#8212; wspomina\u0142a fotografka.&nbsp;<\/p>\n\n\n\n<p>Wed\u0142ug relacji Stefaniuk, gest pos\u0142a by\u0142 wyrazem autentycznej \u017cyczliwo\u015bci, co sprawi\u0142o, \u017ce podarunek sta\u0142 si\u0119 dla Pierwszej Damy istotnym symbolem.<\/p>\n\n\n\n<p><\/p>\n\n\n\n<p>Symbolika stroju i gest na pogrzebie pos\u0142a<br>Od dnia otrzymania prezentu Marta Nawrocka regularnie zak\u0142ada\u0142a apaszk\u0119 na oficjalne wydarzenia. Fotografka zauwa\u017cy\u0142a ten szczeg\u00f3\u0142 r\u00f3wnie\u017c podczas \u015brodowego pogrzebu pos\u0142a w Sosnowcu. Stefaniuk interpretuje to jako \u015bwiadomy wyb\u00f3r:&nbsp;<\/p>\n\n\n\n<p>\u201eOd tamtej chwili cz\u0119sto j\u0105 zak\u0142ada\u0142a, jakby wysy\u0142a\u0142a cichy sygna\u0142 o warto\u015bciach, o uwa\u017cno\u015bci, o tym, co wa\u017cne. Zauwa\u017cy\u0142am j\u0105 tak\u017ce wczoraj, podczas pogrzebu. Jako gest pami\u0119ci i ho\u0142d dla pos\u0142a \u0141ukasza Litewki\u201d.&nbsp;<\/p>\n\n\n\n<figure class=\"wp-block-image size-large\"><img loading=\"lazy\" decoding=\"async\" width=\"1024\" height=\"683\" src=\"https:\/\/daily24.pl.ua\/wp-content\/uploads\/2026\/05\/image-1024x683.png\" alt=\"\" class=\"wp-image-35769\" srcset=\"https:\/\/daily24.pl.ua\/wp-content\/uploads\/2026\/05\/image-1024x683.png 1024w, https:\/\/daily24.pl.ua\/wp-content\/uploads\/2026\/05\/image-300x200.png 300w, https:\/\/daily24.pl.ua\/wp-content\/uploads\/2026\/05\/image-768x512.png 768w, https:\/\/daily24.pl.ua\/wp-content\/uploads\/2026\/05\/image-1536x1024.png 1536w, https:\/\/daily24.pl.ua\/wp-content\/uploads\/2026\/05\/image.png 1920w\" sizes=\"auto, (max-width: 1024px) 100vw, 1024px\" \/><\/figure>\n\n\n\n<p>Wojciech Olku\u015bnik\/East News<br>Autorka wpisu podkre\u015bli\u0142a, \u017ce jej zadaniem jako dokumentalistki jest dostrzeganie tego, czego oficjalne zdj\u0119cia cz\u0119sto nie pokazuj\u0105.&nbsp;<\/p>\n\n\n\n<p>\u201eDla mnie, fotografa, wa\u017cne s\u0105 nie tylko zdj\u0119cia, ale tak\u017ce to, co dzieje si\u0119 mi\u0119dzy kadrami, dlatego postanowi\u0142am opowiedzie\u0107 Wam t\u0119 histori\u0119\u201d.<br><\/p>\n\n\n\n<p>Autorka wpisu podkre\u015bli\u0142a, \u017ce jej zadaniem jako dokumentalistki jest dostrzeganie tego, czego oficjalne zdj\u0119cia cz\u0119sto nie pokazuj\u0105.&nbsp;<\/p>\n\n\n\n<p>\u201eDla mnie, fotografa, wa\u017cne s\u0105 nie tylko zdj\u0119cia, ale tak\u017ce to, co dzieje si\u0119 mi\u0119dzy kadrami, dlatego postanowi\u0142am opowiedzie\u0107 Wam t\u0119 histori\u0119\u201d.<br><\/p>\n\n\n\n<blockquote class=\"twitter-tweet\"><p lang=\"pl\" dir=\"ltr\">Historia pewnej apaszki.<br><br>Ta historia zaczyna si\u0119 3 lutego. Pa\u0142ac Prezydencki. Czeka\u0142am na rozpocz\u0119cie spotkania, gotowa wykona\u0107 fotorelacj\u0119 ze spotkania w sprawie patoschronisk w Polsce.<br>Wtedy podszed\u0142 do mnie pose\u0142 \u0141ukasz Litewka. Przedstawi\u0142 si\u0119 z u\u015bmiechem, bez dystansu. I\u2026 <a href=\"https:\/\/t.co\/kLuM9zOkKb\">pic.twitter.com\/kLuM9zOkKb<\/a><\/p>&mdash; Alicja Stefaniuk (@stefaniuk_ala) <a href=\"https:\/\/twitter.com\/stefaniuk_ala\/status\/2049896423450157454?ref_src=twsrc%5Etfw\">April 30, 2026<\/a><\/blockquote> <script async src=\"https:\/\/platform.twitter.com\/widgets.js\" charset=\"utf-8\"><\/script>\n\n\n\n<p>Przebieg uroczysto\u015bci po\u017cegnalnych w Sosnowcu<br>Po\u017cegnanie 36-letniego pos\u0142a odby\u0142o si\u0119 w ko\u015bciele \u015bw. Joachima w Sosnowcu przy udziale najwy\u017cszych w\u0142adz pa\u0144stwowych. W ceremonii uczestniczyli m.in. prezydent Karol Nawrocki, premier Donald Tusk oraz marsza\u0142ek Sejmu W\u0142odzimierz Czarzasty. Podczas uroczysto\u015bci prezydent przekaza\u0142 ojcu zmar\u0142ego nadany po\u015bmiertnie Krzy\u017c Oficerski Orderu Odrodzenia Polski.&nbsp;<\/p>\n\n\n\n<p>\u0141ukasz Litewka zgin\u0105\u0142 w miniony czwartek, potr\u0105cony przez samoch\u00f3d podczas jazdy rowerem w D\u0105browie G\u00f3rniczej. Parlamentarzysta by\u0142 znany z dzia\u0142alno\u015bci charytatywnej i fundacji TeamLitewka, kt\u00f3ra wspiera\u0142a leczenie dzieci oraz ratowanie zwierz\u0105t. Gdy trumna by\u0142a przenoszona do ko\u015bcio\u0142a, zgromadzone t\u0142umy mieszka\u0144c\u00f3w po\u017cegna\u0142y polityka oklaskami.<br><\/p>\n\n\n\n<p><\/p>\n","protected":false},"excerpt":{"rendered":"Podczas po\u017cegnania pos\u0142a \u0141ukasza Litewki uwag\u0119 przyku\u0142 jeden szczeg\u00f3\u0142 stroju Pierwszej Damy. Fotografka Alicja Stefaniuk ujawni\u0142a w mediach spo\u0142eczno\u015bciowych, \u017ce za tym drobnym \n<a class=\"moretag\" href=\"https:\/\/daily24.pl.ua\/?p=35768\"> [...]<\/a>","protected":false},"author":1,"featured_media":35770,"comment_status":"open","ping_status":"open","sticky":false,"template":"","format":"standard","meta":{"footnotes":""},"categories":[1],"tags":[],"class_list":["post-35768","post","type-post","status-publish","format-standard","has-post-thumbnail","hentry","category-blog"],"_links":{"self":[{"href":"https:\/\/daily24.pl.ua\/index.php?rest_route=\/wp\/v2\/posts\/35768","targetHints":{"allow":["GET"]}}],"collection":[{"href":"https:\/\/daily24.pl.ua\/index.php?rest_route=\/wp\/v2\/posts"}],"about":[{"href":"https:\/\/daily24.pl.ua\/index.php?rest_route=\/wp\/v2\/types\/post"}],"author":[{"embeddable":true,"href":"https:\/\/daily24.pl.ua\/index.php?rest_route=\/wp\/v2\/users\/1"}],"replies":[{"embeddable":true,"href":"https:\/\/daily24.pl.ua\/index.php?rest_route=%2Fwp%2Fv2%2Fcomments&post=35768"}],"version-history":[{"count":1,"href":"https:\/\/daily24.pl.ua\/index.php?rest_route=\/wp\/v2\/posts\/35768\/revisions"}],"predecessor-version":[{"id":35771,"href":"https:\/\/daily24.pl.ua\/index.php?rest_route=\/wp\/v2\/posts\/35768\/revisions\/35771"}],"wp:featuredmedia":[{"embeddable":true,"href":"https:\/\/daily24.pl.ua\/index.php?rest_route=\/wp\/v2\/media\/35770"}],"wp:attachment":[{"href":"https:\/\/daily24.pl.ua\/index.php?rest_route=%2Fwp%2Fv2%2Fmedia&parent=35768"}],"wp:term":[{"taxonomy":"category","embeddable":true,"href":"https:\/\/daily24.pl.ua\/index.php?rest_route=%2Fwp%2Fv2%2Fcategories&post=35768"},{"taxonomy":"post_tag","embeddable":true,"href":"https:\/\/daily24.pl.ua\/index.php?rest_route=%2Fwp%2Fv2%2Ftags&post=35768"}],"curies":[{"name":"wp","href":"https:\/\/api.w.org\/{rel}","templated":true}]}}