{"id":35782,"date":"2026-05-01T14:17:54","date_gmt":"2026-05-01T14:17:54","guid":{"rendered":"https:\/\/daily24.pl.ua\/?p=35782"},"modified":"2026-05-01T14:17:54","modified_gmt":"2026-05-01T14:17:54","slug":"zaskakujace-co-1-maja-pojawilo-sie-na-plazy-w-mielnie-kamery-od-razu-to-wylapaly","status":"publish","type":"post","link":"https:\/\/daily24.pl.ua\/?p=35782","title":{"rendered":"Zaskakuj\u0105ce, co 1 maja pojawi\u0142o si\u0119 na pla\u017cy w Mielnie. Kamery od razu to wy\u0142apa\u0142y"},"content":{"rendered":"\n<p>1 maja oko\u0142o po\u0142udnia kamery w Mielnie pokaza\u0142y pierwszych turyst\u00f3w na pla\u017cy. <\/p>\n\n\n\n<p>Przy temperaturze oko\u0142o 10 stopni C pojawi\u0142y si\u0119 nie tylko osoby spaceruj\u0105ce, ale te\u017c pierwsze parawany.<\/p>\n\n\n\n<p> To nietypowy widok jak na pocz\u0105tek maj\u00f3wki i wyra\u017any sygna\u0142 startu sezonu nad Ba\u0142tykiem.<\/p>\n\n\n\n<p>Maj\u00f3wka nad Ba\u0142tykiem 2026. Pogoda i pierwsze ruchy turyst\u00f3w<br>D\u0142ugi weekend majowy od lat przyci\u0105ga nad polskie morze zar\u00f3wno mieszka\u0144c\u00f3w regionu, jak i turyst\u00f3w z innych cz\u0119\u015bci kraju. Nie inaczej by\u0142o tym razem \u2013 ju\u017c od rana nad Ba\u0142tykiem mo\u017cna by\u0142o zauwa\u017cy\u0107 pierwsze oznaki o\u017cywienia. Warunki atmosferyczne sprzyja\u0142y wyj\u015bciom na \u015bwie\u017ce powietrze, bo cho\u0107 nie by\u0142o bardzo ciep\u0142o, dominowa\u0142o s\u0142o\u0144ce, a zachmurzenie pozostawa\u0142o niewielkie.<\/p>\n\n\n\n<p>Nagrania z kamer internetowych pokaza\u0142y spokojne morze oraz spacerowicz\u00f3w przemierzaj\u0105cych pla\u017ce. W wielu miejscowo\u015bciach nadmorskich panowa\u0142a do\u015b\u0107 \u0142agodna pogoda, a wiatr nie by\u0142 na tyle silny, by zniech\u0119ca\u0107 do przebywania na zewn\u0105trz. Temperatura utrzymywa\u0142a si\u0119 w okolicach 10 stopni Celsjusza, co \u2013 jak na pocz\u0105tek maja \u2013 mo\u017cna uzna\u0107 za umiarkowane, ale akceptowalne warunki dla os\u00f3b nastawionych na aktywny wypoczynek.<\/p>\n\n\n\n<p>Cho\u0107 trudno m\u00f3wi\u0107 o t\u0142umach charakterystycznych dla \u015brodka lata, ju\u017c pierwszego dnia maj\u00f3wki mo\u017cna by\u0142o dostrzec wyra\u017any ruch turystyczny. Dla wielu os\u00f3b to sygna\u0142, \u017ce sezon nad Ba\u0142tykiem w\u0142a\u015bnie zaczyna si\u0119 rozkr\u0119ca\u0107.<\/p>\n\n\n\n<p><\/p>\n\n\n\n<figure class=\"wp-block-image size-large\"><img loading=\"lazy\" decoding=\"async\" width=\"1024\" height=\"576\" src=\"https:\/\/daily24.pl.ua\/wp-content\/uploads\/2026\/05\/image-1-1024x576.png\" alt=\"\" class=\"wp-image-35783\" srcset=\"https:\/\/daily24.pl.ua\/wp-content\/uploads\/2026\/05\/image-1-1024x576.png 1024w, https:\/\/daily24.pl.ua\/wp-content\/uploads\/2026\/05\/image-1-300x169.png 300w, https:\/\/daily24.pl.ua\/wp-content\/uploads\/2026\/05\/image-1-768x432.png 768w, https:\/\/daily24.pl.ua\/wp-content\/uploads\/2026\/05\/image-1-1536x864.png 1536w, https:\/\/daily24.pl.ua\/wp-content\/uploads\/2026\/05\/image-1.png 1920w\" sizes=\"auto, (max-width: 1024px) 100vw, 1024px\" \/><\/figure>\n\n\n\n<p>Mielno 1 maja. Kamery pokaza\u0142y, co dzia\u0142o si\u0119 na pla\u017cy<br>Szczeg\u00f3lnie interesuj\u0105co sytuacja wygl\u0105da\u0142a w Mielnie, gdzie oko\u0142o godziny 12.00 pojawili si\u0119 pierwsi maj\u00f3wkowicze. Obraz z kamer nie pozostawia\u0142 w\u0105tpliwo\u015bci \u2013 pla\u017ca zacz\u0119\u0142a si\u0119 stopniowo zape\u0142nia\u0107, cho\u0107 na razie dominowa\u0142y pojedyncze grupy turyst\u00f3w.<\/p>\n\n\n\n<p>Cz\u0119\u015b\u0107 odwiedzaj\u0105cych zdecydowa\u0142a si\u0119 roz\u0142o\u017cy\u0107 koce na piasku i korzysta\u0107 ze s\u0142o\u0144ca, inni postawili na spacery wzd\u0142u\u017c linii brzegowej. Morze by\u0142o wyj\u0105tkowo spokojne, bez wi\u0119kszych fal, co dodatkowo podkre\u015bla\u0142o sprzyjaj\u0105c\u0105 aur\u0119. Mimo \u017ce woda w Ba\u0142tyku pozostaje jeszcze bardzo ch\u0142odna, nie stanowi\u0142o to wi\u0119kszej przeszkody dla os\u00f3b, kt\u00f3re chcia\u0142y po prostu sp\u0119dzi\u0107 czas na \u015bwie\u017cym powietrzu.<\/p>\n\n\n\n<p>Warunki pogodowe, cho\u0107 dalekie od letnich upa\u0142\u00f3w, okaza\u0142y si\u0119 wystarczaj\u0105ce, by zach\u0119ci\u0107 do wyjazdu nad morze. S\u0142o\u0144ce i umiarkowana temperatura stworzy\u0142y dobre t\u0142o dla spokojnego, maj\u00f3wkowego wypoczynku.<br><\/p>\n\n\n\n<p>Parawany w Mielnie ju\u017c na pocz\u0105tku maj\u00f3wki. Start sezonu nad morzem<br>Najwi\u0119ksze zaskoczenie przynios\u0142o jednak co\u015b, co wielu osobom kojarzy si\u0119 raczej z pe\u0142ni\u0105 wakacji ni\u017c z pocz\u0105tkiem maja. Na pla\u017cy w Mielnie pojawi\u0142y si\u0119 bowiem pierwsze parawany \u2013 charakterystyczny element polskiego krajobrazu nadmorskiego.<\/p>\n\n\n\n<p>Zazwyczaj widok takich os\u0142on przed wiatrem oznacza \u015brodek sezonu letniego i du\u017ce zag\u0119szczenie turyst\u00f3w. Tym razem jednak mo\u017cna je by\u0142o zauwa\u017cy\u0107 ju\u017c na starcie maj\u00f3wki. To wyra\u017any sygna\u0142, \u017ce cz\u0119\u015b\u0107 wypoczywaj\u0105cych postanowi\u0142a potraktowa\u0107 d\u0142ugi weekend jak przedsmak wakacji i przygotowa\u0107 si\u0119 na pla\u017cowanie w pe\u0142nym tego s\u0142owa znaczeniu.<\/p>\n\n\n\n<p>Obecno\u015b\u0107 parawan\u00f3w, nawet przy stosunkowo niskiej temperaturze, pokazuje zmian\u0119 podej\u015bcia turyst\u00f3w. Coraz wi\u0119cej os\u00f3b nie czeka na lipiec czy sierpie\u0144 i korzysta z ka\u017cdej okazji, by wybra\u0107 si\u0119 nad Ba\u0142tyk wcze\u015bniej. Pierwsze obrazy z 1 maja sugeruj\u0105 wi\u0119c jedno \u2013 sezon nad morzem mo\u017ce w tym roku zacz\u0105\u0107 si\u0119 szybciej, ni\u017c wielu si\u0119 spodziewa\u0142o.<\/p>\n\n\n\n<p>KONIECZNIE OBEJRZYJ. POWA\u017bNE ZAGRO\u017bENIE DLA POLSKI. ZNANY STRATEG BIJE NA ALARM<br><\/p>\n\n\n\n<figure class=\"wp-block-embed is-type-rich wp-embed-aspect-16-9 wp-has-aspect-ratio\"><div class=\"wp-block-embed__wrapper\">\n<iframe loading=\"lazy\" title=\"KRYTYCZNE ZAGRO\u017bENIE I WIELKA SZANSA DLA POLSKI. ALBERT \u015aWIDZI\u0143SKI BIJE NA ALARM\" width=\"747\" height=\"420\" src=\"https:\/\/www.youtube.com\/embed\/z92l_2EDMx0?feature=oembed\" frameborder=\"0\" allow=\"accelerometer; autoplay; clipboard-write; encrypted-media; gyroscope; picture-in-picture; web-share\" referrerpolicy=\"strict-origin-when-cross-origin\" allowfullscreen><\/iframe>\n<\/div><\/figure>\n\n\n\n<p><\/p>\n","protected":false},"excerpt":{"rendered":"1 maja oko\u0142o po\u0142udnia kamery w Mielnie pokaza\u0142y pierwszych turyst\u00f3w na pla\u017cy. Przy temperaturze oko\u0142o 10 stopni C pojawi\u0142y si\u0119 nie tylko osoby \n<a class=\"moretag\" href=\"https:\/\/daily24.pl.ua\/?p=35782\"> [...]<\/a>","protected":false},"author":1,"featured_media":35784,"comment_status":"open","ping_status":"open","sticky":false,"template":"","format":"standard","meta":{"footnotes":""},"categories":[1],"tags":[],"class_list":["post-35782","post","type-post","status-publish","format-standard","has-post-thumbnail","hentry","category-blog"],"_links":{"self":[{"href":"https:\/\/daily24.pl.ua\/index.php?rest_route=\/wp\/v2\/posts\/35782","targetHints":{"allow":["GET"]}}],"collection":[{"href":"https:\/\/daily24.pl.ua\/index.php?rest_route=\/wp\/v2\/posts"}],"about":[{"href":"https:\/\/daily24.pl.ua\/index.php?rest_route=\/wp\/v2\/types\/post"}],"author":[{"embeddable":true,"href":"https:\/\/daily24.pl.ua\/index.php?rest_route=\/wp\/v2\/users\/1"}],"replies":[{"embeddable":true,"href":"https:\/\/daily24.pl.ua\/index.php?rest_route=%2Fwp%2Fv2%2Fcomments&post=35782"}],"version-history":[{"count":1,"href":"https:\/\/daily24.pl.ua\/index.php?rest_route=\/wp\/v2\/posts\/35782\/revisions"}],"predecessor-version":[{"id":35785,"href":"https:\/\/daily24.pl.ua\/index.php?rest_route=\/wp\/v2\/posts\/35782\/revisions\/35785"}],"wp:featuredmedia":[{"embeddable":true,"href":"https:\/\/daily24.pl.ua\/index.php?rest_route=\/wp\/v2\/media\/35784"}],"wp:attachment":[{"href":"https:\/\/daily24.pl.ua\/index.php?rest_route=%2Fwp%2Fv2%2Fmedia&parent=35782"}],"wp:term":[{"taxonomy":"category","embeddable":true,"href":"https:\/\/daily24.pl.ua\/index.php?rest_route=%2Fwp%2Fv2%2Fcategories&post=35782"},{"taxonomy":"post_tag","embeddable":true,"href":"https:\/\/daily24.pl.ua\/index.php?rest_route=%2Fwp%2Fv2%2Ftags&post=35782"}],"curies":[{"name":"wp","href":"https:\/\/api.w.org\/{rel}","templated":true}]}}