{"id":35786,"date":"2026-05-01T14:59:52","date_gmt":"2026-05-01T14:59:52","guid":{"rendered":"https:\/\/daily24.pl.ua\/?p=35786"},"modified":"2026-05-01T14:59:52","modified_gmt":"2026-05-01T14:59:52","slug":"nawrocki-zabral-glos-ws-lukasza-litewki-stanowcza-reakcja-czarzastego-2","status":"publish","type":"post","link":"https:\/\/daily24.pl.ua\/?p=35786","title":{"rendered":"Nawrocki zabra\u0142 g\u0142os ws. \u0141ukasza Litewki. Stanowcza reakcja Czarzastego"},"content":{"rendered":"\n<p>W\u0142odzimierz Czarzasty ostro skrytykowa\u0142 prezydenta Karola Nawrockiego po jego wypowiedziach dotycz\u0105cych zmar\u0142ego pos\u0142a \u0141ukasza Litewki.<\/p>\n\n\n\n<p><a href=\"https:\/\/widgets.mgid.com\/ru\/?utm_source=daily24.pl.ua&amp;utm_medium=referral&amp;utm_campaign=widgets&amp;utm_content=1917153\" target=\"_blank\" rel=\"noreferrer noopener\"><\/a><a href=\"https:\/\/www.mgid.com\/services\/privacy-policy\" target=\"_blank\" rel=\"noreferrer noopener\"><\/a><\/p>\n\n\n\n<p>Polityk zarzuci\u0142 g\u0142owie pa\u0144stwa brak szacunku oraz instrumentalne wykorzystywanie \u015bmierci parlamentarzysty do bie\u017c\u0105cej walki politycznej.<\/p>\n\n\n\n<p>Zarzewiem sporu sta\u0142 si\u0119 wywiad prezydenta dla stacji wPolsce24.<a href=\"https:\/\/clck.mgid.com\/ghits\/26681311\/i\/62559317\/0\/pp\/1\/2?h=dCmRlzeA_CihUy65SdQuEkbDeVzELrELQBsThO6hrwuRMY5Z1UNEIKmvQKYyH8xl2BIsCoEg9scOvuzFWlpNAlff7kG4aNt1PnglE87a2R1Mpb_zr-fkENTEUiINVf80&amp;rid=3ae09f19-456e-11f1-8c7f-d404e677c390&amp;tt=Direct&amp;att=3&amp;pubsrcid=eyeo&amp;cpm=1&amp;iv=17&amp;ct=1&amp;gdprApplies=0&amp;st=240&amp;mp4=1&amp;h2=D_NQLOCk-PI2mMV05howDJ0Xl-eCOkr8-_GejOpnIZDQ7HyjuQfMbPWgW_jRKLL6lq55yKE9kP-jatPMaA5xxQ**&amp;muid=p1bb2E8yx7f5\" target=\"_blank\" rel=\"noreferrer noopener\"><\/a><\/p>\n\n\n\n<p>Relacja prezydenta o kulisach wsp\u00f3\u0142pracy z pos\u0142em<br>Podczas rozmowy w telewizji wPolsce24 prezydent Karol Nawrocki przedstawi\u0142 swoj\u0105 wersj\u0119 relacji ze zmar\u0142ym pos\u0142em \u0141ukaszem Litewk\u0105. G\u0142owa pa\u0144stwa stwierdzi\u0142a, \u017ce parlamentarzysta, mimo rzekomych zakaz\u00f3w ze strony w\u0142asnego ugrupowania, d\u0105\u017cy\u0142 do wsp\u00f3\u0142dzia\u0142ania z Pa\u0142acem Prezydenckim.&nbsp;<\/p>\n\n\n\n<p>\u201ePi\u0119kny cz\u0142owiek, kt\u00f3ry po\u015bwi\u0119ca\u0142 si\u0119 pracy dla innych i szuka\u0142 porozumienia. To by\u0142 taki pose\u0142, kt\u00f3ry mimo tego, \u017ce dostawa\u0142 zakaz kontaktowania si\u0119 z prezydentem to jednak szuka\u0142 porozumie\u0144 wok\u00f3\u0142 spraw wa\u017cnych dla niego i dla mnie\u201d \u2013 powiedzia\u0142 Karol Nawrocki.&nbsp;<\/p>\n\n\n\n<p>Prezydent wspomnia\u0142 te\u017c, \u017ce chcia\u0142 zaprosi\u0107 pos\u0142a do rady w KPRP.&nbsp;<\/p>\n\n\n\n<p>\u201eChcia\u0142em zaprosi\u0107 pana pos\u0142a Litewk\u0119 do swojej rady, bo wiedzia\u0142em, \u017ce jest to cz\u0142owiek, kt\u00f3ry po prostu robi dobro\u2026 ale pewna pragmatyka partyjna to wyklucza\u201d.<\/p>\n\n\n\n<p>\u201ePi\u0119kny cz\u0142owiek, kt\u00f3ry po\u015bwi\u0119ca\u0142 si\u0119 pracy dla innych i szuka\u0142 porozumienia. To by\u0142 taki pose\u0142, kt\u00f3ry mimo tego, \u017ce dostawa\u0142 zakaz kontaktowania si\u0119 z prezydentem to jednak szuka\u0142 porozumie\u0144 wok\u00f3\u0142 spraw wa\u017cnych dla niego i dla mnie<\/p>\n\n\n\n<p>Stanowcza odpowied\u017a lidera Lewicy na zarzuty<br>W\u0142odzimierz Czarzasty odni\u00f3s\u0142 si\u0119 do s\u0142\u00f3w prezydenta podczas pi\u0105tkowej konferencji prasowej, nie kryj\u0105c oburzenia s\u0142owami Karola Nawrockiego. Lider Lewicy podkre\u015bli\u0142, \u017ce zmar\u0142y pose\u0142 zas\u0142uguje na godne upami\u0119tnienie, a nie na publiczne roztrz\u0105sanie domniemanych kulis\u00f3w partyjnych decyzji.&nbsp;<\/p>\n\n\n\n<p>\u201eChcia\u0142em powiedzie\u0107 panu prezydentowi jedn\u0105 rzecz: \u0141ukasz Litewka, panie prezydencie, wymaga szacunku. My jako Lewica szacunek ogromny do niego mamy i ludzie w Polsce te\u017c\u201d \u2013 o\u015bwiadczy\u0142 Czarzasty.&nbsp;<\/p>\n\n\n\n<p>W dalszej cz\u0119\u015bci swojej wypowiedzi bezpo\u015brednio zaatakowa\u0142 postaw\u0119 g\u0142owy pa\u0144stwa:&nbsp;<\/p>\n\n\n\n<p>\u201eNiech pan nie gra \u015bmierci\u0105, m\u00f3wi\u0105c o tym, co przed \u015bmierci\u0105 wed\u0142ug pana powiedzia\u0142 panu \u0141ukasz Litewka. To jest obrzydliwe\u201d.<\/p>\n\n\n\n<p>Krytyka \u201eta\u0144czenia na grobie\u201d i odmowa komentarza<br>Marsza\u0142ek stwierdzi\u0142, \u017ce publiczne dywagacje prezydenta na temat zmar\u0142ego s\u0105 naruszeniem standard\u00f3w etycznych. W\u0142odzimierz Czarzasty zadeklarowa\u0142, \u017ce nie zamierza wchodzi\u0107 w sp\u00f3r o szczeg\u00f3\u0142y polityczne, kt\u00f3re prezydent przywo\u0142a\u0142 po \u015bmierci Litewki.&nbsp;<\/p>\n\n\n\n<p>\u201eNiech pan ma szacunek do tego cz\u0142owieka i jego dokona\u0144. Dlatego nie b\u0119d\u0119 komentowa\u0142 tak naprawd\u0119 politycznych s\u0142\u00f3w prezydenta i pr\u00f3by ta\u0144czenia na grobie cz\u0142owieka, kt\u00f3rego my wszyscy cenimy\u201d \u2013 podsumowa\u0142 lider ugrupowania.&nbsp;<\/p>\n\n\n\n<p>Zdaniem Czarzastego, dzia\u0142ania prezydenta s\u0105 nieakceptowalne i s\u0142u\u017c\u0105 jedynie do kreowania narracji politycznej w obliczu tragedii, kt\u00f3ra dotkn\u0119\u0142a \u015brodowisko Lewicy oraz wyborc\u00f3w pos\u0142a.<\/p>\n\n\n\n<p>Zgodno\u015b\u0107 w ocenie dorobku zmar\u0142ego spo\u0142ecznika<br>Mimo ostrego konfliktu o spos\u00f3b komunikacji, obie strony sporu wysoko oceni\u0142y dzia\u0142alno\u015b\u0107 spo\u0142eczn\u0105 \u0141ukasza Litewki.&nbsp;<\/p>\n\n\n\n<p>Prezydent okre\u015bli\u0142 sytuacj\u0119 blokowania wsp\u00f3\u0142pracy mianem \u201ez\u0142a polityki\u201d, na kt\u00f3re ani on, ani pose\u0142 si\u0119 nie zgadzali.&nbsp;<\/p>\n\n\n\n<p>\u201eTo jest chyba z\u0142o polityki, na kt\u00f3re ani \u015bwi\u0119tej pami\u0119ci \u0141ukasz Litewka, ani ja si\u0119 nie zgadzamy\u201d<\/p>\n\n\n\n<p>Z kolei W\u0142odzimierz Czarzasty przypomnia\u0142, \u017ce dla Litewki niesienie pomocy zawsze by\u0142o wa\u017cniejsze od politycznej kariery.&nbsp;<\/p>\n\n\n\n<p>\u201e\u015amier\u0107 \u0141ukasza Litewki jest dla nas wielkim ciosem. To by\u0142 dobry cz\u0142owiek\u201d \u2013 zaznaczy\u0142 lider Lewicy.&nbsp;<\/p>\n\n\n\n<p>Doda\u0142 przy tym, \u017ce polityka s\u0142u\u017cy\u0142a zmar\u0142emu pos\u0142owi g\u0142\u00f3wnie do realizacji jego priorytetowego celu, jakim by\u0142o wspieranie ludzi znajduj\u0105cych si\u0119 w trudnych sytuacjach \u017cyciowych.<\/p>\n","protected":false},"excerpt":{"rendered":"W\u0142odzimierz Czarzasty ostro skrytykowa\u0142 prezydenta Karola Nawrockiego po jego wypowiedziach dotycz\u0105cych zmar\u0142ego pos\u0142a \u0141ukasza Litewki. Polityk zarzuci\u0142 g\u0142owie pa\u0144stwa brak szacunku oraz instrumentalne \n<a class=\"moretag\" href=\"https:\/\/daily24.pl.ua\/?p=35786\"> [...]<\/a>","protected":false},"author":1,"featured_media":35788,"comment_status":"open","ping_status":"open","sticky":false,"template":"","format":"standard","meta":{"footnotes":""},"categories":[1],"tags":[],"class_list":["post-35786","post","type-post","status-publish","format-standard","has-post-thumbnail","hentry","category-blog"],"_links":{"self":[{"href":"https:\/\/daily24.pl.ua\/index.php?rest_route=\/wp\/v2\/posts\/35786","targetHints":{"allow":["GET"]}}],"collection":[{"href":"https:\/\/daily24.pl.ua\/index.php?rest_route=\/wp\/v2\/posts"}],"about":[{"href":"https:\/\/daily24.pl.ua\/index.php?rest_route=\/wp\/v2\/types\/post"}],"author":[{"embeddable":true,"href":"https:\/\/daily24.pl.ua\/index.php?rest_route=\/wp\/v2\/users\/1"}],"replies":[{"embeddable":true,"href":"https:\/\/daily24.pl.ua\/index.php?rest_route=%2Fwp%2Fv2%2Fcomments&post=35786"}],"version-history":[{"count":1,"href":"https:\/\/daily24.pl.ua\/index.php?rest_route=\/wp\/v2\/posts\/35786\/revisions"}],"predecessor-version":[{"id":35789,"href":"https:\/\/daily24.pl.ua\/index.php?rest_route=\/wp\/v2\/posts\/35786\/revisions\/35789"}],"wp:featuredmedia":[{"embeddable":true,"href":"https:\/\/daily24.pl.ua\/index.php?rest_route=\/wp\/v2\/media\/35788"}],"wp:attachment":[{"href":"https:\/\/daily24.pl.ua\/index.php?rest_route=%2Fwp%2Fv2%2Fmedia&parent=35786"}],"wp:term":[{"taxonomy":"category","embeddable":true,"href":"https:\/\/daily24.pl.ua\/index.php?rest_route=%2Fwp%2Fv2%2Fcategories&post=35786"},{"taxonomy":"post_tag","embeddable":true,"href":"https:\/\/daily24.pl.ua\/index.php?rest_route=%2Fwp%2Fv2%2Ftags&post=35786"}],"curies":[{"name":"wp","href":"https:\/\/api.w.org\/{rel}","templated":true}]}}