{"id":35790,"date":"2026-05-01T17:03:11","date_gmt":"2026-05-01T17:03:11","guid":{"rendered":"https:\/\/daily24.pl.ua\/?p=35790"},"modified":"2026-05-01T17:03:24","modified_gmt":"2026-05-01T17:03:24","slug":"karol-nawrocki-powoluje-nowa-rade-wiadomo-czym-sie-zajma","status":"publish","type":"post","link":"https:\/\/daily24.pl.ua\/?p=35790","title":{"rendered":"Karol Nawrocki powo\u0142uje now\u0105 rad\u0119. Wiadomo, czym si\u0119 zajm\u0105"},"content":{"rendered":"\n<p>Karol Nawrocki zapowiedzia\u0142 rozpocz\u0119cie prac nad now\u0105 konstytucj\u0105 i powo\u0142anie specjalnej Rady ds. jej przygotowania.<\/p>\n\n\n\n<p> Pierwsi cz\u0142onkowie gremium maj\u0105 zosta\u0107 og\u0142oszeni 3 maja podczas obchod\u00f3w \u015awi\u0119ta Konstytucji. <\/p>\n\n\n\n<p>Rada ma zrzesza\u0107 polityk\u00f3w, ekspert\u00f3w i przedstawicieli r\u00f3\u017cnych \u015brodowisk, a jej celem b\u0119dzie przygotowanie projektu nowej ustawy zasadniczej. <\/p>\n\n\n\n<p>Start prac nad Rad\u0105 ds. nowej Konstytucji 3 maja<br>Zapowied\u017a stworzenia nowej konstytucji zosta\u0142a przedstawiona jako jeden z kluczowych punkt\u00f3w pocz\u0105tku prezydentury Karola Nawrockiego. Jak wynika z informacji przekazanych przez rzecznika prezydenta Rafa\u0142a Le\u015bkiewicza, to w\u0142a\u015bnie 3 maja ma rozpocz\u0105\u0107 si\u0119 formalny proces budowy Rady ds. nowej Konstytucji przy Prezydencie RP.<\/p>\n\n\n\n<p>Symbolika daty nie jest przypadkowa. W \u015awi\u0119to Konstytucji 3 Maja prezydent ma uczestniczy\u0107 w uroczysto\u015bciach pa\u0144stwowych, w tym mszy w Archikatedrze \u015bw. Jana oraz wydarzeniach na Zamku Kr\u00f3lewskim, gdzie zaplanowano wr\u0119czenie Order\u00f3w Or\u0142a Bia\u0142ego i og\u0142oszenie kolejnych decyzji personalnych. W tym kontek\u015bcie powo\u0142anie rady ma by\u0107 jednym z g\u0142\u00f3wnych punkt\u00f3w dnia.<\/p>\n\n\n\n<p>Jak podkre\u015bli\u0142 Le\u015bkiewicz, to w\u0142a\u015bnie wtedy \u201erozpoczynamy proces tworzenia Rady do spraw nowej Konstytucji. Tego dnia zostan\u0105 powo\u0142ani pierwsi cz\u0142onkowie tej rady\u201d. Sama inicjatywa ma by\u0107 kontynuacj\u0105 zapowiedzi, kt\u00f3re Karol Nawrocki przedstawi\u0142 jeszcze w swoim pierwszym or\u0119dziu po zaprzysi\u0119\u017ceniu, wskazuj\u0105c na potrzeb\u0119 rozpocz\u0119cia prac nad now\u0105 ustaw\u0105 zasadnicz\u0105.<\/p>\n\n\n\n<p><\/p>\n\n\n\n<figure class=\"wp-block-image size-large\"><img loading=\"lazy\" decoding=\"async\" width=\"1024\" height=\"576\" src=\"https:\/\/daily24.pl.ua\/wp-content\/uploads\/2026\/05\/image-2-1024x576.png\" alt=\"\" class=\"wp-image-35791\" srcset=\"https:\/\/daily24.pl.ua\/wp-content\/uploads\/2026\/05\/image-2-1024x576.png 1024w, https:\/\/daily24.pl.ua\/wp-content\/uploads\/2026\/05\/image-2-300x169.png 300w, https:\/\/daily24.pl.ua\/wp-content\/uploads\/2026\/05\/image-2-768x432.png 768w, https:\/\/daily24.pl.ua\/wp-content\/uploads\/2026\/05\/image-2-1536x864.png 1536w, https:\/\/daily24.pl.ua\/wp-content\/uploads\/2026\/05\/image-2.png 1920w\" sizes=\"auto, (max-width: 1024px) 100vw, 1024px\" \/><\/figure>\n\n\n\n<p>Sk\u0142ad i zadania Rady ds. nowej Konstytucji przy prezydencie<br>Zgodnie z za\u0142o\u017ceniami przedstawionymi przez Pa\u0142ac Prezydencki, Rada ds. nowej Konstytucji ma mie\u0107 charakter szeroki i wielog\u0142osowy. W jej sk\u0142ad maj\u0105 wej\u015b\u0107 przedstawiciele klub\u00f3w i k\u00f3\u0142 parlamentarnych \u2013 po dw\u00f3ch reprezentant\u00f3w z ka\u017cdego klubu oraz po jednym z ka\u017cdego ko\u0142a. Do tego do\u0142\u0105cz\u0105 eksperci oraz osoby o zr\u00f3\u017cnicowanych pogl\u0105dach i do\u015bwiadczeniu prawniczym.<\/p>\n\n\n\n<p>Za\u0142o\u017ceniem jest, aby w jednym miejscu spotkali si\u0119 ludzie reprezentuj\u0105cy r\u00f3\u017cne podej\u015bcia do prawa i funkcjonowania pa\u0144stwa. Chodzi o to, by \u2013 jak wskazuj\u0105 przedstawiciele prezydenta \u2013 skonfrontowa\u0107 odmienne wizje i spr\u00f3bowa\u0107 wypracowa\u0107 wsp\u00f3lny kierunek zmian. W ocenie Rafa\u0142a Le\u015bkiewicza, nie b\u0119dzie to projekt symboliczny ani towarzyski.<\/p>\n\n\n\n<p>\u2013 To nie b\u0119d\u0105 spotkania przy kawie i ciasteczkach, a konkretna, merytoryczna praca. Dlatego (prezydent \u2013 red.) zaprasza przedstawicieli klub\u00f3w i k\u00f3\u0142 poselskich, no bo to jest przecie\u017c decyzja o charakterze politycznym \u2013 zaznaczy\u0142 Le\u015bkiewicz.&nbsp;<\/p>\n\n\n\n<p>Rada ma rozpocz\u0105\u0107 od etapu intensywnych dyskusji i \u2013 jak okre\u015blono \u2013 \u201eburzy m\u00f3zg\u00f3w\u201d. Dopiero p\u00f3\u017aniej ma powsta\u0107 sp\u00f3jny projekt nowej konstytucji, kt\u00f3ry trafi dalej do formalnego procesu legislacyjnego w parlamencie. W dalszej kolejno\u015bci przewidziane jest tak\u017ce referendum, kt\u00f3re mia\u0142oby nada\u0107 ostateczny mandat spo\u0142ecze\u0144stwa.<\/p>\n\n\n\n<p>Jak podkre\u015blono, celem ca\u0142ego procesu ma by\u0107 wypracowanie kompromisu politycznego, poniewa\u017c \u2013 jak zaznaczaj\u0105 przedstawiciele prezydenta \u2013 konstytucja jest najwa\u017cniejszym aktem prawnym i wymaga szerokiego porozumienia. Wed\u0142ug zapowiedzi, prace nad projektem maj\u0105 zosta\u0107 zako\u0144czone przed ko\u0144cem kadencji Karola Nawrockiego.<br><\/p>\n\n\n\n<p>Reakcje rz\u0105du i sp\u00f3r polityczny wok\u00f3\u0142 zmian konstytucji<br>Og\u0142oszenie prac nad now\u0105 konstytucj\u0105 szybko wywo\u0142a\u0142o reakcje na scenie politycznej. Premier w kr\u00f3tkim komentarzu odni\u00f3s\u0142 si\u0119 do zapowiedzi prezydenta w spos\u00f3b krytyczny, pisz\u0105c: \u201ePan Nawrocki og\u0142osi\u0142, \u017ce b\u0119dzie pracowa\u0142 nad now\u0105 konstytucj\u0105. Proponuj\u0119 zacz\u0105\u0107 od przestrzegania aktualnej\u201d.<\/p>\n\n\n\n<p>Jeszcze ostrzej wypowiedzia\u0142 si\u0119 wicepremier Krzysztof Gawkowski, kt\u00f3ry podkre\u015bli\u0142, \u017ce \u015brodowisko Lewicy nie widzi mo\u017cliwo\u015bci wsp\u00f3\u0142pracy w tym zakresie.&nbsp;<\/p>\n\n\n\n<p>\u2013 Zmienianie i szukanie jakiejkolwiek wsp\u00f3\u0142pracy z PiS-em, Konfederacj\u0105 czy z prezydentem nad zmian\u0105 konstytucji nie mie\u015bci si\u0119 w lewicowych, ale i demokratycznych warto\u015bciach \u2013 m\u00f3wi\u0142 Gawkowski.<\/p>\n\n\n\n<p>Doda\u0142 r\u00f3wnie\u017c, \u017ce jego zdaniem to Prawo i Sprawiedliwo\u015b\u0107 w przesz\u0142o\u015bci narusza\u0142o zapisy konstytucji oraz wp\u0142ywa\u0142o na instytucje pa\u0144stwowe.<\/p>\n\n\n\n<p>\u2013 Nie b\u0119dziemy z panem prezydentem \u017cadnych prac nad zmianami konstytucji czynili. Najpierw niech prezydent zacznie szanowa\u0107 konstytucj\u0119, niech swoje obowi\u0105zki realizuje, a nie z nich abdykuje \u2013 kontynuowa\u0142 Gawkowski.&nbsp;<\/p>\n\n\n\n<p>Gawkowski odni\u00f3s\u0142 si\u0119 te\u017c do samej formy dzia\u0142ania prezydenta, wskazuj\u0105c na liczne rady doradcze funkcjonuj\u0105ce przy jego urz\u0119dzie. W jego ocenie cz\u0119ste tworzenie nowych gremi\u00f3w budzi w\u0105tpliwo\u015bci co do ich realnej roli i jako\u015bci doboru uczestnik\u00f3w.<\/p>\n\n\n\n<p>W tle pozostaje r\u00f3wnie\u017c fakt, \u017ce przy prezydencie Karolu Nawrockim funkcjonuje obecnie czterna\u015bcie r\u00f3\u017cnych rad doradczych, a w najbli\u017cszym czasie ma zosta\u0107 powo\u0142ana kolejna \u2013 Rada ds. Polonii i Polak\u00f3w za granic\u0105. Ca\u0142o\u015b\u0107 pokazuje, \u017ce projekt nowej konstytucji wpisuje si\u0119 w szerszy model pracy prezydenckiego zaplecza eksperckiego, kt\u00f3ry ju\u017c teraz budzi wyra\u017ane polityczne emocje i podzia\u0142y.<\/p>\n\n\n\n<p>KONIECZNIE OBEJRZYJ. POWA\u017bNE ZAGRO\u017bENIE DLA POLSKI. ZNANY STRATEG BIJE NA ALARM<\/p>\n\n\n\n<p><\/p>\n\n\n\n<figure class=\"wp-block-embed is-type-rich wp-embed-aspect-16-9 wp-has-aspect-ratio\"><div class=\"wp-block-embed__wrapper\">\n<iframe loading=\"lazy\" title=\"KRYTYCZNE ZAGRO\u017bENIE I WIELKA SZANSA DLA POLSKI. ALBERT \u015aWIDZI\u0143SKI BIJE NA ALARM\" width=\"747\" height=\"420\" src=\"https:\/\/www.youtube.com\/embed\/z92l_2EDMx0?feature=oembed\" frameborder=\"0\" allow=\"accelerometer; autoplay; clipboard-write; encrypted-media; gyroscope; picture-in-picture; web-share\" referrerpolicy=\"strict-origin-when-cross-origin\" allowfullscreen><\/iframe>\n<\/div><\/figure>\n","protected":false},"excerpt":{"rendered":"Karol Nawrocki zapowiedzia\u0142 rozpocz\u0119cie prac nad now\u0105 konstytucj\u0105 i powo\u0142anie specjalnej Rady ds. jej przygotowania. Pierwsi cz\u0142onkowie gremium maj\u0105 zosta\u0107 og\u0142oszeni 3 maja \n<a class=\"moretag\" href=\"https:\/\/daily24.pl.ua\/?p=35790\"> [...]<\/a>","protected":false},"author":1,"featured_media":35792,"comment_status":"open","ping_status":"open","sticky":false,"template":"","format":"standard","meta":{"footnotes":""},"categories":[1],"tags":[],"class_list":["post-35790","post","type-post","status-publish","format-standard","has-post-thumbnail","hentry","category-blog"],"_links":{"self":[{"href":"https:\/\/daily24.pl.ua\/index.php?rest_route=\/wp\/v2\/posts\/35790","targetHints":{"allow":["GET"]}}],"collection":[{"href":"https:\/\/daily24.pl.ua\/index.php?rest_route=\/wp\/v2\/posts"}],"about":[{"href":"https:\/\/daily24.pl.ua\/index.php?rest_route=\/wp\/v2\/types\/post"}],"author":[{"embeddable":true,"href":"https:\/\/daily24.pl.ua\/index.php?rest_route=\/wp\/v2\/users\/1"}],"replies":[{"embeddable":true,"href":"https:\/\/daily24.pl.ua\/index.php?rest_route=%2Fwp%2Fv2%2Fcomments&post=35790"}],"version-history":[{"count":3,"href":"https:\/\/daily24.pl.ua\/index.php?rest_route=\/wp\/v2\/posts\/35790\/revisions"}],"predecessor-version":[{"id":35795,"href":"https:\/\/daily24.pl.ua\/index.php?rest_route=\/wp\/v2\/posts\/35790\/revisions\/35795"}],"wp:featuredmedia":[{"embeddable":true,"href":"https:\/\/daily24.pl.ua\/index.php?rest_route=\/wp\/v2\/media\/35792"}],"wp:attachment":[{"href":"https:\/\/daily24.pl.ua\/index.php?rest_route=%2Fwp%2Fv2%2Fmedia&parent=35790"}],"wp:term":[{"taxonomy":"category","embeddable":true,"href":"https:\/\/daily24.pl.ua\/index.php?rest_route=%2Fwp%2Fv2%2Fcategories&post=35790"},{"taxonomy":"post_tag","embeddable":true,"href":"https:\/\/daily24.pl.ua\/index.php?rest_route=%2Fwp%2Fv2%2Ftags&post=35790"}],"curies":[{"name":"wp","href":"https:\/\/api.w.org\/{rel}","templated":true}]}}