{"id":35815,"date":"2026-05-02T09:32:49","date_gmt":"2026-05-02T09:32:49","guid":{"rendered":"https:\/\/daily24.pl.ua\/?p=35815"},"modified":"2026-05-02T09:32:49","modified_gmt":"2026-05-02T09:32:49","slug":"tragedia-na-torach-nie-zyje-17-latek-pilna-ewakuacja-wszystkich-pasazerow-pociagu","status":"publish","type":"post","link":"https:\/\/daily24.pl.ua\/?p=35815","title":{"rendered":"Tragedia na torach. Nie \u017cyje 17-latek, pilna ewakuacja wszystkich pasa\u017cer\u00f3w poci\u0105gu"},"content":{"rendered":"\n<p>Do tragicznego zdarzenia dosz\u0142o w pi\u0105tkowy wiecz\u00f3r 1maja we Wronkach (woj. wielkopolskie), gdzie oko\u0142o godziny 21.20 poci\u0105g Kolei Wielkopolskich relacji Krzy\u017c-Pozna\u0144 G\u0142\u00f3wny potr\u0105ci\u0142 17-latka.<\/p>\n\n\n\n<p> Mimo podj\u0119tych dzia\u0142a\u0144 ratunkowych jego \u017cycia nie uda\u0142o si\u0119 uratowa\u0107. S\u0142u\u017cby, kt\u00f3re pracowa\u0142y na miejscu tragedii przekaza\u0142y pilne informacje.<\/p>\n\n\n\n<p>Tragedia pod Poznaniem. Poci\u0105g potr\u0105ci\u0142 17-latka<br>Na miejsce zdarzenia natychmiast skierowano s\u0142u\u017cby ratunkowe, w tym stra\u017c po\u017carn\u0105, policj\u0119 oraz zesp\u00f3\u0142 ratownictwa medycznego.<\/p>\n\n\n\n<p> Jako pierwsi dotarli stra\u017cacy, kt\u00f3rzy zastali poci\u0105g Kolei Wielkopolskich stoj\u0105cy na torach oraz ci\u0119\u017cko rannego nastolatka znajduj\u0105cego si\u0119 w rejonie torowiska. Ratownicy niezw\u0142ocznie przyst\u0105pili do udzielania pomocy i zabezpieczenia miejsca wypadku.<\/p>\n\n\n\n<ul class=\"wp-block-list\">\n<li>Poszkodowany znajdowa\u0142 si\u0119 na torowisku i dozna\u0142 bardzo powa\u017cnych obra\u017ce\u0144 &#8212; przekaza\u0142 st. ogn. \u0141ukasz Kawka z Komendy Powiatowej Pa\u0144stwowej Stra\u017cy Po\u017carnej w Szamotu\u0142ach.<\/li>\n<\/ul>\n\n\n\n<p>Bezskuteczna reanimacja<br>Obecni na miejscu ratownicy medyczni niezw\u0142ocznie przyst\u0105pili do resuscytacji i podj\u0119li intensywn\u0105 walk\u0119 o \u017cycie 17-latka. Mimo szybkiej reakcji s\u0142u\u017cb oraz prowadzonych dzia\u0142a\u0144 medycznych obra\u017cenia odniesione przez nastolatka okaza\u0142y si\u0119 jednak zbyt rozleg\u0142e &#8212; lekarz stwierdzi\u0142 zgon.<br><\/p>\n\n\n\n<p>S\u0142u\u017cby wyja\u015bniaj\u0105 przebieg zdarzenia<br>Okoliczno\u015bci tego tragicznego zdarzenia s\u0105 obecnie szczeg\u00f3\u0142owo wyja\u015bniane przez odpowiednie s\u0142u\u017cby pod nadzorem policji i prokuratury. Funkcjonariusze zabezpieczyli miejsce wypadku i prowadz\u0105 czynno\u015bci, kt\u00f3re maj\u0105 pozwoli\u0107 na odtworzenie dok\u0142adnego przebiegu wydarze\u0144 oraz ustalenie, jak dosz\u0142o do potr\u0105cenia.<\/p>\n\n\n\n<p>Na tym etapie \u015bledztwa nie s\u0105 jeszcze znane wszystkie szczeg\u00f3\u0142y dotycz\u0105ce przyczyn i okoliczno\u015bci tragedii. S\u0142u\u017cby analizuj\u0105 zebrany materia\u0142 dowodowy oraz relacje \u015bwiadk\u00f3w, kt\u00f3re maj\u0105 pom\u00f3c w wyja\u015bnieniu sprawy.<\/p>\n\n\n\n<p> <\/p>\n\n\n\n<p><\/p>\n\n\n\n<p><\/p>\n","protected":false},"excerpt":{"rendered":"Do tragicznego zdarzenia dosz\u0142o w pi\u0105tkowy wiecz\u00f3r 1maja we Wronkach (woj. wielkopolskie), gdzie oko\u0142o godziny 21.20 poci\u0105g Kolei Wielkopolskich relacji Krzy\u017c-Pozna\u0144 G\u0142\u00f3wny potr\u0105ci\u0142 \n<a class=\"moretag\" href=\"https:\/\/daily24.pl.ua\/?p=35815\"> [...]<\/a>","protected":false},"author":1,"featured_media":35816,"comment_status":"open","ping_status":"open","sticky":false,"template":"","format":"standard","meta":{"footnotes":""},"categories":[1],"tags":[],"class_list":["post-35815","post","type-post","status-publish","format-standard","has-post-thumbnail","hentry","category-blog"],"_links":{"self":[{"href":"https:\/\/daily24.pl.ua\/index.php?rest_route=\/wp\/v2\/posts\/35815","targetHints":{"allow":["GET"]}}],"collection":[{"href":"https:\/\/daily24.pl.ua\/index.php?rest_route=\/wp\/v2\/posts"}],"about":[{"href":"https:\/\/daily24.pl.ua\/index.php?rest_route=\/wp\/v2\/types\/post"}],"author":[{"embeddable":true,"href":"https:\/\/daily24.pl.ua\/index.php?rest_route=\/wp\/v2\/users\/1"}],"replies":[{"embeddable":true,"href":"https:\/\/daily24.pl.ua\/index.php?rest_route=%2Fwp%2Fv2%2Fcomments&post=35815"}],"version-history":[{"count":1,"href":"https:\/\/daily24.pl.ua\/index.php?rest_route=\/wp\/v2\/posts\/35815\/revisions"}],"predecessor-version":[{"id":35817,"href":"https:\/\/daily24.pl.ua\/index.php?rest_route=\/wp\/v2\/posts\/35815\/revisions\/35817"}],"wp:featuredmedia":[{"embeddable":true,"href":"https:\/\/daily24.pl.ua\/index.php?rest_route=\/wp\/v2\/media\/35816"}],"wp:attachment":[{"href":"https:\/\/daily24.pl.ua\/index.php?rest_route=%2Fwp%2Fv2%2Fmedia&parent=35815"}],"wp:term":[{"taxonomy":"category","embeddable":true,"href":"https:\/\/daily24.pl.ua\/index.php?rest_route=%2Fwp%2Fv2%2Fcategories&post=35815"},{"taxonomy":"post_tag","embeddable":true,"href":"https:\/\/daily24.pl.ua\/index.php?rest_route=%2Fwp%2Fv2%2Ftags&post=35815"}],"curies":[{"name":"wp","href":"https:\/\/api.w.org\/{rel}","templated":true}]}}