{"id":35853,"date":"2026-05-03T09:51:48","date_gmt":"2026-05-03T09:51:48","guid":{"rendered":"https:\/\/daily24.pl.ua\/?p=35853"},"modified":"2026-05-03T09:54:05","modified_gmt":"2026-05-03T09:54:05","slug":"tusk-uderzyl-w-nawrockiego-takie-slowa-tuz-przed-obchodami-3-maja","status":"publish","type":"post","link":"https:\/\/daily24.pl.ua\/?p=35853","title":{"rendered":"Tusk uderzy\u0142 w Nawrockiego. Takie s\u0142owa tu\u017c przed obchodami 3 maja"},"content":{"rendered":"\n<p>Prezydent Karol Nawrocki zapowiedzia\u0142 utworzenie Rady ds. nowej Konstytucji, kt\u00f3ra ma rozpocz\u0105\u0107 dzia\u0142alno\u015b\u0107 3 maja.<\/p>\n\n\n\n<p> W jej sk\u0142ad maj\u0105 wej\u015b\u0107 przedstawiciele klub\u00f3w parlamentarnych, k\u00f3\u0142 poselskich oraz eksperci prawa konstytucyjnego. <\/p>\n\n\n\n<p>W dniu uroczysto\u015bci premier Donald Tusk opublikowa\u0142 w mediach spo\u0142eczno\u015bciowych kr\u00f3tki film, w kt\u00f3rym &#8212; w po\u015bredni spos\u00f3b &#8212; odni\u00f3s\u0142 si\u0119 do zapowiedzi prezydenta.<\/p>\n\n\n\n<p>Prace nad now\u0105 konstytucj\u0105<br>Jak przekaza\u0142 rzecznik prezydenta Rafa\u0142 Le\u015bkiewicz, 3 maja Karol Nawrocki ma powo\u0142a\u0107 pierwszych cz\u0142onk\u00f3w Rady ds. nowej Konstytucji. Ma to by\u0107 kolejne gremium doradcze dzia\u0142aj\u0105ce przy prezydencie, kt\u00f3rego zadaniem b\u0119dzie opracowanie za\u0142o\u017ce\u0144 nowej ustawy zasadniczej. Jak przypomniano, inicjatywa ta by\u0142a sygnalizowana ju\u017c wcze\u015bniej \u2013 w pierwszym or\u0119dziu Nawrockiego po zaprzysi\u0119\u017ceniu w sierpniu ubieg\u0142ego roku \u2013 co wskazuje na jej d\u0142ugofalowy charakter.<\/p>\n\n\n\n<p>Zgodnie z zapowiedziami, rada ma mie\u0107 szeroki i wielostronny charakter. W jej sk\u0142ad wejd\u0105 przedstawiciele klub\u00f3w i k\u00f3\u0142 parlamentarnych \u2013 po dwie osoby z ka\u017cdego klubu i po jednej z ka\u017cdego ko\u0142a \u2013 a tak\u017ce eksperci prawa oraz osoby reprezentuj\u0105ce r\u00f3\u017cne podej\u015bcia do kwestii konstytucyjnych. Gremium ma pe\u0142ni\u0107 funkcj\u0119 forum dyskusyjnego, kt\u00f3rego celem b\u0119dzie wypracowanie propozycji nowej konstytucji.<br><\/p>\n\n\n\n<p>Prezydent powo\u0142a Rad\u0119 ds. Konstytucji<br>Og\u0142oszenie powo\u0142ania Rady ds. nowej Konstytucji nast\u0105pi podczas uroczysto\u015bci z okazji \u015awi\u0119ta Narodowego 3 maja, w kt\u00f3rych udzia\u0142 we\u017amie Karol Nawrocki. Zgodnie z przekazanymi informacjami prezydent we\u017amie udzia\u0142 m.in. we mszy w Archikatedrze \u015bw. Jana oraz w obchodach na Zamku Kr\u00f3lewskim, gdzie zaplanowano r\u00f3wnie\u017c wr\u0119czenie Order\u00f3w Or\u0142a Bia\u0142ego.<\/p>\n\n\n\n<p>W\u0142a\u015bnie w trakcie tych oficjalnych wydarze\u0144 ma zosta\u0107 przedstawiony sk\u0142ad nowego gremium. Jak podkre\u015blono, jego konstrukcja zosta\u0142a zaplanowana tak, by uwzgl\u0119dnia\u0107 mo\u017cliwie szerok\u0105 reprezentacj\u0119 polityczn\u0105 i eksperck\u0105, co ma sprzyja\u0107 otwartej debacie nad przysz\u0142ymi rozwi\u0105zaniami ustrojowymi.<\/p>\n\n\n\n<p>Ca\u0142a inicjatywa wpisuje si\u0119 w zapowiedzi prezydenta dotycz\u0105ce dyskusji nad ewentualnymi zmianami konstytucyjnymi, kt\u00f3re by\u0142y ju\u017c wcze\u015bniej sygnalizowane w jego wyst\u0105pieniach publicznych.<br><\/p>\n\n\n\n<p>Polityczny przekaz Tuska w \u015awi\u0119to 3 Maja<br>W \u015awi\u0119to Konstytucji 3 Maja premier Donald Tusk opublikowa\u0142 w mediach spo\u0142eczno\u015bciowych kr\u00f3tki materia\u0142 wideo, na kt\u00f3rym prezentuje orygina\u0142 ustawy zasadniczej z 1791 roku. Nagranie zosta\u0142o opatrzone komentarzem odnosz\u0105cym si\u0119 do znaczenia konstytucji w \u017cyciu publicznym i politycznym.<\/p>\n\n\n\n<ul class=\"wp-block-list\">\n<li>Dzisiaj wszyscy w Polsce musimy mie\u0107 \u015bwiadomo\u015b\u0107, jak wa\u017cna jest jedno\u015b\u0107, jak wa\u017cne s\u0105 rz\u0105dy prawa, jak wa\u017cne jest poszanowanie konstytucji. Niekt\u00f3rzy uwa\u017caj\u0105, \u017ce wystarczy obchodzi\u0107 \u015awi\u0119to Konstytucji, a na co dzie\u0144 t\u0119 konstytucj\u0119 obchodz\u0105. Niekt\u00f3rych konstytucja w og\u00f3le nie obchodzi &#8212; m\u00f3wi\u0142 Tusk.<\/li>\n<\/ul>\n\n\n\n<p>Wypowied\u017a premiera mo\u017cna odczytywa\u0107 jako aluzj\u0119 i po\u015bredni komentarz skierowany pod adresem prezydenta.<\/p>\n\n\n\n<p>Ca\u0142y wpis premier podsumowa\u0142 kr\u00f3tkim zdaniem: \u201eTylko narody, kt\u00f3re szanuj\u0105 swoje konstytucje, maj\u0105 szans\u0119 na zwyci\u0119stwo.\u201d<\/p>\n\n\n\n<p><\/p>\n\n\n\n<blockquote class=\"twitter-tweet\"><p lang=\"pl\" dir=\"ltr\">Tylko narody, kt\u00f3re szanuj\u0105 swoje konstytucje, maj\u0105 szans\u0119 na zwyci\u0119stwo. <a href=\"https:\/\/t.co\/WR5klzA2V9\">pic.twitter.com\/WR5klzA2V9<\/a><\/p>&mdash; Donald Tusk (@donaldtusk) <a href=\"https:\/\/twitter.com\/donaldtusk\/status\/2050844407344062673?ref_src=twsrc%5Etfw\">May 3, 2026<\/a><\/blockquote> <script async src=\"https:\/\/platform.twitter.com\/widgets.js\" charset=\"utf-8\"><\/script>\n\n\n\n<p><\/p>\n","protected":false},"excerpt":{"rendered":"Prezydent Karol Nawrocki zapowiedzia\u0142 utworzenie Rady ds. nowej Konstytucji, kt\u00f3ra ma rozpocz\u0105\u0107 dzia\u0142alno\u015b\u0107 3 maja. W jej sk\u0142ad maj\u0105 wej\u015b\u0107 przedstawiciele klub\u00f3w parlamentarnych, \n<a class=\"moretag\" href=\"https:\/\/daily24.pl.ua\/?p=35853\"> [...]<\/a>","protected":false},"author":1,"featured_media":35854,"comment_status":"open","ping_status":"open","sticky":false,"template":"","format":"standard","meta":{"footnotes":""},"categories":[1],"tags":[],"class_list":["post-35853","post","type-post","status-publish","format-standard","has-post-thumbnail","hentry","category-blog"],"_links":{"self":[{"href":"https:\/\/daily24.pl.ua\/index.php?rest_route=\/wp\/v2\/posts\/35853","targetHints":{"allow":["GET"]}}],"collection":[{"href":"https:\/\/daily24.pl.ua\/index.php?rest_route=\/wp\/v2\/posts"}],"about":[{"href":"https:\/\/daily24.pl.ua\/index.php?rest_route=\/wp\/v2\/types\/post"}],"author":[{"embeddable":true,"href":"https:\/\/daily24.pl.ua\/index.php?rest_route=\/wp\/v2\/users\/1"}],"replies":[{"embeddable":true,"href":"https:\/\/daily24.pl.ua\/index.php?rest_route=%2Fwp%2Fv2%2Fcomments&post=35853"}],"version-history":[{"count":3,"href":"https:\/\/daily24.pl.ua\/index.php?rest_route=\/wp\/v2\/posts\/35853\/revisions"}],"predecessor-version":[{"id":35857,"href":"https:\/\/daily24.pl.ua\/index.php?rest_route=\/wp\/v2\/posts\/35853\/revisions\/35857"}],"wp:featuredmedia":[{"embeddable":true,"href":"https:\/\/daily24.pl.ua\/index.php?rest_route=\/wp\/v2\/media\/35854"}],"wp:attachment":[{"href":"https:\/\/daily24.pl.ua\/index.php?rest_route=%2Fwp%2Fv2%2Fmedia&parent=35853"}],"wp:term":[{"taxonomy":"category","embeddable":true,"href":"https:\/\/daily24.pl.ua\/index.php?rest_route=%2Fwp%2Fv2%2Fcategories&post=35853"},{"taxonomy":"post_tag","embeddable":true,"href":"https:\/\/daily24.pl.ua\/index.php?rest_route=%2Fwp%2Fv2%2Ftags&post=35853"}],"curies":[{"name":"wp","href":"https:\/\/api.w.org\/{rel}","templated":true}]}}