{"id":35874,"date":"2026-05-03T10:35:34","date_gmt":"2026-05-03T10:35:34","guid":{"rendered":"https:\/\/daily24.pl.ua\/?p=35874"},"modified":"2026-05-03T10:35:34","modified_gmt":"2026-05-03T10:35:34","slug":"czolowe-zderzenie-dwoch-aut-pod-pinczowem-sa-ranni-w-tym-15-roczne-dziecko","status":"publish","type":"post","link":"https:\/\/daily24.pl.ua\/?p=35874","title":{"rendered":"Czo\u0142owe zderzenie dw\u00f3ch aut pod Pi\u0144czowem. S\u0105 ranni, w tym 1,5-roczne dziecko"},"content":{"rendered":"\n<p>W sobotni wiecz\u00f3r w miejscowo\u015bci Pasturka dosz\u0142o do powa\u017cnego wypadku drogowego. <\/p>\n\n\n\n<p>W czo\u0142owym zderzeniu dw\u00f3ch samochod\u00f3w osobowych rannych zosta\u0142o sze\u015b\u0107 os\u00f3b, w tym 1,5-roczne dziecko. <\/p>\n\n\n\n<p>Na miejscu interweniowa\u0142y liczne s\u0142u\u017cby ratunkowe, a droga zosta\u0142a ca\u0142kowicie zablokowana.<\/p>\n\n\n\n<p>Dramatyczne zderzenie dw\u00f3ch samochod\u00f3w osobowych<br>Jak informuje TVP 3 Kielce, do zdarzenia dosz\u0142o w sobot\u0119 2 maja chwil\u0119 po godzinie 19. na drodze powiatowej w gminie Pi\u0144cz\u00f3w. Jak wynika z informacji przekazanych przez s\u0142u\u017cby, dosz\u0142o do czo\u0142owego zderzenia dw\u00f3ch samochod\u00f3w osobowych. Okoliczno\u015bci wypadku nie zosta\u0142y jeszcze szczeg\u00f3\u0142owo wyja\u015bnione, jednak skala zdarzenia wskazuje na powa\u017cne konsekwencje dla uczestnik\u00f3w ruchu.<\/p>\n\n\n\n<p>Pojazdami podr\u00f3\u017cowa\u0142o \u0142\u0105cznie sze\u015b\u0107 os\u00f3b, w tym ma\u0142e dziecko w wieku oko\u0142o 1,5 roku. Wszyscy uczestnicy zdarzenia zostali poszkodowani, cho\u0107 \u2013 jak wynika z pierwszych ustale\u0144 \u2013 byli przytomni i zdo\u0142ali opu\u015bci\u0107 pojazdy o w\u0142asnych si\u0142ach. To znacz\u0105co u\u0142atwi\u0142o dzia\u0142ania ratunkowe, cho\u0107 nie zmniejsza powagi ca\u0142ej sytuacji.<\/p>\n\n\n\n<p>Na ten moment nie ma oficjalnych danych dotycz\u0105cych przyczyn wypadku \u2013 spraw\u0105 zajmuje si\u0119 policja, kt\u00f3ra prowadzi czynno\u015bci wyja\u015bniaj\u0105ce<br><\/p>\n\n\n\n<figure class=\"wp-block-image size-large\"><img loading=\"lazy\" decoding=\"async\" width=\"1024\" height=\"576\" src=\"https:\/\/daily24.pl.ua\/wp-content\/uploads\/2026\/05\/image-5-1024x576.png\" alt=\"\" class=\"wp-image-35875\" srcset=\"https:\/\/daily24.pl.ua\/wp-content\/uploads\/2026\/05\/image-5-1024x576.png 1024w, https:\/\/daily24.pl.ua\/wp-content\/uploads\/2026\/05\/image-5-300x169.png 300w, https:\/\/daily24.pl.ua\/wp-content\/uploads\/2026\/05\/image-5-768x432.png 768w, https:\/\/daily24.pl.ua\/wp-content\/uploads\/2026\/05\/image-5-1536x864.png 1536w, https:\/\/daily24.pl.ua\/wp-content\/uploads\/2026\/05\/image-5.png 1920w\" sizes=\"auto, (max-width: 1024px) 100vw, 1024px\" \/><\/figure>\n\n\n\n<p>Na miejscu liczne s\u0142u\u017cby ratunkowe<br>Po otrzymaniu zg\u0142oszenia do akcji natychmiast skierowano jednostki ratownicze.<\/p>\n\n\n\n<p>Dy\u017curny Stanowiska Kierowania PSP zadysponowa\u0142 do zdarzenia dwa zast\u0119py z JRG PSP w Pi\u0144czowie oraz zast\u0119p z jednostki OSP w Chru\u015bcicach \u2013 przekaza\u0142 m\u0142. bryg. Marcin \u017barek, rzecznik PSP w Pi\u0144czowie cytowany przez TVP 3 Kielce.<\/p>\n\n\n\n<p>Na miejscu pojawi\u0142y si\u0119 r\u00f3wnie\u017c trzy zespo\u0142y ratownictwa medycznego i policja. S\u0142u\u017cby dzia\u0142a\u0142y r\u00f3wnolegle, zabezpieczaj\u0105c miejsce zdarzenia, udzielaj\u0105c pomocy poszkodowanym oraz kieruj\u0105c ruchem drogowym. Kluczowe by\u0142o szybkie dotarcie do rannych i ocena ich stanu zdrowia.<\/p>\n\n\n\n<p>Obecno\u015b\u0107 dziecka w\u015br\u00f3d poszkodowanych dodatkowo podnios\u0142a rang\u0119 zdarzenia i wymaga\u0142a szczeg\u00f3lnej ostro\u017cno\u015bci ze strony ratownik\u00f3w.\u00a0<br><\/p>\n\n\n\n<p>Droga zablokowana, wyznaczono objazdy<br>W wyniku wypadku droga powiatowa w miejscowo\u015bci Pasturka zosta\u0142a ca\u0142kowicie zablokowana w obu kierunkach. Jak poinformowa\u0142 rzecznik PSP, dzia\u0142ania ratownicze wci\u0105\u017c trwaj\u0105, a utrudnienia mog\u0142y potrwa\u0107 jeszcze przez d\u0142u\u017cszy czas.<\/p>\n\n\n\n<p>Droga jest zablokowana w obu kierunkach, policja wyznaczy\u0142a objazdy. Dzia\u0142ania ratownicze w dalszym ci\u0105gu trwaj\u0105 \u2013 przekaza\u0142 m\u0142. bryg. Marcin \u017barek, cytowany przez TVP 3 Kielce.<\/p>\n\n\n\n<p>Zablokowanie mo\u017ce mie\u0107 bezpo\u015bredni wp\u0142yw na lokaln\u0105 komunikacj\u0119. Nale\u017cy jednak pami\u0119ta\u0107, \u017ce w takich sytuacjach kluczowe jest umo\u017cliwienie sprawnego dzia\u0142ania ratownikom, kt\u00f3rzy walcz\u0105 o zdrowie i \u017cycie poszkodowanych.<\/p>\n\n\n\n<p>Na obecnym etapie najwa\u017cniejsze pozostaje ustalenie dok\u0142adnych przyczyn zdarzenia oraz ocena stanu zdrowia uczestnik\u00f3w wypadku.<\/p>\n\n\n\n<p><\/p>\n\n\n\n<p><\/p>\n","protected":false},"excerpt":{"rendered":"W sobotni wiecz\u00f3r w miejscowo\u015bci Pasturka dosz\u0142o do powa\u017cnego wypadku drogowego. W czo\u0142owym zderzeniu dw\u00f3ch samochod\u00f3w osobowych rannych zosta\u0142o sze\u015b\u0107 os\u00f3b, w tym \n<a class=\"moretag\" href=\"https:\/\/daily24.pl.ua\/?p=35874\"> [...]<\/a>","protected":false},"author":1,"featured_media":35876,"comment_status":"open","ping_status":"open","sticky":false,"template":"","format":"standard","meta":{"footnotes":""},"categories":[1],"tags":[],"class_list":["post-35874","post","type-post","status-publish","format-standard","has-post-thumbnail","hentry","category-blog"],"_links":{"self":[{"href":"https:\/\/daily24.pl.ua\/index.php?rest_route=\/wp\/v2\/posts\/35874","targetHints":{"allow":["GET"]}}],"collection":[{"href":"https:\/\/daily24.pl.ua\/index.php?rest_route=\/wp\/v2\/posts"}],"about":[{"href":"https:\/\/daily24.pl.ua\/index.php?rest_route=\/wp\/v2\/types\/post"}],"author":[{"embeddable":true,"href":"https:\/\/daily24.pl.ua\/index.php?rest_route=\/wp\/v2\/users\/1"}],"replies":[{"embeddable":true,"href":"https:\/\/daily24.pl.ua\/index.php?rest_route=%2Fwp%2Fv2%2Fcomments&post=35874"}],"version-history":[{"count":1,"href":"https:\/\/daily24.pl.ua\/index.php?rest_route=\/wp\/v2\/posts\/35874\/revisions"}],"predecessor-version":[{"id":35877,"href":"https:\/\/daily24.pl.ua\/index.php?rest_route=\/wp\/v2\/posts\/35874\/revisions\/35877"}],"wp:featuredmedia":[{"embeddable":true,"href":"https:\/\/daily24.pl.ua\/index.php?rest_route=\/wp\/v2\/media\/35876"}],"wp:attachment":[{"href":"https:\/\/daily24.pl.ua\/index.php?rest_route=%2Fwp%2Fv2%2Fmedia&parent=35874"}],"wp:term":[{"taxonomy":"category","embeddable":true,"href":"https:\/\/daily24.pl.ua\/index.php?rest_route=%2Fwp%2Fv2%2Fcategories&post=35874"},{"taxonomy":"post_tag","embeddable":true,"href":"https:\/\/daily24.pl.ua\/index.php?rest_route=%2Fwp%2Fv2%2Ftags&post=35874"}],"curies":[{"name":"wp","href":"https:\/\/api.w.org\/{rel}","templated":true}]}}