{"id":35878,"date":"2026-05-03T10:42:25","date_gmt":"2026-05-03T10:42:25","guid":{"rendered":"https:\/\/daily24.pl.ua\/?p=35878"},"modified":"2026-05-03T10:42:25","modified_gmt":"2026-05-03T10:42:25","slug":"sledztwo-w-sprawie-smierci-lukasza-litewki-prokuratura-przekazala-ustalenia-dot-monitoringu","status":"publish","type":"post","link":"https:\/\/daily24.pl.ua\/?p=35878","title":{"rendered":"\u015aledztwo w sprawie \u015bmierci \u0141ukasza Litewki. Prokuratura przekaza\u0142a ustalenia dot. monitoringu"},"content":{"rendered":"\n<p>Trwa \u015bledztwo w sprawie \u015bmierci \u0141ukasza Litewki. <\/p>\n\n\n\n<p>\u015aledczy szczeg\u00f3\u0142owo odtwarzaj\u0105 przebieg tragicznego wypadku. <\/p>\n\n\n\n<p>Kluczowe znaczenie maj\u0105 nagrania z monitoringu, analiza telefon\u00f3w oraz wyniki bada\u0144, kt\u00f3re maj\u0105 pom\u00f3c ustali\u0107, co doprowadzi\u0142o do tej tragedii.<\/p>\n\n\n\n<p>\u015aledczy sprawdzaj\u0105 monitoring krok po kroku. Niepokoj\u0105ce odkrycie dot. kamer<br>Prokuratura Okr\u0119gowa w Sosnowcu prowadzi intensywne czynno\u015bci maj\u0105ce na celu dok\u0142adne odtworzenie przebiegu tragicznego wypadku, do kt\u00f3rego dosz\u0142o 23 kwietnia 2026 roku w D\u0105browa G\u00f3rnicza. W jego wyniku zgin\u0105\u0142 36-letni pose\u0142 \u0141ukasz Litewka, potr\u0105cony przez samoch\u00f3d podczas jazdy rowerem. Jednym z kluczowych element\u00f3w \u015bledztwa jest analiza monitoringu obejmuj\u0105cego tras\u0119, jak\u0105 tego dnia pokonali zar\u00f3wno parlamentarzysta, jak i 57-letni kierowca.<\/p>\n\n\n\n<p>Sprawdzeniem obj\u0119to ca\u0142\u0105 tras\u0119, jak\u0105 do miejsca wypadku pokona\u0142 tego dnia zar\u00f3wno pan pose\u0142 Litewka, jak i podejrzany. Policja podj\u0119\u0142a dzia\u0142ania nakierowane na zabezpieczenie stosownych nagra\u0144 w ka\u017cdym punkcie na tej trasie, gdzie ujawniono obecno\u015b\u0107 kamer \u2013 &nbsp;przekaza\u0142 prok. Bartosz Kilian w rozmowie z Super Expressem.<\/p>\n\n\n\n<p>\u015aledczy pozyskali ju\u017c zapisy z czterech lokalizacji, jednak nadal oczekuj\u0105 na materia\u0142y z kolejnych punkt\u00f3w.<\/p>\n\n\n\n<p>Problemem okaza\u0142 si\u0119 stan infrastruktury monitoringu. Jak zaznaczy\u0142 prokurator, cz\u0119\u015b\u0107 urz\u0105dze\u0144 by\u0142a niesprawna lub stanowi\u0142a jedynie atrap\u0119.&nbsp;<\/p>\n\n\n\n<p>Warto nadmieni\u0107, i\u017c w niekt\u00f3rych przypadkach weryfikacja kamer doprowadzi\u0142a do ustalenia, i\u017c s\u0105 to atrapy, ewentualnie aparatura pozbawiona by\u0142a mo\u017cliwo\u015bci nagrywania \u2013 poinformowa\u0142 Bartosz Kilian, cytowany przez Super Express.<\/p>\n\n\n\n<p>To znacz\u0105co utrudnia rekonstrukcj\u0119 zdarze\u0144 i mo\u017ce wp\u0142yn\u0105\u0107 na tempo \u015bledztwa.<br><\/p>\n\n\n\n<blockquote class=\"twitter-tweet\"><p lang=\"pl\" dir=\"ltr\">Nie ma s\u0142\u00f3w, kt\u00f3re wyra\u017c\u0105 \u017cal i b\u00f3l, z jakim przyjmujemy dzi\u015b wiadomo\u015b\u0107 o tragicznej \u015bmierci naszego Przyjaciela, pos\u0142a \u0141ukasza Litewki.<br><br>Dzi\u015b Polska straci\u0142a cz\u0142owieka o wielkim, otwartym sercu i polityka oddanego walce o prawa najs\u0142abszych. \u0141ukasz by\u0142 uosobieniem dobra. Nigdy\u2026 <a href=\"https:\/\/t.co\/ZaVCk4tURD\">pic.twitter.com\/ZaVCk4tURD<\/a><\/p>&mdash; Lewica (@__Lewica) <a href=\"https:\/\/twitter.com\/__Lewica\/status\/2047321422075212130?ref_src=twsrc%5Etfw\">April 23, 2026<\/a><\/blockquote> <script async src=\"https:\/\/platform.twitter.com\/widgets.js\" charset=\"utf-8\"><\/script>\n\n\n\n<p>Minuty przed wypadkiem pod lup\u0105. Telefony i wyniki bada\u0144 mog\u0105 przes\u0105dzi\u0107<br>\u015aledczy zabezpieczyli nie tylko nagrania z monitoringu, ale r\u00f3wnie\u017c telefony kom\u00f3rkowe zar\u00f3wno zmar\u0142ego pos\u0142a, jak i kierowcy. Analiza tych urz\u0105dze\u0144 ma pom\u00f3c w ustaleniu, czy kt\u00f3rykolwiek z uczestnik\u00f3w zdarzenia korzysta\u0142 z telefonu bezpo\u015brednio przed wypadkiem lub czy istniej\u0105 inne okoliczno\u015bci mog\u0105ce mie\u0107 wp\u0142yw na przebieg tragedii.<\/p>\n\n\n\n<p>Nadal jednak kluczowe pozostaj\u0105 wyniki bada\u0144 \u2013 w tym pe\u0142na opinia po sekcji zw\u0142ok, badania toksykologiczne oraz szczeg\u00f3\u0142owa ocena stanu psychofizycznego kierowcy.<\/p>\n\n\n\n<p>Z ustale\u0144 wynika, \u017ce 57-latek opu\u015bci\u0142 miejsce pracy tu\u017c przed zdarzeniem, czyli przed godzin\u0105 13. Zg\u0142oszenie o wypadku wp\u0142yn\u0119\u0142o o godz. 13:17 \u2013 dokona\u0142 go \u015bwiadek, kt\u00f3ry u\u017cy\u0142 telefonu kierowcy, poniewa\u017c ten nie by\u0142 w stanie samodzielnie wezwa\u0107 pomocy. Istotne jest r\u00f3wnie\u017c to, \u017ce kierowca by\u0142 trze\u017awy w chwili zdarzenia, co potwierdzaj\u0105 dotychczasowe ustalenia.<\/p>\n\n\n\n<p><\/p>\n\n\n\n<p>Tragedia, kt\u00f3ra poruszy\u0142a Polsk\u0119. \u015aledztwo trwa, a pami\u0119\u0107 o \u0141ukaszu Litewce pozostaje \u017cywa<br>Do tragedii dosz\u0142o na ul. Kazimierzowskiej mi\u0119dzy D\u0105brow\u0105 G\u00f3rnicz\u0105 a Sosnowcem, kierowca zosta\u0142 zatrzymany po zdarzeniu, przyzna\u0142 si\u0119 do winy i us\u0142ysza\u0142 zarzut spowodowania \u015bmiertelnego wypadku. Post\u0119powanie pozostaje w toku, a \u015bledczy koncentruj\u0105 si\u0119 na ustaleniu wszystkich szczeg\u00f3\u0142\u00f3w zdarzenia oraz odpowiedzialno\u015bci jego uczestnik\u00f3w.<\/p>\n\n\n\n<p>28 kwietnia 2026 roku odby\u0142y si\u0119 uroczysto\u015bci pogrzebowe \u0141ukasza Litewki. Zgromadzi\u0142y one mieszka\u0144c\u00f3w oraz przedstawicieli \u017cycia publicznego, kt\u00f3rzy wspominali jego dzia\u0142alno\u015b\u0107 spo\u0142eczn\u0105 \u2013 szczeg\u00f3lnie zaanga\u017cowanie w pomoc dzieciom oraz ochron\u0119 zwierz\u0105t. Podczas ceremonii podkre\u015blano, \u017ce by\u0142 osob\u0105 oddan\u0105 innym, a tak\u017ce podkre\u015blano pomoc jak\u0105 ni\u00f3s\u0142 ka\u017cdego dnia zwierz\u0119tom i osobom potrzebuj\u0105cym.<\/p>\n\n\n\n<p>\u015aledztwo trwa, a jego wyniki b\u0119d\u0105 kluczowe dla wyja\u015bnienia jednej z najg\u0142o\u015bniejszych tragedii ostatnich dni.<\/p>\n\n\n\n<p><\/p>\n\n\n\n<p><\/p>\n","protected":false},"excerpt":{"rendered":"Trwa \u015bledztwo w sprawie \u015bmierci \u0141ukasza Litewki. \u015aledczy szczeg\u00f3\u0142owo odtwarzaj\u0105 przebieg tragicznego wypadku. Kluczowe znaczenie maj\u0105 nagrania z monitoringu, analiza telefon\u00f3w oraz wyniki \n<a class=\"moretag\" href=\"https:\/\/daily24.pl.ua\/?p=35878\"> [...]<\/a>","protected":false},"author":1,"featured_media":35879,"comment_status":"open","ping_status":"open","sticky":false,"template":"","format":"standard","meta":{"footnotes":""},"categories":[1],"tags":[],"class_list":["post-35878","post","type-post","status-publish","format-standard","has-post-thumbnail","hentry","category-blog"],"_links":{"self":[{"href":"https:\/\/daily24.pl.ua\/index.php?rest_route=\/wp\/v2\/posts\/35878","targetHints":{"allow":["GET"]}}],"collection":[{"href":"https:\/\/daily24.pl.ua\/index.php?rest_route=\/wp\/v2\/posts"}],"about":[{"href":"https:\/\/daily24.pl.ua\/index.php?rest_route=\/wp\/v2\/types\/post"}],"author":[{"embeddable":true,"href":"https:\/\/daily24.pl.ua\/index.php?rest_route=\/wp\/v2\/users\/1"}],"replies":[{"embeddable":true,"href":"https:\/\/daily24.pl.ua\/index.php?rest_route=%2Fwp%2Fv2%2Fcomments&post=35878"}],"version-history":[{"count":1,"href":"https:\/\/daily24.pl.ua\/index.php?rest_route=\/wp\/v2\/posts\/35878\/revisions"}],"predecessor-version":[{"id":35880,"href":"https:\/\/daily24.pl.ua\/index.php?rest_route=\/wp\/v2\/posts\/35878\/revisions\/35880"}],"wp:featuredmedia":[{"embeddable":true,"href":"https:\/\/daily24.pl.ua\/index.php?rest_route=\/wp\/v2\/media\/35879"}],"wp:attachment":[{"href":"https:\/\/daily24.pl.ua\/index.php?rest_route=%2Fwp%2Fv2%2Fmedia&parent=35878"}],"wp:term":[{"taxonomy":"category","embeddable":true,"href":"https:\/\/daily24.pl.ua\/index.php?rest_route=%2Fwp%2Fv2%2Fcategories&post=35878"},{"taxonomy":"post_tag","embeddable":true,"href":"https:\/\/daily24.pl.ua\/index.php?rest_route=%2Fwp%2Fv2%2Ftags&post=35878"}],"curies":[{"name":"wp","href":"https:\/\/api.w.org\/{rel}","templated":true}]}}