{"id":35889,"date":"2026-05-03T13:12:54","date_gmt":"2026-05-03T13:12:54","guid":{"rendered":"https:\/\/daily24.pl.ua\/?p=35889"},"modified":"2026-05-03T13:12:54","modified_gmt":"2026-05-03T13:12:54","slug":"miller-ostro-o-tusku-tak-skomentowal-jego-wystapienie","status":"publish","type":"post","link":"https:\/\/daily24.pl.ua\/?p=35889","title":{"rendered":"Miller ostro o Tusku. Tak skomentowa\u0142 jego wyst\u0105pienie"},"content":{"rendered":"\n<p>Leszek Miller odni\u00f3s\u0142 si\u0119 do s\u0142\u00f3w Donalda Tuska dotycz\u0105cych rzekomego \u201erozpadaj\u0105cego si\u0119\u201d NATO, oceniaj\u0105c je jako niezgodne z faktami.<\/p>\n\n\n\n<p>By\u0142y premier zabra\u0142 r\u00f3wnie\u017c g\u0142os w sprawie relacji europejskich polityk\u00f3w z Donaldem Trumpem, podkre\u015blaj\u0105c potrzeb\u0119 dostosowania si\u0119 do jego stylu polityki i rezygnacji z krytycznych ocen.<\/p>\n\n\n\n<p>Cz\u0119\u015b\u0107 wojsk ameryka\u0144skich wycofana z Niemiec<br>W ostatnich dniach prezydent USA Donald Trump ponownie podni\u00f3s\u0142 temat obecno\u015bci ameryka\u0144skich wojsk w Europie, tym razem wskazuj\u0105c na Niemcy.<\/p>\n\n\n\n<p> W opublikowanym 29 kwietnia wpisie na platformie Truth Social zapowiedzia\u0142 analiz\u0119 mo\u017cliwej redukcji kontyngentu stacjonuj\u0105cego w tym kraju.<\/p>\n\n\n\n<ul class=\"wp-block-list\">\n<li>Stany Zjednoczone analizuj\u0105 i rozwa\u017caj\u0105 ewentualn\u0105 redukcj\u0119 liczebno\u015bci wojsk w Niemczech, a decyzja w tej sprawie zapadnie w najbli\u017cszym czasie &#8212; napisa\u0142 Donald Trump.<\/li>\n<\/ul>\n\n\n\n<p>To kolejny raz, gdy ameryka\u0144ski prezydent sygnalizuje taki kierunek. Ju\u017c w 2020 roku zapowiada\u0142 ograniczenie obecno\u015bci wojsk USA w Niemczech, uzasadniaj\u0105c to niewystarczaj\u0105cymi wydatkami Berlina na NATO, jednak w\u00f3wczas plany te nie zosta\u0142y zrealizowane.<\/p>\n\n\n\n<p>Napi\u0119cia na linii Waszyngton\u2013Berlin w ostatnim czasie ponownie si\u0119 nasili\u0142y, m.in. po wypowiedziach kanclerza Friedricha Merza, kt\u00f3re spotka\u0142y si\u0119 z ostr\u0105 reakcj\u0105 Trumpa.<\/p>\n\n\n\n<ul class=\"wp-block-list\">\n<li>Nie wie, o czym m\u00f3wi &#8212; napisa\u0142 prezydent USA, dodaj\u0105c, \u017ce Niemcy \u201eradz\u0105 sobie tak \u017ale, zar\u00f3wno gospodarczo, jak i w pozosta\u0142ych obszarach\u201d.<\/li>\n<\/ul>\n\n\n\n<p>Obecnie w Niemczech stacjonuje oko\u0142o 35\u201337 tys. ameryka\u0144skich \u017co\u0142nierzy, co czyni ten kraj jednym z kluczowych element\u00f3w obecno\u015bci militarnej USA w Europie. Ewentualne zmiany w tym zakresie mog\u0142yby mie\u0107 istotne znaczenie dla uk\u0142adu si\u0142 w NATO.<\/p>\n\n\n\n<p><\/p>\n\n\n\n<p>Tusk wprost o NATO<br>W sobot\u0119 2 maja Donald Tusk odni\u00f3s\u0142 si\u0119 w mediach spo\u0142eczno\u015bciowych do napi\u0119\u0107 wok\u00f3\u0142 przysz\u0142o\u015bci wsp\u00f3\u0142pracy transatlantyckiej. Jego wpis pojawi\u0142 si\u0119 w kontek\u015bcie zapowiedzi Donalda Trumpa dotycz\u0105cych mo\u017cliwego ograniczenia ameryka\u0144skiej obecno\u015bci wojskowej w Niemczech.<\/p>\n\n\n\n<ul class=\"wp-block-list\">\n<li>Najwi\u0119kszym zagro\u017ceniem dla wsp\u00f3lnoty transatlantyckiej nie s\u0105 jej zewn\u0119trzni wrogowie, lecz trwaj\u0105ce rozpadanie si\u0119 naszego sojuszu. Wszyscy musimy zrobi\u0107 wszystko, co konieczne, aby odwr\u00f3ci\u0107 ten katastrofalny trend &#8212; stwierdzi\u0142 Tusk.<\/li>\n<\/ul>\n\n\n\n<p>Wypowied\u017a polskiego premiera by\u0142a reakcj\u0105 na deklaracje strony ameryka\u0144skiej, kt\u00f3re ponownie wywo\u0142a\u0142y dyskusj\u0119 o sp\u00f3jno\u015bci i przysz\u0142o\u015bci NATO oraz relacjach mi\u0119dzy jego kluczowymi cz\u0142onkami.<br><\/p>\n\n\n\n<p>Miller komentuje s\u0142owa Tuska. \u201eAbsolutnie nieoparte na faktach\u201d<br>Do s\u0142\u00f3w premiera odni\u00f3s\u0142 si\u0119 na antenie Polsat News Leszek Miller, kt\u00f3ry skrytykowa\u0142 spos\u00f3b opisywania sytuacji w NATO przez cz\u0119\u015b\u0107 polskich polityk\u00f3w. By\u0142y premier zaapelowa\u0142 o wi\u0119ksz\u0105 pow\u015bci\u0105gliwo\u015b\u0107 w publicznych ocenach.<\/p>\n\n\n\n<ul class=\"wp-block-list\">\n<li>Przede wszystkim oczekiwa\u0142bym, \u017ce polscy politycy przestan\u0105 si\u0119 wypowiada\u0107 w takim stylu, \u017ce oto jeste\u015bmy \u015bwiadkami rozpadu Paktu P\u00f3\u0142nocnoatlantyckiego. (\u2026) To s\u0105 s\u0142owa absolutnie nieoparte na faktach &#8212; zaznaczy\u0142.\u00a0<\/li>\n<\/ul>\n\n\n\n<p>Miller odni\u00f3s\u0142 si\u0119 tak\u017ce do stosunku cz\u0119\u015bci klasy politycznej w Polsce do Donalda Trumpa, wskazuj\u0105c na, jego zdaniem, emocjonalne podej\u015bcie do ameryka\u0144skiego prezydenta.<\/p>\n\n\n\n<ul class=\"wp-block-list\">\n<li>W polskiej klasie politycznej jest spora grupa polityk\u00f3w, kt\u00f3rzy nie tylko traktuj\u0105 Trumpa z niech\u0119ci\u0105, ale wr\u0119cz go nienawidz\u0105. Ka\u017cdy pretekst jest natychmiast wykorzystywany przeciwko prezydentowi Stan\u00f3w Zjednoczonych &#8212; powiedzia\u0142.<\/li>\n<\/ul>\n\n\n\n<p>Doda\u0142, \u017ce cz\u0119\u015b\u0107 z nich w przesz\u0142o\u015bci by\u0142a zwi\u0105zana z Parti\u0105 Demokratyczn\u0105 w USA i dzi\u015b nie akceptuje zmiany uk\u0142adu politycznego za oceanem.<\/p>\n\n\n\n<ul class=\"wp-block-list\">\n<li>Najcz\u0119\u015bciej to s\u0105 politycy, kt\u00f3rzy byli zawsze zwi\u0105zani z demokratami, a nie z republikanami. Czerpali z tego rozmaite korzy\u015bci, w tym r\u00f3wnie\u017c finansowe, byli w taki czy inny spos\u00f3b dotowani i teraz nie mog\u0105 si\u0119 pogodzi\u0107 z tym, \u017ce demokraci odeszli, gdzie\u015b w cie\u0144 &#8212; stwierdzi\u0142.<\/li>\n<\/ul>\n\n\n\n<p>By\u0142y premier podkre\u015bli\u0142 r\u00f3wnie\u017c, \u017ce politycy powinni dostosowa\u0107 si\u0119 do reali\u00f3w politycznych w USA, niezale\u017cnie od tego, kto sprawuje tam w\u0142adz\u0119.<\/p>\n\n\n\n<ul class=\"wp-block-list\">\n<li>Ja bym oczekiwa\u0142, \u017ceby ci politycy zachowywali si\u0119 bardziej odpowiedzialnie. My nie mamy wp\u0142ywu na to, kto zostanie prezydentem Stan\u00f3w Zjednoczonych i trzeba pracowa\u0107 z takim prezydentem, jakim on po prostu jest i przesta\u0107 wybrzydza\u0107 &#8212; podkre\u015bli\u0142 Leszek Miller.<br><\/li>\n\n\n\n<li><\/li>\n<\/ul>\n","protected":false},"excerpt":{"rendered":"Leszek Miller odni\u00f3s\u0142 si\u0119 do s\u0142\u00f3w Donalda Tuska dotycz\u0105cych rzekomego \u201erozpadaj\u0105cego si\u0119\u201d NATO, oceniaj\u0105c je jako niezgodne z faktami. By\u0142y premier zabra\u0142 r\u00f3wnie\u017c \n<a class=\"moretag\" href=\"https:\/\/daily24.pl.ua\/?p=35889\"> [...]<\/a>","protected":false},"author":1,"featured_media":35890,"comment_status":"open","ping_status":"open","sticky":false,"template":"","format":"standard","meta":{"footnotes":""},"categories":[1],"tags":[],"class_list":["post-35889","post","type-post","status-publish","format-standard","has-post-thumbnail","hentry","category-blog"],"_links":{"self":[{"href":"https:\/\/daily24.pl.ua\/index.php?rest_route=\/wp\/v2\/posts\/35889","targetHints":{"allow":["GET"]}}],"collection":[{"href":"https:\/\/daily24.pl.ua\/index.php?rest_route=\/wp\/v2\/posts"}],"about":[{"href":"https:\/\/daily24.pl.ua\/index.php?rest_route=\/wp\/v2\/types\/post"}],"author":[{"embeddable":true,"href":"https:\/\/daily24.pl.ua\/index.php?rest_route=\/wp\/v2\/users\/1"}],"replies":[{"embeddable":true,"href":"https:\/\/daily24.pl.ua\/index.php?rest_route=%2Fwp%2Fv2%2Fcomments&post=35889"}],"version-history":[{"count":1,"href":"https:\/\/daily24.pl.ua\/index.php?rest_route=\/wp\/v2\/posts\/35889\/revisions"}],"predecessor-version":[{"id":35891,"href":"https:\/\/daily24.pl.ua\/index.php?rest_route=\/wp\/v2\/posts\/35889\/revisions\/35891"}],"wp:featuredmedia":[{"embeddable":true,"href":"https:\/\/daily24.pl.ua\/index.php?rest_route=\/wp\/v2\/media\/35890"}],"wp:attachment":[{"href":"https:\/\/daily24.pl.ua\/index.php?rest_route=%2Fwp%2Fv2%2Fmedia&parent=35889"}],"wp:term":[{"taxonomy":"category","embeddable":true,"href":"https:\/\/daily24.pl.ua\/index.php?rest_route=%2Fwp%2Fv2%2Fcategories&post=35889"},{"taxonomy":"post_tag","embeddable":true,"href":"https:\/\/daily24.pl.ua\/index.php?rest_route=%2Fwp%2Fv2%2Ftags&post=35889"}],"curies":[{"name":"wp","href":"https:\/\/api.w.org\/{rel}","templated":true}]}}