{"id":35892,"date":"2026-05-03T13:52:11","date_gmt":"2026-05-03T13:52:11","guid":{"rendered":"https:\/\/daily24.pl.ua\/?p=35892"},"modified":"2026-05-03T13:52:11","modified_gmt":"2026-05-03T13:52:11","slug":"andrzej-poczobut-odznaczony-orderem-orla-bialego-nawrocki-wlasnie-to-oglosil","status":"publish","type":"post","link":"https:\/\/daily24.pl.ua\/?p=35892","title":{"rendered":"Andrzej Poczobut odznaczony Orderem Or\u0142a Bia\u0142ego. Nawrocki w\u0142a\u015bnie to og\u0142osi\u0142"},"content":{"rendered":"\n<p>Podczas uroczysto\u015bci z okazji \u015awi\u0119ta Konstytucji 3 Maja na Zamku Kr\u00f3lewskim w Warszawie Andrzej Poczobut zosta\u0142 uhonorowany Orderem Or\u0142a Bia\u0142ego. Dziennikarz i dzia\u0142acz Zwi\u0105zku Polak\u00f3w na Bia\u0142orusi odebra\u0142 order z r\u0105k prezydenta Karola Nawrockiego w trakcie oficjalnych obchod\u00f3w, kt\u00f3re zgromadzi\u0142y przedstawicieli w\u0142adz i zaproszonych go\u015bci.<\/p>\n\n\n\n<p>Uwolnienie Andrzeja Poczobuta<br>Uwolnienie Andrzeja Poczobuta spotka\u0142o si\u0119 z du\u017cym zainteresowaniem opinii publicznej i szerokim odd\u017awi\u0119kiem zar\u00f3wno w Polsce, jak i poza jej granicami. Dziennikarz \u201eGazety Wyborczej\u201d oraz dzia\u0142acz Zwi\u0105zku Polak\u00f3w na Bia\u0142orusi sp\u0119dzi\u0142 w wi\u0119zieniu \u0142\u0105cznie 1860 dni.&nbsp;<\/p>\n\n\n\n<p>W tym czasie jego sprawa by\u0142a wielokrotnie nag\u0142a\u015bniana przez organizacje mi\u0119dzynarodowe i \u015brodowiska broni\u0105ce praw cz\u0142owieka, staj\u0105c si\u0119 jednym z najbardziej rozpoznawalnych przyk\u0142ad\u00f3w represji wobec wolno\u015bci s\u0142owa w Bia\u0142orusi rz\u0105dzonej przez Alaksandra \u0141ukaszenk\u0119.<\/p>\n\n\n\n<p>Andrzej Poczobut odznaczony przez prezydenta Karola Nawrockieg<br>Andrzej Poczobut zosta\u0142 odznaczony zaocznie przez prezydenta Karol Nawrocki podczas ubieg\u0142orocznych obchod\u00f3w Narodowego \u015awi\u0119ta Niepodleg\u0142o\u015bci. Jak podkre\u015blono w\u00f3wczas w uzasadnieniu, uhonorowano go \u201ew uznaniu znamienitych zas\u0142ug w dzia\u0142alno\u015bci na rzecz Polak\u00f3w na Bia\u0142orusi, w szczeg\u00f3lno\u015bci za walk\u0119 o prawa cz\u0142owieka i niez\u0142omn\u0105 postaw\u0119 w konfrontacji z przejawami odradzaj\u0105cych si\u0119 re\u017cim\u00f3w totalitarnych\u201d. W tym czasie dziennikarz przebywa\u0142 jeszcze w bia\u0142oruskiej kolonii karnej.<\/p>\n\n\n\n<p>Decyzja o przyznaniu orderu spotka\u0142a si\u0119 z d\u0142ugimi brawami zgromadzonych oraz samego prezydenta. W swoim wyst\u0105pieniu Poczobut zaznaczy\u0142, \u017ce nie postrzega siebie w kategoriach bohatera.<\/p>\n\n\n\n<ul class=\"wp-block-list\">\n<li>Nie czuj\u0119 si\u0119 bohaterem. Bohaterami dla mnie s\u0105 przede wszystkim \u017co\u0142nierze Armii Krajowej, osoby, o gloryfikacj\u0119 kt\u00f3rych zosta\u0142em oskar\u017cony &#8212; powiedzia\u0142 Andrzej Poczobut.<\/li>\n<\/ul>\n\n\n\n<p>W dalszej cz\u0119\u015bci wypowiedzi wymieni\u0142 m.in. mjr. Macieja Kalankiewicza ps. Kotwicz, mjr. Jana Piwnika ps. Ponury oraz ppor. Anatola Radziwonika ps. Olech, podkre\u015blaj\u0105c ich zas\u0142ugi w walce o niepodleg\u0142o\u015b\u0107.<\/p>\n\n\n\n<ul class=\"wp-block-list\">\n<li>To s\u0105 ludzie, kt\u00f3rzy do ostatnich chwil \u017cycia, bronili niepodleg\u0142o\u015bci i wolno\u015bci kraju, kt\u00f3rzy zgin\u0119li i do dzi\u015b pami\u0119\u0107 po nich jest szargana. Na tym tle jestem zwyk\u0142ym cz\u0142owiekiem, kt\u00f3ry \u017cyj\u0105c w nieprzyzwoitych czasach, pr\u00f3buje zachowa\u0107 si\u0119 przyzwoicie. Tylko tyle i a\u017c tyle &#8212; doda\u0142.<\/li>\n<\/ul>\n\n\n\n<p>Podczas tej samej uroczysto\u015bci Orderem Or\u0142a Bia\u0142ego uhonorowano tak\u017ce Agnieszk\u0119 Duczmal-Jaroszewsk\u0105, Lecha Majewskiego oraz Hann\u0119 \u0141ukowsk\u0105-Karniej.<\/p>\n\n\n\n<p>Prezydent RP @NawrockiKn w uznaniu znamienitych zas\u0142ug w dzia\u0142alno\u015bci na rzecz Polak\u00f3w na Bia\u0142orusi, w szczeg\u00f3lno\u015bci za walk\u0119 o prawa cz\u0142owieka i niez\u0142omn\u0105 postaw\u0119 w konfrontacji z przejawami odradzaj\u0105cych si\u0119 re\u017cim\u00f3w totalitarnych odznaczy\u0142 Andrzeja Poczobuta Orderem Or\u0142a\u2026<br><\/p>\n\n\n\n<p>Historia Orderu Or\u0142a Bia\u0142ego<br>Wyr\u00f3\u017cnienie, kt\u00f3re otrzyma\u0142 Andrzej Poczobut, ma szczeg\u00f3lny charakter &#8212; Order Or\u0142a Bia\u0142ego to najwy\u017csze odznaczenie pa\u0144stwowe w Polsce. Zosta\u0142 ustanowiony w 1705 roku przez kr\u00f3la Augusta II Mocnego, a nast\u0119pnie reaktywowany w 1921 roku po odzyskaniu przez Polsk\u0119 niepodleg\u0142o\u015bci.<\/p>\n\n\n\n<p>Order przyznawany jest za wybitne zas\u0142ugi zar\u00f3wno cywilne, jak i wojskowe, osi\u0105gni\u0119te w czasie pokoju lub wojny. Trafia do os\u00f3b szczeg\u00f3lnie zas\u0142u\u017conych dla pa\u0144stwa \u2013 wybitnych Polak\u00f3w, a tak\u017ce najwy\u017cszych rang\u0105 przedstawicieli innych pa\u0144stw, kt\u00f3rych dzia\u0142alno\u015b\u0107 ma znaczenie dla relacji mi\u0119dzynarodowych i dobra publicznego.<br><\/p>\n\n\n\n<p><\/p>\n","protected":false},"excerpt":{"rendered":"Podczas uroczysto\u015bci z okazji \u015awi\u0119ta Konstytucji 3 Maja na Zamku Kr\u00f3lewskim w Warszawie Andrzej Poczobut zosta\u0142 uhonorowany Orderem Or\u0142a Bia\u0142ego. Dziennikarz i dzia\u0142acz \n<a class=\"moretag\" href=\"https:\/\/daily24.pl.ua\/?p=35892\"> [...]<\/a>","protected":false},"author":1,"featured_media":35893,"comment_status":"open","ping_status":"open","sticky":false,"template":"","format":"standard","meta":{"footnotes":""},"categories":[1],"tags":[],"class_list":["post-35892","post","type-post","status-publish","format-standard","has-post-thumbnail","hentry","category-blog"],"_links":{"self":[{"href":"https:\/\/daily24.pl.ua\/index.php?rest_route=\/wp\/v2\/posts\/35892","targetHints":{"allow":["GET"]}}],"collection":[{"href":"https:\/\/daily24.pl.ua\/index.php?rest_route=\/wp\/v2\/posts"}],"about":[{"href":"https:\/\/daily24.pl.ua\/index.php?rest_route=\/wp\/v2\/types\/post"}],"author":[{"embeddable":true,"href":"https:\/\/daily24.pl.ua\/index.php?rest_route=\/wp\/v2\/users\/1"}],"replies":[{"embeddable":true,"href":"https:\/\/daily24.pl.ua\/index.php?rest_route=%2Fwp%2Fv2%2Fcomments&post=35892"}],"version-history":[{"count":1,"href":"https:\/\/daily24.pl.ua\/index.php?rest_route=\/wp\/v2\/posts\/35892\/revisions"}],"predecessor-version":[{"id":35894,"href":"https:\/\/daily24.pl.ua\/index.php?rest_route=\/wp\/v2\/posts\/35892\/revisions\/35894"}],"wp:featuredmedia":[{"embeddable":true,"href":"https:\/\/daily24.pl.ua\/index.php?rest_route=\/wp\/v2\/media\/35893"}],"wp:attachment":[{"href":"https:\/\/daily24.pl.ua\/index.php?rest_route=%2Fwp%2Fv2%2Fmedia&parent=35892"}],"wp:term":[{"taxonomy":"category","embeddable":true,"href":"https:\/\/daily24.pl.ua\/index.php?rest_route=%2Fwp%2Fv2%2Fcategories&post=35892"},{"taxonomy":"post_tag","embeddable":true,"href":"https:\/\/daily24.pl.ua\/index.php?rest_route=%2Fwp%2Fv2%2Ftags&post=35892"}],"curies":[{"name":"wp","href":"https:\/\/api.w.org\/{rel}","templated":true}]}}