{"id":35896,"date":"2026-05-03T14:12:55","date_gmt":"2026-05-03T14:12:55","guid":{"rendered":"https:\/\/daily24.pl.ua\/?p=35896"},"modified":"2026-05-03T14:12:55","modified_gmt":"2026-05-03T14:12:55","slug":"tragiczny-wypadek-w-lubelskiem-nie-zyje-28-letni-motocyklista","status":"publish","type":"post","link":"https:\/\/daily24.pl.ua\/?p=35896","title":{"rendered":"Tragiczny wypadek w Lubelskiem. Nie \u017cyje 28-letni motocyklista"},"content":{"rendered":"\n<p>W niedziel\u0119 3 maja oko\u0142o godziny 10.00 w miejscowo\u015bci Tuczna w powiecie bialskim dosz\u0142o do tragicznego wypadku drogowego. <\/p>\n\n\n\n<p>W zderzeniu samochodu osobowego marki Ford z motocyklem zgin\u0105\u0142 28-letni motocyklista. <\/p>\n\n\n\n<p>Policja przekaza\u0142a ju\u017c wst\u0119pne ustalenia dotycz\u0105ce okoliczno\u015bci zdarzenia, a spraw\u0119 bada prokurator.<\/p>\n\n\n\n<p>\u015amiertelny wypadek w Tucznej. Tragiczne zdarzenie w powiecie bialskim<br>Do dramatycznego zdarzenia dosz\u0142o w niedziel\u0119 3 maja przed po\u0142udniem w miejscowo\u015bci Tuczna, po\u0142o\u017conej w powiecie bialskim na Lubelszczy\u017anie. Informacja o powa\u017cnym wypadku bardzo szybko postawi\u0142a na nogi lokalne s\u0142u\u017cby ratunkowe oraz funkcjonariuszy policji, kt\u00f3rzy zostali skierowani na miejsce, by zabezpieczy\u0107 teren i rozpocz\u0105\u0107 pierwsze czynno\u015bci wyja\u015bniaj\u0105ce.<\/p>\n\n\n\n<p>Jak przekazali przedstawiciele Komendy Miejskiej Policji w Bia\u0142ej Podlaskiej, zg\u0142oszenie wp\u0142yn\u0119\u0142o oko\u0142o godziny 10.00.&nbsp;<\/p>\n\n\n\n<p>\u2013 Oko\u0142o godziny 10.00 w miejscowo\u015bci Tuczna dosz\u0142o do wypadku \u015bmiertelnego \u2013 przekazali przedstawiciele Komendy Miejskiej Policji w Bia\u0142ej Podlaskiej.<\/p>\n\n\n\n<p>Ju\u017c od pierwszych chwil by\u0142o jasne, \u017ce dosz\u0142o do niezwykle powa\u017cnego zdarzenia drogowego. Na miejscu pracowali ratownicy medyczni, stra\u017cacy oraz policjanci, kt\u00f3rzy zabezpieczyli obszar i rozpocz\u0119li ustalanie okoliczno\u015bci tego tragicznego wypadku. Ze wzgl\u0119du na charakter zdarzenia ruch w rejonie zosta\u0142 ca\u0142kowicie wstrzymany, a kierowcy musieli liczy\u0107 si\u0119 z utrudnieniami.<\/p>\n\n\n\n<p>Niedzielne przedpo\u0142udnie, kt\u00f3re dla wielu mieszka\u0144c\u00f3w regionu mia\u0142o by\u0107 spokojnym pocz\u0105tkiem dnia, dla uczestnik\u00f3w tego zdarzenia zako\u0144czy\u0142o si\u0119 dramatem. W wyniku zderzenia \u017cycie straci\u0142 28-letni motocyklista.<br><\/p>\n\n\n\n<iframe loading=\"lazy\" src=\"https:\/\/www.facebook.com\/plugins\/post.php?href=https%3A%2F%2Fwww.facebook.com%2FPolicjaBialska%2Fposts%2Fpfbid0prF8WDjEPqRQeeis9kwyT3u6J86dHadr5Yi5gMvnyBu45vSciZpVmBM6nY4ZS4uql&#038;show_text=true&#038;width=500\" width=\"500\" height=\"250\" style=\"border:none;overflow:hidden\" scrolling=\"no\" frameborder=\"0\" allowfullscreen=\"true\" allow=\"autoplay; clipboard-write; encrypted-media; picture-in-picture; web-share\"><\/iframe>\n\n\n\n<p>Policja ustali\u0142a wst\u0119pne przyczyny wypadku w Tucznej<br>Pierwsze ustalenia funkcjonariuszy pracuj\u0105cych na miejscu pozwoli\u0142y odtworzy\u0107 wst\u0119pny przebieg zdarzenia. Jak wynika z relacji mundurowych, w wypadku uczestniczy\u0142 samoch\u00f3d osobowy marki Ford oraz motocykl, kt\u00f3rym porusza\u0142 si\u0119 28-letni m\u0119\u017cczyzna.<\/p>\n\n\n\n<p>Wed\u0142ug informacji przekazanych przez bialsk\u0105 policj\u0119, do zderzenia mog\u0142o doj\u015b\u0107 w momencie wykonywania manewru skr\u0119tu.&nbsp;<\/p>\n\n\n\n<p>\u2013 Ze wst\u0119pnych ustale\u0144 policjant\u00f3w wynika, \u017ce 62-letnia kieruj\u0105ca samochodem marki Ford podczas skr\u0119cania w lewo nie ust\u0105pi\u0142a pierwsze\u0144stwa przejazdu motocykli\u015bcie \u2013 relacjonuje bialska policja.<\/p>\n\n\n\n<p>To w\u0142a\u015bnie ten manewr, wed\u0142ug dotychczasowych ustale\u0144, mia\u0142 doprowadzi\u0107 do tragicznego w skutkach zderzenia obu pojazd\u00f3w. Si\u0142a uderzenia by\u0142a na tyle du\u017ca, \u017ce motocyklista odni\u00f3s\u0142 bardzo powa\u017cne obra\u017cenia. Pomimo podj\u0119tych dzia\u0142a\u0144 ratunkowych nie uda\u0142o si\u0119 uratowa\u0107 jego \u017cycia.<br><\/p>\n\n\n\n<p>Prokurator bada okoliczno\u015bci \u015bmierci motocyklisty w Tucznej<br>Sprawa jest obecnie szczeg\u00f3\u0142owo analizowana przez \u015bledczych. Na miejscu od samego pocz\u0105tku dzia\u0142ania prowadzili policjanci pod nadzorem prokuratora, kt\u00f3rzy zabezpieczali \u015blady i dokumentowali przebieg zdarzenia.<\/p>\n\n\n\n<p>\u2013 Na miejscu pracuj\u0105 policjanci pod nadzorem prokuratora, kt\u00f3rzy prowadz\u0105 czynno\u015bci maj\u0105ce na celu wyja\u015bnienie dok\u0142adnych okoliczno\u015bci zdarzenia \u2013 informuj\u0105 pracuj\u0105cy na miejscu mundurowi.<\/p>\n\n\n\n<p>\u015aledztwo ma odpowiedzie\u0107 na wszystkie pytania dotycz\u0105ce przebiegu wypadku i pozwoli\u0107 precyzyjnie ustali\u0107, co dok\u0142adnie wydarzy\u0142o si\u0119 na drodze w Tucznej. Analizowane b\u0119d\u0105 mi\u0119dzy innymi \u015blady pozostawione na jezdni, uszkodzenia obu pojazd\u00f3w, a tak\u017ce relacje \u015bwiadk\u00f3w.<\/p>\n\n\n\n<p>Policjanci po raz kolejny przypominaj\u0105, \u017ce bezpiecze\u0144stwo na drodze zale\u017cy od koncentracji i rozwagi ka\u017cdego uczestnika ruchu.&nbsp;<\/p>\n\n\n\n<p>\u2013 Apelujemy do wszystkich uczestnik\u00f3w ruchu drogowego o zachowanie ostro\u017cno\u015bci \u2013 podkre\u015blaj\u0105 funkcjonariusze.<\/p>\n\n\n\n<p>Ta tragedia jest kolejnym bolesnym przypomnieniem, \u017ce nawet rutynowa jazda mo\u017ce w jednej chwili zamieni\u0107 si\u0119 w dramatyczne wydarzenie. \u015aledczy w najbli\u017cszym czasie b\u0119d\u0105 kontynuowa\u0107 czynno\u015bci, kt\u00f3re pozwol\u0105 dok\u0142adnie odtworzy\u0107 przebieg niedzielnego wypadku.<\/p>\n\n\n\n<p><\/p>\n\n\n\n<p><\/p>\n\n\n\n<p><\/p>\n","protected":false},"excerpt":{"rendered":"W niedziel\u0119 3 maja oko\u0142o godziny 10.00 w miejscowo\u015bci Tuczna w powiecie bialskim dosz\u0142o do tragicznego wypadku drogowego. W zderzeniu samochodu osobowego marki \n<a class=\"moretag\" href=\"https:\/\/daily24.pl.ua\/?p=35896\"> [...]<\/a>","protected":false},"author":1,"featured_media":35897,"comment_status":"open","ping_status":"open","sticky":false,"template":"","format":"standard","meta":{"footnotes":""},"categories":[1],"tags":[],"class_list":["post-35896","post","type-post","status-publish","format-standard","has-post-thumbnail","hentry","category-blog"],"_links":{"self":[{"href":"https:\/\/daily24.pl.ua\/index.php?rest_route=\/wp\/v2\/posts\/35896","targetHints":{"allow":["GET"]}}],"collection":[{"href":"https:\/\/daily24.pl.ua\/index.php?rest_route=\/wp\/v2\/posts"}],"about":[{"href":"https:\/\/daily24.pl.ua\/index.php?rest_route=\/wp\/v2\/types\/post"}],"author":[{"embeddable":true,"href":"https:\/\/daily24.pl.ua\/index.php?rest_route=\/wp\/v2\/users\/1"}],"replies":[{"embeddable":true,"href":"https:\/\/daily24.pl.ua\/index.php?rest_route=%2Fwp%2Fv2%2Fcomments&post=35896"}],"version-history":[{"count":1,"href":"https:\/\/daily24.pl.ua\/index.php?rest_route=\/wp\/v2\/posts\/35896\/revisions"}],"predecessor-version":[{"id":35898,"href":"https:\/\/daily24.pl.ua\/index.php?rest_route=\/wp\/v2\/posts\/35896\/revisions\/35898"}],"wp:featuredmedia":[{"embeddable":true,"href":"https:\/\/daily24.pl.ua\/index.php?rest_route=\/wp\/v2\/media\/35897"}],"wp:attachment":[{"href":"https:\/\/daily24.pl.ua\/index.php?rest_route=%2Fwp%2Fv2%2Fmedia&parent=35896"}],"wp:term":[{"taxonomy":"category","embeddable":true,"href":"https:\/\/daily24.pl.ua\/index.php?rest_route=%2Fwp%2Fv2%2Fcategories&post=35896"},{"taxonomy":"post_tag","embeddable":true,"href":"https:\/\/daily24.pl.ua\/index.php?rest_route=%2Fwp%2Fv2%2Ftags&post=35896"}],"curies":[{"name":"wp","href":"https:\/\/api.w.org\/{rel}","templated":true}]}}