{"id":81,"date":"2024-10-05T20:06:36","date_gmt":"2024-10-05T20:06:36","guid":{"rendered":"https:\/\/daily24.pl.ua\/?p=81"},"modified":"2024-10-05T20:06:36","modified_gmt":"2024-10-05T20:06:36","slug":"szczesny-na-treningu-barcelony-tego-widoku-sie-nie-spodziewalismy","status":"publish","type":"post","link":"https:\/\/daily24.pl.ua\/?p=81","title":{"rendered":"Szcz\u0119sny na treningu Barcelony. Tego widoku si\u0119 nie spodziewali\u015bmy!"},"content":{"rendered":"\n<p><a href=\"https:\/\/www.fakt.pl\/autorzy\/piotr-wojcik\"><\/a><\/p>\n\n\n\n<p>Wojciech Szcz\u0119sny po przej\u015bciu na pi\u0142karsk\u0105 emerytur\u0119 postanowi\u0142 po\u015bwi\u0119ci\u0107 si\u0119 rodzinie.<\/p>\n\n\n\n<p> Z dnia na dzie\u0144 sportowa dieta presta\u0142a si\u0119 liczy\u0107.<\/p>\n\n\n\n<p> Po tym jak nasz rodak podpisa\u0142 w tym tygodniu kontrakt z Barcelon\u0105 by\u0142y zatem obawy o form\u0119 i sylwetk\u0119 naszego bramkarza. <\/p>\n\n\n\n<p>Dzisiaj w ko\u0144cu zobaczyli\u015bmy Polaka podczas treningu i by\u0142y to bardzo obiecuj\u0105ce obrazki. Wygl\u0105da na to, \u017ce by\u0142y golkiper naszej dru\u017cyny narodowej nic nie straci\u0142 ze swojej pi\u0142karskiej klasy!<\/p>\n\n\n\n<p>Szcz\u0119sny na treningu Barcelony. Tego widoku si\u0119 nie spodziewali\u015bmy! [WIDEO]<br>Piotr W\u00f3jcik<\/p>\n\n\n\n<p>Piotr W\u00f3jcik<br>Redaktor Sport<\/p>\n\n\n\n<p>Data utworzenia: 4 pa\u017adziernika 2024, 19:33.<br>Udost\u0119pnij<br>Wojciech Szcz\u0119sny po przej\u015bciu na pi\u0142karsk\u0105 emerytur\u0119 postanowi\u0142 po\u015bwi\u0119ci\u0107 si\u0119 rodzinie. Z dnia na dzie\u0144 sportowa dieta presta\u0142a si\u0119 liczy\u0107. Po tym jak nasz rodak podpisa\u0142 w tym tygodniu kontrakt z Barcelon\u0105 by\u0142y zatem obawy o form\u0119 i sylwetk\u0119 naszego bramkarza. Dzisiaj w ko\u0144cu zobaczyli\u015bmy Polaka podczas treningu i by\u0142y to bardzo obiecuj\u0105ce obrazki. Wygl\u0105da na to, \u017ce by\u0142y golkiper naszej dru\u017cyny narodowej nic nie straci\u0142 ze swojej pi\u0142karskiej klasy!<\/p>\n\n\n\n<p>Wojciech Szcz\u0119sny trenuje z ca\u0142ym zespo\u0142em Barcelony. 5<br>Zobacz zdj\u0119cia<br>Wojciech Szcz\u0119sny trenuje z ca\u0142ym zespo\u0142em Barcelony. Foto: Wojciech Szcz\u0119sny \/ Instagram<br>Gracze Barcelony wr\u00f3cili w pi\u0105tek na boisko treningowe, aby przygotowa\u0107 si\u0119 do zbli\u017caj\u0105cego si\u0119 meczu z Deportivo Alaves. Na boisko treningowe w towarzystwie Roberta Lewandowskiego wyszed\u0142 tak\u017ce Wojciech Szcz\u0119sny.<\/p>\n\n\n\n<p>&#171;Klub poprosi\u0142 mnie o pomoc, a ja to zrobi\u0119&#187;<br>Polski bramkarz zosta\u0142 oficjalnie og\u0142oszony nowym zawodnikiem Barcy w \u015brod\u0119 (podpisa\u0142 kontrakt na jeden sezon). Nasz rodak mia\u0142by za kilka tygodni zast\u0105pi w ekipie wicemistrz\u00f3w Hiszpanii Marca-Andre ter Stegena, kt\u00f3ry przeszed\u0142 operacj\u0119 po zerwaniu \u015bci\u0119gna rzepki w prawym kolanie. Mia\u0142by, ale tu nic nie jest pewne. Zreszt\u0105 sam Szcz\u0119sny doskonale sobie z tego zdaje spraw\u0119.<\/p>\n\n\n\n<p>\u2014 Nie mam gwarancji co do miejsca w bramce Barcelony. W pi\u0142ce no\u017cnej nie ma takich gwarancji. Jestem tu, aby rywalizowa\u0107. Je\u015bli przegram konkurencj\u0119, a Inaki Pena b\u0119dzie dobrze gra\u0142 w tym sezonie, to nie b\u0119d\u0119 smutny. Klub poprosi\u0142 mnie o pomoc, a ja to zrobi\u0119 \u2014 m\u00f3wi\u0142 kilka dni temu Wojciech Szcz\u0119sny, cytowany przez Fabrizio Romano.<\/p>\n\n\n\n<p>Teraz nowy bramkarz Barcelony rozpocz\u0105\u0142 swoje treningi w o\u015brodku Ciutat Esportiva Joan Gamper, gdzie mia\u0142 okazj\u0119 pracowa\u0107 z reszt\u0105 dru\u017cyny. Na zaj\u0119cia wyszed\u0142 w dobrze znanym mu towarzystwie, czyli razem z Robertem Lewandowskim. Nasi rodacy przez chwil\u0119 porozmawiali z trenerem Hansim Flickiem i zaraz potem rzucili si\u0119 w wir pracy.<\/p>\n\n\n\n<p>Szokuj\u0105ce kulisy rozstania \u015awi\u0105tek z Wiktorowskim. Znany trener nie gryzie si\u0119 w j\u0119zyk<\/p>\n\n\n\n<p>Wojciech Szcz\u0119sny po emeryturze daje rad\u0119? To trzeba zobaczy\u0107!<br>Jak wygl\u0105da\u0142 Szcz\u0119sny podczas zaj\u0119\u0107? Bardzo dobrze! W og\u00f3le nie by\u0142o wida\u0107 po nim d\u0142u\u017cszej przerwy. Nasz rodak popisywa\u0142 si\u0119 sztuczkami pi\u0142karskimi, a potem stan\u0105\u0142 w bramce i broni\u0142 strza\u0142y z r\u00f3\u017cnych miejsc pola karnego. Mo\u017cna by\u0142o by\u0107 pod wra\u017ceniem pewnego chwytu polskiego golkipera. Wida\u0107, \u017ce pewnych rzeczy tak \u0142atwo si\u0119 nie zapomina.<\/p>\n\n\n\n<p>A co z sylwetk\u0105 naszego bramkarza? Wygl\u0105da\u0142 na emeryta? Nic z tych rzeczy! Zero boczk\u00f3w, szczup\u0142y jak zawsze! Wszystko wida\u0107 na filmikach, kt\u00f3re Barcelona opublikowa\u0142a w mediach spo\u0142eczno\u015bciowych.<\/p>\n\n\n\n<blockquote class=\"twitter-tweet\" data-media-max-width=\"560\"><p lang=\"\" dir=\"ltr\"> Welcome, Szcz\u0119sny! <a href=\"https:\/\/t.co\/Iu3tmlKp7z\">pic.twitter.com\/Iu3tmlKp7z<\/a><\/p>&mdash; FC Barcelona (@FCBarcelona) <a href=\"https:\/\/twitter.com\/FCBarcelona\/status\/1842164219132723696?ref_src=twsrc%5Etfw\">October 4, 2024<\/a><\/blockquote> <script async src=\"https:\/\/platform.twitter.com\/widgets.js\" charset=\"utf-8\"><\/script>\n\n\n\n<blockquote class=\"twitter-tweet\" data-media-max-width=\"560\"><p lang=\"\" dir=\"ltr\">The very best of Wojciech Szcz\u0119sny&#39;s training session <a href=\"https:\/\/t.co\/ePwFPxaiEV\">pic.twitter.com\/ePwFPxaiEV<\/a><\/p>&mdash; FC Barcelona (@FCBarcelona) <a href=\"https:\/\/twitter.com\/FCBarcelona\/status\/1842210865778397582?ref_src=twsrc%5Etfw\">October 4, 2024<\/a><\/blockquote> <script async src=\"https:\/\/platform.twitter.com\/widgets.js\" charset=\"utf-8\"><\/script>\n\n\n\n<p>Dodajmy jeszcze, \u017ce celem sztabu szkoleniowego Blaugrany jest przygotowanie Szcz\u0119snego na mecz z Sevill\u0105, kt\u00f3ry odb\u0119dzie si\u0119 20 pa\u017adziernika.<\/p>\n\n\n\n<p>Dobr\u0105 wiadomo\u015bci\u0105 dla kibic\u00f3w Barcelony jest tak\u017ce powr\u00f3t Gaviego do trening\u00f3w. Andaluzyjski pomocnik, kt\u00f3ry wcze\u015bniej \u0107wiczy\u0142 na si\u0142owni w ramach sesji regeneracyjnych, teraz tak\u017ce pracowa\u0142 z ca\u0142ym zespo\u0142em. To sygna\u0142, \u017ce jego powr\u00f3t na boisko jest bliski, co z pewno\u015bci\u0105 wzmocni dru\u017cyn\u0119 w nadchodz\u0105cych spotkaniach.<\/p>\n\n\n\n<figure class=\"wp-block-image\" id=\"slide-1\"><img decoding=\"async\" src=\"https:\/\/ocdn.eu\/pulscms-transforms\/1\/CAVk9kuTURBXy8yZDAxYmJkZS0zOGNiLTRiZjUtOTRkMi01NGYxMzI5ZGZiMTguanBlZ5GTAs0DSM0B2N4AAqEwAaExAQ\" alt=\"\"\/><\/figure>\n\n\n\n<p>Polak zabra\u0142 si\u0119 do ci\u0119\u017ckiej, pi\u0142karskiej roboty.<\/p>\n\n\n\n<figure class=\"wp-block-image\" id=\"slide-2\"><img decoding=\"async\" src=\"https:\/\/ocdn.eu\/pulscms-transforms\/1\/GBQk9kuTURBXy9hMWRlY2IwMS1lNTUxLTQ3MTgtYTFjOC0wYzQ5MTIwMTE3MzMuanBlZ5GTAs0DSM0Fxd4AAqEwAaExAQ\" alt=\"\"\/><\/figure>\n\n\n\n<p>Na boisko wyszed\u0142 w towarzystwie Lewandowskiego.<\/p>\n\n\n\n<figure class=\"wp-block-image\" id=\"slide-3\"><img decoding=\"async\" src=\"https:\/\/ocdn.eu\/pulscms-transforms\/1\/sPqk9kuTURBXy84ZjBhYWUyOC1iMGJlLTRhZWQtYTZjZi1jMjlkMTM1N2I2OTMuanBlZ5GTAs0DSM0EId4AAqEwAaExAQ\" alt=\"\"\/><\/figure>\n\n\n\n<p>Popisywa\u0142 si\u0119 sztuczkami pi\u0142karskimi.<\/p>\n\n\n\n<figure class=\"wp-block-image\" id=\"slide-4\"><img decoding=\"async\" src=\"https:\/\/ocdn.eu\/pulscms-transforms\/1\/pkLk9kuTURBXy81MGYxYmZlNy0xOTIxLTRjMDUtOTc5MS0xOGVkMDQwNjIwZDUuanBlZ5GTAs0DSM0B8t4AAqEwAaExAQ\" alt=\"\"\/><\/figure>\n\n\n\n<p>A potem wkroczy\u0142 do bramki i broni\u0142 kolejne strza\u0142y.<\/p>\n\n\n\n<figure class=\"wp-block-image\" id=\"slide-5\"><img decoding=\"async\" src=\"https:\/\/ocdn.eu\/pulscms-transforms\/1\/e2bk9kuTURBXy82Y2U0Y2JkNS0yZWE5LTQyOGEtODZlNi1mNmY1OTdiMDM2NDYuanBlZ5GTAs0DSM0EGt4AAqEwAaExAQ\" alt=\"\"\/><\/figure>\n\n\n\n<p>Nasz rodak b\u0119dzie mia\u0142 pe\u0142ne r\u0119kawice roboty.<\/p>\n","protected":false},"excerpt":{"rendered":"Wojciech Szcz\u0119sny po przej\u015bciu na pi\u0142karsk\u0105 emerytur\u0119 postanowi\u0142 po\u015bwi\u0119ci\u0107 si\u0119 rodzinie. Z dnia na dzie\u0144 sportowa dieta presta\u0142a si\u0119 liczy\u0107. Po tym jak \n<a class=\"moretag\" href=\"https:\/\/daily24.pl.ua\/?p=81\"> [...]<\/a>","protected":false},"author":1,"featured_media":83,"comment_status":"open","ping_status":"open","sticky":false,"template":"","format":"standard","meta":{"footnotes":""},"categories":[1],"tags":[],"class_list":["post-81","post","type-post","status-publish","format-standard","has-post-thumbnail","hentry","category-blog"],"_links":{"self":[{"href":"https:\/\/daily24.pl.ua\/index.php?rest_route=\/wp\/v2\/posts\/81","targetHints":{"allow":["GET"]}}],"collection":[{"href":"https:\/\/daily24.pl.ua\/index.php?rest_route=\/wp\/v2\/posts"}],"about":[{"href":"https:\/\/daily24.pl.ua\/index.php?rest_route=\/wp\/v2\/types\/post"}],"author":[{"embeddable":true,"href":"https:\/\/daily24.pl.ua\/index.php?rest_route=\/wp\/v2\/users\/1"}],"replies":[{"embeddable":true,"href":"https:\/\/daily24.pl.ua\/index.php?rest_route=%2Fwp%2Fv2%2Fcomments&post=81"}],"version-history":[{"count":1,"href":"https:\/\/daily24.pl.ua\/index.php?rest_route=\/wp\/v2\/posts\/81\/revisions"}],"predecessor-version":[{"id":84,"href":"https:\/\/daily24.pl.ua\/index.php?rest_route=\/wp\/v2\/posts\/81\/revisions\/84"}],"wp:featuredmedia":[{"embeddable":true,"href":"https:\/\/daily24.pl.ua\/index.php?rest_route=\/wp\/v2\/media\/83"}],"wp:attachment":[{"href":"https:\/\/daily24.pl.ua\/index.php?rest_route=%2Fwp%2Fv2%2Fmedia&parent=81"}],"wp:term":[{"taxonomy":"category","embeddable":true,"href":"https:\/\/daily24.pl.ua\/index.php?rest_route=%2Fwp%2Fv2%2Fcategories&post=81"},{"taxonomy":"post_tag","embeddable":true,"href":"https:\/\/daily24.pl.ua\/index.php?rest_route=%2Fwp%2Fv2%2Ftags&post=81"}],"curies":[{"name":"wp","href":"https:\/\/api.w.org\/{rel}","templated":true}]}}